{"id":5002,"date":"2018-01-07T12:46:00","date_gmt":"2018-01-07T11:46:00","guid":{"rendered":"https:\/\/tipi.beetrip.pro\/des-reves-plein-la-tete\/"},"modified":"2024-06-24T16:47:57","modified_gmt":"2024-06-24T14:47:57","slug":"la-testa-piena-di-sogni","status":"publish","type":"post","link":"https:\/\/lookingforcharly.com\/it\/la-testa-piena-di-sogni\/","title":{"rendered":"La testa piena di sogni"},"content":{"rendered":"\t\t<div data-elementor-type=\"wp-post\" data-elementor-id=\"5002\" class=\"elementor elementor-5002 elementor-3202\" data-elementor-post-type=\"post\">\n\t\t\t\t<div class=\"elementor-element elementor-element-2850888b e-flex e-con-boxed e-con e-parent\" data-id=\"2850888b\" data-element_type=\"container\" data-e-type=\"container\" data-settings=\"{&quot;background_background&quot;:&quot;classic&quot;}\">\n\t\t\t\t\t<div class=\"e-con-inner\">\n\t\t\t\t<div class=\"elementor-element elementor-element-299719b3 elementor-invisible elementor-widget elementor-widget-heading\" data-id=\"299719b3\" data-element_type=\"widget\" data-e-type=\"widget\" data-settings=\"{&quot;_animation&quot;:&quot;fadeIn&quot;}\" data-widget_type=\"heading.default\">\n\t\t\t\t<div class=\"elementor-widget-container\">\n\t\t\t\t\t<h1 class=\"elementor-heading-title elementor-size-default\">La testa piena di sogni<\/h1>\t\t\t\t<\/div>\n\t\t\t\t<\/div>\n\t\t\t\t<div class=\"elementor-element elementor-element-19d877a elementor-widget elementor-widget-post-info\" data-id=\"19d877a\" data-element_type=\"widget\" data-e-type=\"widget\" data-widget_type=\"post-info.default\">\n\t\t\t\t<div class=\"elementor-widget-container\">\n\t\t\t\t\t\t\t<ul class=\"elementor-inline-items elementor-icon-list-items elementor-post-info\">\n\t\t\t\t\t\t\t\t<li class=\"elementor-icon-list-item elementor-repeater-item-e7fd4d6 elementor-inline-item\" itemprop=\"about\">\n\t\t\t\t\t\t\t\t\t\t\t\t\t<span class=\"elementor-icon-list-text elementor-post-info__item elementor-post-info__item--type-terms\">\n\t\t\t\t\t\t\t\t\t\t<span class=\"elementor-post-info__terms-list\">\n\t\t\t\t<a href=\"https:\/\/lookingforcharly.com\/it\/mondo\/\" class=\"elementor-post-info__terms-list-item\">Mondo<\/a>\t\t\t\t<\/span>\n\t\t\t\t\t<\/span>\n\t\t\t\t\t\t\t\t<\/li>\n\t\t\t\t<li class=\"elementor-icon-list-item elementor-repeater-item-932e776 elementor-inline-item\" itemprop=\"datePublished\">\n\t\t\t\t\t\t\t\t\t\t\t\t\t<span class=\"elementor-icon-list-text elementor-post-info__item elementor-post-info__item--type-date\">\n\t\t\t\t\t\t\t<span class=\"elementor-post-info__item-prefix\">le<\/span>\n\t\t\t\t\t\t\t\t\t\t<time>7 January 2018<\/time>\t\t\t\t\t<\/span>\n\t\t\t\t\t\t\t\t<\/li>\n\t\t\t\t<\/ul>\n\t\t\t\t\t\t<\/div>\n\t\t\t\t<\/div>\n\t\t\t\t\t<\/div>\n\t\t\t\t<\/div>\n\t\t<div class=\"elementor-element elementor-element-9cc6b78 e-flex e-con-boxed e-con e-parent\" data-id=\"9cc6b78\" data-element_type=\"container\" data-e-type=\"container\">\n\t\t\t\t\t<div class=\"e-con-inner\">\n\t\t\t\t<div class=\"elementor-element elementor-element-e13ea5b elementor-widget elementor-widget-text-editor\" data-id=\"e13ea5b\" data-element_type=\"widget\" data-e-type=\"widget\" data-widget_type=\"text-editor.default\">\n\t\t\t\t<div class=\"elementor-widget-container\">\n\t\t\t\t\t\t\t\t\t<h4 style=\"text-align: center;\"><span style=\"color: #bfa800;\"><strong>&#8211; Zoom sui sogni che potrebbero essere i vostri &#8211;<\/strong><\/span>\u00a0<\/h4><h5 style=\"text-align: center;\"><em>Secondo Freud, i sogni che facciamo e che rivelano la persona che siamo \u2013 sono il riflesso delle nostre paure, i nostri desideri, la nostra unicit\u00e0 e le nostre perversioni. <\/em><\/h5><h5 style=\"text-align: center;\"><em>Da Looking For Charly, \u00e8 fondamentale conoscerli in quanto sono l\u2019essenza stessa del vostro viaggio !<\/em><\/h5><h5 style=\"text-align: center;\"><em> Tanto vale dirvi che il viaggio eccezionale pu\u00f2 proporsi sotto forme diverse e potreste preferirne alcune piuttosto che altre.<\/em><\/h5><h5 style=\"text-align: center;\"><em>Allora, condividete con noi i vostri sogni e scoprite dove vi portiamo<\/em><\/h5>\t\t\t\t\t\t\t\t<\/div>\n\t\t\t\t<\/div>\n\t\t\t\t<div class=\"elementor-element elementor-element-d8b1f8d elementor-widget elementor-widget-image\" data-id=\"d8b1f8d\" data-element_type=\"widget\" data-e-type=\"widget\" data-widget_type=\"image.default\">\n\t\t\t\t<div class=\"elementor-widget-container\">\n\t\t\t\t\t\t\t\t\t\t\t\t\t\t\t\t<a href=\"http:\/\/lookingforcharly.com\/wp-content\/uploads\/2018\/01\/Des-reves-plein-la-tete-12.jpg\" data-elementor-open-lightbox=\"yes\" data-elementor-lightbox-title=\"Des r\u00eaves plein la t\u00eate 12\" data-e-action-hash=\"#elementor-action%3Aaction%3Dlightbox%26settings%3DeyJpZCI6NDk4OCwidXJsIjoiaHR0cHM6XC9cL2xvb2tpbmdmb3JjaGFybHkuY29tXC93cC1jb250ZW50XC91cGxvYWRzXC8yMDE4XC8wMVwvRGVzLXJldmVzLXBsZWluLWxhLXRldGUtMTIuanBnIn0%3D\">\n\t\t\t\t\t\t\t<img fetchpriority=\"high\" decoding=\"async\" width=\"1920\" height=\"1280\" src=\"https:\/\/lookingforcharly.com\/wp-content\/uploads\/2018\/01\/Des-reves-plein-la-tete-12.jpg\" class=\"attachment-full size-full wp-image-4988\" alt=\"\" srcset=\"https:\/\/lookingforcharly.com\/wp-content\/uploads\/2018\/01\/Des-reves-plein-la-tete-12.jpg 1920w, https:\/\/lookingforcharly.com\/wp-content\/uploads\/2018\/01\/Des-reves-plein-la-tete-12-300x200.jpg 300w, https:\/\/lookingforcharly.com\/wp-content\/uploads\/2018\/01\/Des-reves-plein-la-tete-12-1024x683.jpg 1024w, https:\/\/lookingforcharly.com\/wp-content\/uploads\/2018\/01\/Des-reves-plein-la-tete-12-768x512.jpg 768w, https:\/\/lookingforcharly.com\/wp-content\/uploads\/2018\/01\/Des-reves-plein-la-tete-12-1536x1024.jpg 1536w\" sizes=\"(max-width: 1920px) 100vw, 1920px\" \/>\t\t\t\t\t\t\t\t<\/a>\n\t\t\t\t\t\t\t\t\t\t\t\t\t\t\t<\/div>\n\t\t\t\t<\/div>\n\t\t\t\t<div class=\"elementor-element elementor-element-c7da0ed elementor-widget elementor-widget-heading\" data-id=\"c7da0ed\" data-element_type=\"widget\" data-e-type=\"widget\" data-widget_type=\"heading.default\">\n\t\t\t\t<div class=\"elementor-widget-container\">\n\t\t\t\t\t<h3 class=\"elementor-heading-title elementor-size-default\"> - R\u00caVE DE SENSATIONS - Et  d\u2019aventure de luxe <\/h3>\t\t\t\t<\/div>\n\t\t\t\t<\/div>\n\t\t\t\t<div class=\"elementor-element elementor-element-57eba73 elementor-widget elementor-widget-heading\" data-id=\"57eba73\" data-element_type=\"widget\" data-e-type=\"widget\" data-widget_type=\"heading.default\">\n\t\t\t\t<div class=\"elementor-widget-container\">\n\t\t\t\t\t<h3 class=\"elementor-heading-title elementor-size-default\">SOGNO DI SENSAZIONI \u2013 e di avventura di lusso<\/h3>\t\t\t\t<\/div>\n\t\t\t\t<\/div>\n\t\t\t\t<div class=\"elementor-element elementor-element-96dab2e elementor-widget elementor-widget-text-editor\" data-id=\"96dab2e\" data-element_type=\"widget\" data-e-type=\"widget\" data-widget_type=\"text-editor.default\">\n\t\t\t\t<div class=\"elementor-widget-container\">\n\t\t\t\t\t\t\t\t\t<h5 style=\"text-align: center;\"><span data-offset-key=\"c5s9e-0-0\">Santuario dei Santuari, in prima fila, nella natura selvaggia.<\/span><\/h5>\t\t\t\t\t\t\t\t<\/div>\n\t\t\t\t<\/div>\n\t\t\t\t<div class=\"elementor-element elementor-element-d77fa70 elementor-widget elementor-widget-heading\" data-id=\"d77fa70\" data-element_type=\"widget\" data-e-type=\"widget\" data-widget_type=\"heading.default\">\n\t\t\t\t<div class=\"elementor-widget-container\">\n\t\t\t\t\t<h3 class=\"elementor-heading-title elementor-size-default\">\u2013 IL BOTSWANA \u2013<\/h3>\t\t\t\t<\/div>\n\t\t\t\t<\/div>\n\t\t\t\t<div class=\"elementor-element elementor-element-63d501f elementor-widget elementor-widget-image\" data-id=\"63d501f\" data-element_type=\"widget\" data-e-type=\"widget\" data-widget_type=\"image.default\">\n\t\t\t\t<div class=\"elementor-widget-container\">\n\t\t\t\t\t\t\t\t\t\t\t\t\t\t\t\t<a href=\"http:\/\/lookingforcharly.com\/wp-content\/uploads\/2018\/01\/Des-reves-plein-la-tete-10.jpg\" data-elementor-open-lightbox=\"yes\" data-elementor-lightbox-title=\"Des-reves-plein-la-tete-10\" data-e-action-hash=\"#elementor-action%3Aaction%3Dlightbox%26settings%3DeyJpZCI6MzIwNywidXJsIjoiaHR0cHM6XC9cL2xvb2tpbmdmb3JjaGFybHkuY29tXC93cC1jb250ZW50XC91cGxvYWRzXC8yMDE4XC8wMVwvRGVzLXJldmVzLXBsZWluLWxhLXRldGUtMTAuanBnIn0%3D\">\n\t\t\t\t\t\t\t<img decoding=\"async\" width=\"796\" height=\"460\" src=\"https:\/\/lookingforcharly.com\/wp-content\/uploads\/2018\/01\/Des-reves-plein-la-tete-10.jpg\" class=\"attachment-full size-full wp-image-3207\" alt=\"\" srcset=\"https:\/\/lookingforcharly.com\/wp-content\/uploads\/2018\/01\/Des-reves-plein-la-tete-10.jpg 796w, https:\/\/lookingforcharly.com\/wp-content\/uploads\/2018\/01\/Des-reves-plein-la-tete-10-300x173.jpg 300w, https:\/\/lookingforcharly.com\/wp-content\/uploads\/2018\/01\/Des-reves-plein-la-tete-10-768x444.jpg 768w\" sizes=\"(max-width: 796px) 100vw, 796px\" \/>\t\t\t\t\t\t\t\t<\/a>\n\t\t\t\t\t\t\t\t\t\t\t\t\t\t\t<\/div>\n\t\t\t\t<\/div>\n\t\t\t\t<div class=\"elementor-element elementor-element-c695db4 elementor-widget elementor-widget-text-editor\" data-id=\"c695db4\" data-element_type=\"widget\" data-e-type=\"widget\" data-widget_type=\"text-editor.default\">\n\t\t\t\t<div class=\"elementor-widget-container\">\n\t\t\t\t\t\t\t\t\t<p style=\"text-align: justify;\">Immaginatevi\u2026.una <span style=\"color: #bfa800;\"><strong>terra fatta di contrasti<\/strong><\/span>, tra zone deserte e paesaggi accerchiati da riflessi acquatici. Luogo di vita di<span style=\"color: #bfa800;\"><strong> una fauna prodigiosamente varia<\/strong><\/span>. In questo santuario australe unico, <span style=\"color: #bfa800;\"><strong>paradiso del safari<\/strong><\/span>, si assapora il lusso delle logge installate nel cuore di una natura rimasta allo stato puro. Qui, di giorno come di notte, con un fuoristrada, a piedi, in mokoro, a cavallo o ancora sul dorso di un elefante, \u00e8 il <span style=\"color: #bfa800;\"><strong>Big Five !<\/strong><\/span><\/p><p style=\"text-align: justify;\"><strong>Periodo migliore :<\/strong> tra maggio e settembre<\/p><p style=\"text-align: justify;\"><strong>Indirizzo \u201cOut of Africa\u201d : <span style=\"color: #bfa800;\">CAMPO ABU<\/span><\/strong> \u2013 Sei tende sopraelevate su un ponte di legno esotico, si aprono sull\u2019immensit\u00e0 selvaggia dell\u2019Okavango. Oasi di pace, di raffinatezza e di lusso, ci si sperimenta nel safari in tutte le sue forme vivendo un\u2019interazione unica, semplicemente indimenticabile, con l\u2019elefante.<\/p>\t\t\t\t\t\t\t\t<\/div>\n\t\t\t\t<\/div>\n\t\t\t\t<div class=\"elementor-element elementor-element-c9e1722 elementor-widget elementor-widget-image\" data-id=\"c9e1722\" data-element_type=\"widget\" data-e-type=\"widget\" data-widget_type=\"image.default\">\n\t\t\t\t<div class=\"elementor-widget-container\">\n\t\t\t\t\t\t\t\t\t\t\t\t\t\t\t\t<a href=\"http:\/\/lookingforcharly.com\/wp-content\/uploads\/2018\/01\/Des-reves-plein-la-tete-9.jpg\" data-elementor-open-lightbox=\"yes\" data-elementor-lightbox-title=\"Des-reves-plein-la-tete-9\" data-e-action-hash=\"#elementor-action%3Aaction%3Dlightbox%26settings%3DeyJpZCI6MzIxMCwidXJsIjoiaHR0cHM6XC9cL2xvb2tpbmdmb3JjaGFybHkuY29tXC93cC1jb250ZW50XC91cGxvYWRzXC8yMDE4XC8wMVwvRGVzLXJldmVzLXBsZWluLWxhLXRldGUtOS5qcGcifQ%3D%3D\">\n\t\t\t\t\t\t\t<img decoding=\"async\" width=\"796\" height=\"387\" src=\"https:\/\/lookingforcharly.com\/wp-content\/uploads\/2018\/01\/Des-reves-plein-la-tete-9.jpg\" class=\"attachment-full size-full wp-image-3210\" alt=\"\" srcset=\"https:\/\/lookingforcharly.com\/wp-content\/uploads\/2018\/01\/Des-reves-plein-la-tete-9.jpg 796w, https:\/\/lookingforcharly.com\/wp-content\/uploads\/2018\/01\/Des-reves-plein-la-tete-9-300x146.jpg 300w, https:\/\/lookingforcharly.com\/wp-content\/uploads\/2018\/01\/Des-reves-plein-la-tete-9-768x373.jpg 768w\" sizes=\"(max-width: 796px) 100vw, 796px\" \/>\t\t\t\t\t\t\t\t<\/a>\n\t\t\t\t\t\t\t\t\t\t\t\t\t\t\t<\/div>\n\t\t\t\t<\/div>\n\t\t\t\t<div class=\"elementor-element elementor-element-e3af525 elementor-widget elementor-widget-heading\" data-id=\"e3af525\" data-element_type=\"widget\" data-e-type=\"widget\" data-widget_type=\"heading.default\">\n\t\t\t\t<div class=\"elementor-widget-container\">\n\t\t\t\t\t<h3 class=\"elementor-heading-title elementor-size-default\">R\u00caVE D\u2019EVASION \u2013 surtout d\u2019espace <\/h3>\t\t\t\t<\/div>\n\t\t\t\t<\/div>\n\t\t\t\t<div class=\"elementor-element elementor-element-d9cde21 elementor-widget elementor-widget-heading\" data-id=\"d9cde21\" data-element_type=\"widget\" data-e-type=\"widget\" data-widget_type=\"heading.default\">\n\t\t\t\t<div class=\"elementor-widget-container\">\n\t\t\t\t\t<h3 class=\"elementor-heading-title elementor-size-default\">SOGNO DI EVASIONE \u2013 soprattutto di spazio<\/h3>\t\t\t\t<\/div>\n\t\t\t\t<\/div>\n\t\t\t\t<div class=\"elementor-element elementor-element-624c97f elementor-widget elementor-widget-text-editor\" data-id=\"624c97f\" data-element_type=\"widget\" data-e-type=\"widget\" data-widget_type=\"text-editor.default\">\n\t\t\t\t<div class=\"elementor-widget-container\">\n\t\t\t\t\t\t\t\t\t<p style=\"text-align: center;\">Per portarvi lontano, molto lontano dalla civilt\u00e0<\/p>\t\t\t\t\t\t\t\t<\/div>\n\t\t\t\t<\/div>\n\t\t\t\t<div class=\"elementor-element elementor-element-528fee3 elementor-widget elementor-widget-heading\" data-id=\"528fee3\" data-element_type=\"widget\" data-e-type=\"widget\" data-widget_type=\"heading.default\">\n\t\t\t\t<div class=\"elementor-widget-container\">\n\t\t\t\t\t<h3 class=\"elementor-heading-title elementor-size-default\">\u2013 ARGENTINA \/ CILE  \u2013<\/h3>\t\t\t\t<\/div>\n\t\t\t\t<\/div>\n\t\t\t\t<div class=\"elementor-element elementor-element-e59e3ff elementor-widget elementor-widget-image\" data-id=\"e59e3ff\" data-element_type=\"widget\" data-e-type=\"widget\" data-widget_type=\"image.default\">\n\t\t\t\t<div class=\"elementor-widget-container\">\n\t\t\t\t\t\t\t\t\t\t\t\t\t\t\t\t<a href=\"http:\/\/lookingforcharly.com\/wp-content\/uploads\/2018\/01\/Des-reves-plein-la-tete-8.jpg\" data-elementor-open-lightbox=\"yes\" data-elementor-lightbox-title=\"Des-reves-plein-la-tete-8\" data-e-action-hash=\"#elementor-action%3Aaction%3Dlightbox%26settings%3DeyJpZCI6MzIxMywidXJsIjoiaHR0cHM6XC9cL2xvb2tpbmdmb3JjaGFybHkuY29tXC93cC1jb250ZW50XC91cGxvYWRzXC8yMDE4XC8wMVwvRGVzLXJldmVzLXBsZWluLWxhLXRldGUtOC5qcGcifQ%3D%3D\">\n\t\t\t\t\t\t\t<img loading=\"lazy\" decoding=\"async\" width=\"796\" height=\"478\" src=\"https:\/\/lookingforcharly.com\/wp-content\/uploads\/2018\/01\/Des-reves-plein-la-tete-8.jpg\" class=\"attachment-full size-full wp-image-3213\" alt=\"\" srcset=\"https:\/\/lookingforcharly.com\/wp-content\/uploads\/2018\/01\/Des-reves-plein-la-tete-8.jpg 796w, https:\/\/lookingforcharly.com\/wp-content\/uploads\/2018\/01\/Des-reves-plein-la-tete-8-300x180.jpg 300w, https:\/\/lookingforcharly.com\/wp-content\/uploads\/2018\/01\/Des-reves-plein-la-tete-8-768x461.jpg 768w\" sizes=\"(max-width: 796px) 100vw, 796px\" \/>\t\t\t\t\t\t\t\t<\/a>\n\t\t\t\t\t\t\t\t\t\t\t\t\t\t\t<\/div>\n\t\t\t\t<\/div>\n\t\t\t\t<div class=\"elementor-element elementor-element-6e2eb52 elementor-widget elementor-widget-text-editor\" data-id=\"6e2eb52\" data-element_type=\"widget\" data-e-type=\"widget\" data-widget_type=\"text-editor.default\">\n\t\t\t\t<div class=\"elementor-widget-container\">\n\t\t\t\t\t\t\t\t\t<div data-block=\"true\" data-editor=\"editor\" data-offset-key=\"vix7j-0-0\"><p style=\"text-align: justify;\" data-offset-key=\"vix7j-0-0\">E se andaste nel mezzo di<span style=\"color: #bfa800;\"><strong> uno dei paesaggi pi\u00f9 grandiosi del pianeta,<\/strong><\/span> scapicollandovi nella pampa subpolare e scalando i ghiacciai in capo al mondo ? Raggiungete <strong><span style=\"color: #bfa800;\">la Patagonia<\/span><\/strong> !<\/p><p style=\"text-align: justify;\" data-offset-key=\"vix7j-0-0\"><strong>Periodo migliore :<\/strong> tra dicembre e marzo<\/p><\/div><div data-block=\"true\" data-editor=\"editor\" data-offset-key=\"xs06h-0-0\"><p style=\"text-align: justify;\" data-offset-key=\"xs06h-0-0\"><strong>Indirizzo dal scenario devastante : <span style=\"color: #bfa800;\">AWASI PATAGONIA<\/span><\/strong> \u2013 Dall\u2019apparenza unica e minimalista all\u2019esterno, rivelandosi semplicemente straordinario al suo interno. Questo rifugio dal lusso integro con la comodit\u00e0 ed il design puntiglioso, in un ambiente mistico, vi far\u00e0 dubitare della vostra volont\u00e0 di ritrovare un giorno la terra degli uomini.<\/p><\/div>\t\t\t\t\t\t\t\t<\/div>\n\t\t\t\t<\/div>\n\t\t\t\t<div class=\"elementor-element elementor-element-f115dfe elementor-widget elementor-widget-image\" data-id=\"f115dfe\" data-element_type=\"widget\" data-e-type=\"widget\" data-widget_type=\"image.default\">\n\t\t\t\t<div class=\"elementor-widget-container\">\n\t\t\t\t\t\t\t\t\t\t\t\t\t\t\t\t<a href=\"http:\/\/lookingforcharly.com\/wp-content\/uploads\/2018\/01\/Des-reves-plein-la-tete-7.jpg\" data-elementor-open-lightbox=\"yes\" data-elementor-lightbox-title=\"Des-reves-plein-la-tete-7\" data-e-action-hash=\"#elementor-action%3Aaction%3Dlightbox%26settings%3DeyJpZCI6MzIxNiwidXJsIjoiaHR0cHM6XC9cL2xvb2tpbmdmb3JjaGFybHkuY29tXC93cC1jb250ZW50XC91cGxvYWRzXC8yMDE4XC8wMVwvRGVzLXJldmVzLXBsZWluLWxhLXRldGUtNy5qcGcifQ%3D%3D\">\n\t\t\t\t\t\t\t<img loading=\"lazy\" decoding=\"async\" width=\"796\" height=\"531\" src=\"https:\/\/lookingforcharly.com\/wp-content\/uploads\/2018\/01\/Des-reves-plein-la-tete-7.jpg\" class=\"attachment-full size-full wp-image-3216\" alt=\"\" srcset=\"https:\/\/lookingforcharly.com\/wp-content\/uploads\/2018\/01\/Des-reves-plein-la-tete-7.jpg 796w, https:\/\/lookingforcharly.com\/wp-content\/uploads\/2018\/01\/Des-reves-plein-la-tete-7-300x200.jpg 300w, https:\/\/lookingforcharly.com\/wp-content\/uploads\/2018\/01\/Des-reves-plein-la-tete-7-768x512.jpg 768w\" sizes=\"(max-width: 796px) 100vw, 796px\" \/>\t\t\t\t\t\t\t\t<\/a>\n\t\t\t\t\t\t\t\t\t\t\t\t\t\t\t<\/div>\n\t\t\t\t<\/div>\n\t\t\t\t<div class=\"elementor-element elementor-element-4459b94 elementor-widget elementor-widget-heading\" data-id=\"4459b94\" data-element_type=\"widget\" data-e-type=\"widget\" data-widget_type=\"heading.default\">\n\t\t\t\t<div class=\"elementor-widget-container\">\n\t\t\t\t\t<h3 class=\"elementor-heading-title elementor-size-default\">R\u00caVE DE SPIRITUALITE \u2013 et plus encore, de bien-\u00eatre <\/h3>\t\t\t\t<\/div>\n\t\t\t\t<\/div>\n\t\t\t\t<div class=\"elementor-element elementor-element-29791d1 elementor-widget elementor-widget-heading\" data-id=\"29791d1\" data-element_type=\"widget\" data-e-type=\"widget\" data-widget_type=\"heading.default\">\n\t\t\t\t<div class=\"elementor-widget-container\">\n\t\t\t\t\t<h3 class=\"elementor-heading-title elementor-size-default\">SOGNO DI SPIRITUALITA\u2019 \u2013 ancora meglio, di benessere<\/h3>\t\t\t\t<\/div>\n\t\t\t\t<\/div>\n\t\t\t\t<div class=\"elementor-element elementor-element-02441a0 elementor-widget elementor-widget-text-editor\" data-id=\"02441a0\" data-element_type=\"widget\" data-e-type=\"widget\" data-widget_type=\"text-editor.default\">\n\t\t\t\t<div class=\"elementor-widget-container\">\n\t\t\t\t\t\t\t\t\t<p style=\"text-align: center;\"><span data-offset-key=\"45ucq-0-0\">Cosa c\u2019\u00e8 di meglio di un\u2019isola benedetta dagli Dei<\/span><\/p>\t\t\t\t\t\t\t\t<\/div>\n\t\t\t\t<\/div>\n\t\t\t\t<div class=\"elementor-element elementor-element-d5de249 elementor-widget elementor-widget-heading\" data-id=\"d5de249\" data-element_type=\"widget\" data-e-type=\"widget\" data-widget_type=\"heading.default\">\n\t\t\t\t<div class=\"elementor-widget-container\">\n\t\t\t\t\t<h3 class=\"elementor-heading-title elementor-size-default\">\u2013 INDONESIA \u2013<\/h3>\t\t\t\t<\/div>\n\t\t\t\t<\/div>\n\t\t\t\t<div class=\"elementor-element elementor-element-9432130 elementor-widget elementor-widget-image\" data-id=\"9432130\" data-element_type=\"widget\" data-e-type=\"widget\" data-widget_type=\"image.default\">\n\t\t\t\t<div class=\"elementor-widget-container\">\n\t\t\t\t\t\t\t\t\t\t\t\t\t\t\t\t<a href=\"http:\/\/lookingforcharly.com\/wp-content\/uploads\/2018\/01\/Des-reves-plein-la-tete-6.jpg\" data-elementor-open-lightbox=\"yes\" data-elementor-lightbox-title=\"Des-reves-plein-la-tete-6\" data-e-action-hash=\"#elementor-action%3Aaction%3Dlightbox%26settings%3DeyJpZCI6MzIxOSwidXJsIjoiaHR0cHM6XC9cL2xvb2tpbmdmb3JjaGFybHkuY29tXC93cC1jb250ZW50XC91cGxvYWRzXC8yMDE4XC8wMVwvRGVzLXJldmVzLXBsZWluLWxhLXRldGUtNi5qcGcifQ%3D%3D\">\n\t\t\t\t\t\t\t<img loading=\"lazy\" decoding=\"async\" width=\"796\" height=\"531\" src=\"https:\/\/lookingforcharly.com\/wp-content\/uploads\/2018\/01\/Des-reves-plein-la-tete-6.jpg\" class=\"attachment-full size-full wp-image-3219\" alt=\"\" srcset=\"https:\/\/lookingforcharly.com\/wp-content\/uploads\/2018\/01\/Des-reves-plein-la-tete-6.jpg 796w, https:\/\/lookingforcharly.com\/wp-content\/uploads\/2018\/01\/Des-reves-plein-la-tete-6-300x200.jpg 300w, https:\/\/lookingforcharly.com\/wp-content\/uploads\/2018\/01\/Des-reves-plein-la-tete-6-768x512.jpg 768w\" sizes=\"(max-width: 796px) 100vw, 796px\" \/>\t\t\t\t\t\t\t\t<\/a>\n\t\t\t\t\t\t\t\t\t\t\t\t\t\t\t<\/div>\n\t\t\t\t<\/div>\n\t\t\t\t<div class=\"elementor-element elementor-element-6d18326 elementor-widget elementor-widget-text-editor\" data-id=\"6d18326\" data-element_type=\"widget\" data-e-type=\"widget\" data-widget_type=\"text-editor.default\">\n\t\t\t\t<div class=\"elementor-widget-container\">\n\t\t\t\t\t\t\t\t\t<div data-draftjs-conductor-fragment=\"{&quot;blocks&quot;:[{&quot;key&quot;:&quot;80c82&quot;,&quot;text&quot;:&quot;Prendersi cura di s\u00e9, pensare a s\u00e9! Ve lo ripetete ancora e ancora. Ogni anno \u00e8 il vostro mantra e non vi fermerete finch\u00e9 ci\u00f2 non diventer\u00e0 realt\u00e0. Fate il pieno di spiritualit\u00e0 e salutate i dibattiti politici ed i pasti senza gusto. Prendete il largo, il vostro rifugio \u00e8 benedetto dagli Dei \u2013 BALI ed i suoi paesaggi sontuosi, BALI e la sua dolcezza, la sua arte di vivere plasmata nel corso dei secoli.(Da scoprire tra maggio e ottobre) &quot;,&quot;type&quot;:&quot;unstyled&quot;,&quot;depth&quot;:0,&quot;inlineStyleRanges&quot;:[],&quot;entityRanges&quot;:[],&quot;data&quot;:{&quot;textAlignment&quot;:&quot;center&quot;}},{&quot;key&quot;:&quot;85i46&quot;,&quot;text&quot;:&quot; &quot;,&quot;type&quot;:&quot;unstyled&quot;,&quot;depth&quot;:0,&quot;inlineStyleRanges&quot;:[],&quot;entityRanges&quot;:[],&quot;data&quot;:{&quot;textAlignment&quot;:&quot;center&quot;}},{&quot;key&quot;:&quot;4vlmk&quot;,&quot;text&quot;:&quot; &quot;,&quot;type&quot;:&quot;unstyled&quot;,&quot;depth&quot;:0,&quot;inlineStyleRanges&quot;:[],&quot;entityRanges&quot;:[],&quot;data&quot;:{&quot;textAlignment&quot;:&quot;center&quot;}},{&quot;key&quot;:&quot;ck9is&quot;,&quot;text&quot;:&quot;\u201cRitiro\u201d Indirizzo&quot;,&quot;type&quot;:&quot;unstyled&quot;,&quot;depth&quot;:0,&quot;inlineStyleRanges&quot;:[],&quot;entityRanges&quot;:[],&quot;data&quot;:{&quot;textAlignment&quot;:&quot;center&quot;}}],&quot;entityMap&quot;:{}}\"><div data-block=\"true\" data-editor=\"editor\" data-offset-key=\"gcygn-0-0\"><p style=\"text-align: justify;\" data-offset-key=\"gcygn-0-0\"><strong><span style=\"color: #bfa800;\">Prendersi cura di s\u00e9, pensare a s\u00e9 !<\/span><\/strong> Ve lo ripetete ancora e ancora. Ogni anno \u00e8 il vostro mantra e non vi fermerete finch\u00e9 ci\u00f2 non diventer\u00e0 realt\u00e0. Fate il <strong><span style=\"color: #bfa800;\">pieno di spiritualit\u00e0<\/span><\/strong> e salutate i dibattiti politici ed i pasti senza gusto. Prendete il largo, il <strong><span style=\"color: #bfa800;\">vostro rifugio \u00e8 benedetto dagli Dei<\/span> <\/strong>\u2013 <span style=\"color: #bfa800;\"><strong>BALI<\/strong><\/span> ed i suoi <span style=\"color: #bfa800;\"><strong>paesaggi sontuosi, BALI e la sua dolcezza, la sua arte di vivere<\/strong> <\/span>plasmata nel corso dei secoli.<\/p><p style=\"text-align: justify;\" data-offset-key=\"gcygn-0-0\"><strong>Periodo migliore :<\/strong> tra maggio e ottobre<\/p><p style=\"text-align: justify;\" data-offset-key=\"gcygn-0-0\"><strong>\u201cRitiro\u201d Indirizzo : <span style=\"color: #bfa800;\">COMO SHAMBHALA ESTATE<\/span><\/strong> \u2013 Dormire in una delle 4 dimore private del palazzo, meditare nella natura dove l\u2019acqua sacra sgorga dalle cascate dei giardini, farsi massaggiare col gli olii tradizionali tra i pi\u00f9 raffinati del mondo, sentirsi residenti e non clienti\u2026<\/p><\/div><\/div>\t\t\t\t\t\t\t\t<\/div>\n\t\t\t\t<\/div>\n\t\t\t\t<div class=\"elementor-element elementor-element-0bc7a42 elementor-widget elementor-widget-image\" data-id=\"0bc7a42\" data-element_type=\"widget\" data-e-type=\"widget\" data-widget_type=\"image.default\">\n\t\t\t\t<div class=\"elementor-widget-container\">\n\t\t\t\t\t\t\t\t\t\t\t\t\t\t\t<img decoding=\"async\" src=\"https:\/\/lookingforcharly.com\/wp-content\/uploads\/2018\/01\/Des-reves-plein-la-tete-5.jpg\" title=\"Des-reves-plein-la-tete-5\" alt=\"Des-reves-plein-la-tete-5\" loading=\"lazy\" \/>\t\t\t\t\t\t\t\t\t\t\t\t\t\t\t<\/div>\n\t\t\t\t<\/div>\n\t\t\t\t<div class=\"elementor-element elementor-element-e8101c4 elementor-widget elementor-widget-heading\" data-id=\"e8101c4\" data-element_type=\"widget\" data-e-type=\"widget\" data-widget_type=\"heading.default\">\n\t\t\t\t<div class=\"elementor-widget-container\">\n\t\t\t\t\t<h3 class=\"elementor-heading-title elementor-size-default\">R\u00caVE DE SOLEIL LEVANT \u2013 d\u2019un ailleurs compl\u00e8tement diff\u00e9rent <\/h3>\t\t\t\t<\/div>\n\t\t\t\t<\/div>\n\t\t\t\t<div class=\"elementor-element elementor-element-3bec08c elementor-widget elementor-widget-heading\" data-id=\"3bec08c\" data-element_type=\"widget\" data-e-type=\"widget\" data-widget_type=\"heading.default\">\n\t\t\t\t<div class=\"elementor-widget-container\">\n\t\t\t\t\t<h3 class=\"elementor-heading-title elementor-size-default\">SOGNO DI SOL LEVANTE \u2013 di un luogo completamente diverso<\/h3>\t\t\t\t<\/div>\n\t\t\t\t<\/div>\n\t\t\t\t<div class=\"elementor-element elementor-element-9a25eed elementor-widget elementor-widget-text-editor\" data-id=\"9a25eed\" data-element_type=\"widget\" data-e-type=\"widget\" data-widget_type=\"text-editor.default\">\n\t\t\t\t<div class=\"elementor-widget-container\">\n\t\t\t\t\t\t\t\t\t<p style=\"text-align: center;\"><span data-offset-key=\"u2t23-0-0\">Per un viaggio nel tempo tra innovazione futuristica e valori di un tempo<\/span><\/p>\t\t\t\t\t\t\t\t<\/div>\n\t\t\t\t<\/div>\n\t\t\t\t<div class=\"elementor-element elementor-element-006fc30 elementor-widget elementor-widget-heading\" data-id=\"006fc30\" data-element_type=\"widget\" data-e-type=\"widget\" data-widget_type=\"heading.default\">\n\t\t\t\t<div class=\"elementor-widget-container\">\n\t\t\t\t\t<h3 class=\"elementor-heading-title elementor-size-default\">\u2013 IL  GIAPPONE \u2013<\/h3>\t\t\t\t<\/div>\n\t\t\t\t<\/div>\n\t\t\t\t<div class=\"elementor-element elementor-element-5535efe elementor-widget elementor-widget-image\" data-id=\"5535efe\" data-element_type=\"widget\" data-e-type=\"widget\" data-widget_type=\"image.default\">\n\t\t\t\t<div class=\"elementor-widget-container\">\n\t\t\t\t\t\t\t\t\t\t\t\t\t\t\t<img decoding=\"async\" src=\"https:\/\/lookingforcharly.com\/wp-content\/uploads\/2018\/01\/Des-reves-plein-la-tete-4.jpg\" title=\"Des-reves-plein-la-tete-4\" alt=\"Des-reves-plein-la-tete-4\" loading=\"lazy\" \/>\t\t\t\t\t\t\t\t\t\t\t\t\t\t\t<\/div>\n\t\t\t\t<\/div>\n\t\t\t\t<div class=\"elementor-element elementor-element-fb41833 elementor-widget elementor-widget-text-editor\" data-id=\"fb41833\" data-element_type=\"widget\" data-e-type=\"widget\" data-widget_type=\"text-editor.default\">\n\t\t\t\t<div class=\"elementor-widget-container\">\n\t\t\t\t\t\t\t\t\t<div data-block=\"true\" data-editor=\"editor\" data-offset-key=\"c2lro-0-0\"><p style=\"text-align: justify;\" data-offset-key=\"c2lro-0-0\"><strong><span style=\"color: #bfa800;\">Terra di contrasti<\/span> <\/strong>a tal punto da disarmare il pi\u00f9 grande viaggiatore. E\u2019 al contempo, il paese delle geishe in kimono e dei ciliegi in fiore, dei robot e dei samurai, dei giardini zen e dei manga.Super potenza economica, \u00e8 il paese delle grandi citt\u00e0 ultramoderne che per\u00f2 ha saputo preservare l<span style=\"color: #bfa800;\"><strong>a bellezza dei suoi paesaggi pittoreschi e quella della sua pi\u00f9 che vibrante cultura.<\/strong><\/span><\/p><p style=\"text-align: justify;\" data-offset-key=\"c2lro-0-0\"><strong>Periodo migliore :<\/strong> tra marzo e maggio e tra settembre e novembre<\/p><p style=\"text-align: justify;\" data-offset-key=\"c2lro-0-0\"><strong>Indirizzo di stile : <span style=\"color: #bfa800;\">THE CAPITOL HOTEL TOKYU<\/span><\/strong> \u2013 Qui, ci si sente \u201cconnessi\u201d con la natura. Rarissimo a Tokyo! Palazzi ultramoderni disegnati dall\u2019architetto-star Kengo KUMA difronte all\u2019immenso parco recintato dai muri che circondano il Palazzo Imperiale. Luce e verde in grandi spazi liberi, camere incontaminate con vista eccezionale e pareti shoji tradizionali.<\/p><\/div>\t\t\t\t\t\t\t\t<\/div>\n\t\t\t\t<\/div>\n\t\t\t\t<div class=\"elementor-element elementor-element-04e4cfa elementor-widget elementor-widget-image\" data-id=\"04e4cfa\" data-element_type=\"widget\" data-e-type=\"widget\" data-widget_type=\"image.default\">\n\t\t\t\t<div class=\"elementor-widget-container\">\n\t\t\t\t\t\t\t\t\t\t\t\t\t\t\t<img decoding=\"async\" src=\"https:\/\/lookingforcharly.com\/wp-content\/uploads\/2018\/01\/Des-reves-plein-la-tete-3.jpg\" title=\"Des-reves-plein-la-tete-3\" alt=\"Des-reves-plein-la-tete-3\" loading=\"lazy\" \/>\t\t\t\t\t\t\t\t\t\t\t\t\t\t\t<\/div>\n\t\t\t\t<\/div>\n\t\t\t\t<div class=\"elementor-element elementor-element-f987fe9 elementor-widget elementor-widget-heading\" data-id=\"f987fe9\" data-element_type=\"widget\" data-e-type=\"widget\" data-widget_type=\"heading.default\">\n\t\t\t\t<div class=\"elementor-widget-container\">\n\t\t\t\t\t<h3 class=\"elementor-heading-title elementor-size-default\">R\u00caVE D\u2019ENFANT \u2013 Une cabane dans les arbres <\/h3>\t\t\t\t<\/div>\n\t\t\t\t<\/div>\n\t\t\t\t<div class=\"elementor-element elementor-element-820b9a0 elementor-widget elementor-widget-heading\" data-id=\"820b9a0\" data-element_type=\"widget\" data-e-type=\"widget\" data-widget_type=\"heading.default\">\n\t\t\t\t<div class=\"elementor-widget-container\">\n\t\t\t\t\t<h3 class=\"elementor-heading-title elementor-size-default\">SOGNO D\u2019INFANZIA \u2013 Una capanna tra gli alberi<\/h3>\t\t\t\t<\/div>\n\t\t\t\t<\/div>\n\t\t\t\t<div class=\"elementor-element elementor-element-4d8d004 elementor-widget elementor-widget-text-editor\" data-id=\"4d8d004\" data-element_type=\"widget\" data-e-type=\"widget\" data-widget_type=\"text-editor.default\">\n\t\t\t\t<div class=\"elementor-widget-container\">\n\t\t\t\t\t\t\t\t\t<p style=\"text-align: center;\"><span data-offset-key=\"n0ak3-0-0\">Scegliamo una terra vergine in cui la natura \u00e8 rimasta intatta<\/span><\/p>\t\t\t\t\t\t\t\t<\/div>\n\t\t\t\t<\/div>\n\t\t\t\t<div class=\"elementor-element elementor-element-89835c0 elementor-widget elementor-widget-heading\" data-id=\"89835c0\" data-element_type=\"widget\" data-e-type=\"widget\" data-widget_type=\"heading.default\">\n\t\t\t\t<div class=\"elementor-widget-container\">\n\t\t\t\t\t<h3 class=\"elementor-heading-title elementor-size-default\"> \u2013 IL NICARAGUA \u2013<\/h3>\t\t\t\t<\/div>\n\t\t\t\t<\/div>\n\t\t\t\t<div class=\"elementor-element elementor-element-bc8271e elementor-widget elementor-widget-image\" data-id=\"bc8271e\" data-element_type=\"widget\" data-e-type=\"widget\" data-widget_type=\"image.default\">\n\t\t\t\t<div class=\"elementor-widget-container\">\n\t\t\t\t\t\t\t\t\t\t\t\t\t\t\t<img decoding=\"async\" src=\"https:\/\/lookingforcharly.com\/wp-content\/uploads\/2018\/01\/Des-reves-plein-la-tete-2.jpg\" title=\"Des-reves-plein-la-tete-2\" alt=\"Des-reves-plein-la-tete-2\" loading=\"lazy\" \/>\t\t\t\t\t\t\t\t\t\t\t\t\t\t\t<\/div>\n\t\t\t\t<\/div>\n\t\t\t\t<div class=\"elementor-element elementor-element-9552172 elementor-widget elementor-widget-text-editor\" data-id=\"9552172\" data-element_type=\"widget\" data-e-type=\"widget\" data-widget_type=\"text-editor.default\">\n\t\t\t\t<div class=\"elementor-widget-container\">\n\t\t\t\t\t\t\t\t\t<div data-draftjs-conductor-fragment=\"{&quot;blocks&quot;:[{&quot;key&quot;:&quot;1im01&quot;,&quot;text&quot;:&quot;Un paese tra laghi e vulcani, giungle tropicali, riserve naturali e spiagge da sogno. Un paradiso preservato che immerge il visitatore in un\u2019atmosfera coloniale. Managua, Granada, Leon. Dietro il nome di queste citt\u00e0, dal passato evocatore, vi \u00e8 un mosaico di storia ed emozioni. Un ambiente naturale protetto in un paese che ha saputo conservare la sua identit\u00e0.(Da scoprire tra febbraio e aprile)&quot;,&quot;type&quot;:&quot;unstyled&quot;,&quot;depth&quot;:0,&quot;inlineStyleRanges&quot;:[],&quot;entityRanges&quot;:[],&quot;data&quot;:{&quot;textAlignment&quot;:&quot;center&quot;}},{&quot;key&quot;:&quot;1banv&quot;,&quot;text&quot;:&quot; &quot;,&quot;type&quot;:&quot;unstyled&quot;,&quot;depth&quot;:0,&quot;inlineStyleRanges&quot;:[],&quot;entityRanges&quot;:[],&quot;data&quot;:{&quot;textAlignment&quot;:&quot;center&quot;}},{&quot;key&quot;:&quot;91ugd&quot;,&quot;text&quot;:&quot; &quot;,&quot;type&quot;:&quot;unstyled&quot;,&quot;depth&quot;:0,&quot;inlineStyleRanges&quot;:[],&quot;entityRanges&quot;:[],&quot;data&quot;:{&quot;textAlignment&quot;:&quot;center&quot;}},{&quot;key&quot;:&quot;7ac95&quot;,&quot;text&quot;:&quot;Indirizzo nel cuore della canopea&quot;,&quot;type&quot;:&quot;unstyled&quot;,&quot;depth&quot;:0,&quot;inlineStyleRanges&quot;:[],&quot;entityRanges&quot;:[],&quot;data&quot;:{&quot;textAlignment&quot;:&quot;center&quot;}}],&quot;entityMap&quot;:{}}\"><div class=\"jwLWP _2hXa7 _30PMG blog-post-text-font blog-post-text-color _21OX4 public-DraftStyleDefault-block-depth0 public-DraftStyleDefault-text-ltr\" data-block=\"true\" data-editor=\"editor\" data-offset-key=\"d2l1w-0-0\"><p style=\"text-align: justify;\" data-offset-key=\"d2l1w-0-0\">Un paese tra laghi e vulcani, giungle tropicali, riserve naturali e spiagge da sogno. <strong><span style=\"color: #bfa800;\">Un paradiso preservato<\/span><\/strong> che immerge il visitatore in un\u2019atmosfera coloniale. Managua, Granada, Leon. Dietro il nome di queste citt\u00e0, dal passato evocatore, vi \u00e8 <strong><span style=\"color: #bfa800;\">un mosaico di storia ed emozioni. Un ambiente naturale protetto in un paese che ha saputo conservare la sua identit\u00e0.<\/span><\/strong><\/p><p style=\"text-align: justify;\" data-offset-key=\"d2l1w-0-0\"><strong>Periodo migliore :<\/strong> tra febbraio e aprile<\/p><p class=\"public-DraftStyleDefault-block public-DraftStyleDefault-ltr\" style=\"text-align: justify;\" data-offset-key=\"d2l1w-0-0\"><strong>Indirizzo nel cuore della canopea : <span style=\"color: #bfa800;\">AQUA WELLNESS RESORT<\/span><\/strong> \u2013 Des Ville appollaiate a fianco di pendii e rivolte verso il mare come una \u201ccolonia tra gli alberi\u201d.<strong><br \/><\/strong><\/p><\/div><\/div><p><\/p>\t\t\t\t\t\t\t\t<\/div>\n\t\t\t\t<\/div>\n\t\t\t\t<div class=\"elementor-element elementor-element-b775768 elementor-widget elementor-widget-image\" data-id=\"b775768\" data-element_type=\"widget\" data-e-type=\"widget\" data-widget_type=\"image.default\">\n\t\t\t\t<div class=\"elementor-widget-container\">\n\t\t\t\t\t\t\t\t\t\t\t\t\t\t\t<img decoding=\"async\" src=\"https:\/\/lookingforcharly.com\/wp-content\/uploads\/2018\/01\/Des-reves-plein-la-tete-1.jpg\" title=\"Des-reves-plein-la-tete-1\" alt=\"Des-reves-plein-la-tete-1\" loading=\"lazy\" \/>\t\t\t\t\t\t\t\t\t\t\t\t\t\t\t<\/div>\n\t\t\t\t<\/div>\n\t\t\t\t<div class=\"elementor-element elementor-element-054e533 elementor-widget elementor-widget-text-editor\" data-id=\"054e533\" data-element_type=\"widget\" data-e-type=\"widget\" data-widget_type=\"text-editor.default\">\n\t\t\t\t<div class=\"elementor-widget-container\">\n\t\t\t\t\t\t\t\t\t<p><img loading=\"lazy\" decoding=\"async\" class=\"alignnone size-medium wp-image-273\" src=\"http:\/\/lookingforcharly.com\/wp-content\/uploads\/2024\/03\/pictocharly-300x278.png\" alt=\"\" width=\"300\" height=\"278\" srcset=\"https:\/\/lookingforcharly.com\/wp-content\/uploads\/2024\/03\/pictocharly-300x278.png 300w, https:\/\/lookingforcharly.com\/wp-content\/uploads\/2024\/03\/pictocharly.png 642w\" sizes=\"(max-width: 300px) 100vw, 300px\" \/><\/p>\t\t\t\t\t\t\t\t<\/div>\n\t\t\t\t<\/div>\n\t\t\t\t<div class=\"elementor-element elementor-element-44ae7a0 elementor-widget-divider--view-line elementor-widget elementor-widget-divider\" data-id=\"44ae7a0\" data-element_type=\"widget\" data-e-type=\"widget\" data-widget_type=\"divider.default\">\n\t\t\t\t<div class=\"elementor-widget-container\">\n\t\t\t\t\t\t\t<div class=\"elementor-divider\">\n\t\t\t<span class=\"elementor-divider-separator\">\n\t\t\t\t\t\t<\/span>\n\t\t<\/div>\n\t\t\t\t\t\t<\/div>\n\t\t\t\t<\/div>\n\t\t\t\t\t<\/div>\n\t\t\t\t<\/div>\n\t\t<div class=\"elementor-element elementor-element-957feb5 e-flex e-con-boxed e-con e-parent\" data-id=\"957feb5\" data-element_type=\"container\" data-e-type=\"container\">\n\t\t\t\t\t<div class=\"e-con-inner\">\n\t\t<div class=\"elementor-element elementor-element-3528335 e-con-full e-flex e-con e-child\" data-id=\"3528335\" data-element_type=\"container\" data-e-type=\"container\">\n\t\t\t\t<div class=\"elementor-element elementor-element-a9a8e01 elementor-widget elementor-widget-heading\" data-id=\"a9a8e01\" data-element_type=\"widget\" data-e-type=\"widget\" data-widget_type=\"heading.default\">\n\t\t\t\t<div class=\"elementor-widget-container\">\n\t\t\t\t\t<h3 class=\"elementor-heading-title elementor-size-default\">Vous aimerez aussi...<\/h3>\t\t\t\t<\/div>\n\t\t\t\t<\/div>\n\t\t\t\t<\/div>\n\t\t\t\t\t<\/div>\n\t\t\t\t<\/div>\n\t\t\t\t<\/div>\n\t\t","protected":false},"excerpt":{"rendered":"<p>Zoom sui sogni che potrebbero essere i vostri\u2026 Secondo Freud, i sogni che facciamo e che rivelano la persona che siamo \u2013 sono il riflesso delle nostre paure, i nostri desideri, la nostra unicit\u00e0 e le nostre perversioni. Da Looking For Charly, \u00e8 fondamentale&#8230;<\/p>\n","protected":false},"author":3,"featured_media":3205,"comment_status":"closed","ping_status":"open","sticky":false,"template":"","format":"standard","meta":{"footnotes":""},"categories":[61],"tags":[],"class_list":["post-5002","post","type-post","status-publish","format-standard","has-post-thumbnail","hentry","category-mondo"],"yoast_head":"<!-- This site is optimized with the Yoast SEO plugin v27.1.1 - https:\/\/yoast.com\/product\/yoast-seo-wordpress\/ -->\n<title>La testa piena di sogni<\/title>\n<meta name=\"description\" content=\"Secondo Freud, i nostri sogni rivelano chi siamo. Quindi condividi i tuoi sogni con noi e scopri dove ti porta Looking For Charly !\" \/>\n<meta name=\"robots\" content=\"index, follow, max-snippet:-1, max-image-preview:large, max-video-preview:-1\" \/>\n<link rel=\"canonical\" href=\"https:\/\/lookingforcharly.com\/it\/la-testa-piena-di-sogni\/\" \/>\n<meta property=\"og:locale\" content=\"it_IT\" \/>\n<meta property=\"og:type\" content=\"article\" \/>\n<meta property=\"og:title\" content=\"La testa piena di sogni\" \/>\n<meta property=\"og:description\" content=\"Secondo Freud, i nostri sogni rivelano chi siamo. Quindi condividi i tuoi sogni con noi e scopri dove ti porta Looking For Charly !\" \/>\n<meta property=\"og:url\" content=\"https:\/\/lookingforcharly.com\/it\/la-testa-piena-di-sogni\/\" \/>\n<meta property=\"og:site_name\" content=\"Looking For Charly\" \/>\n<meta property=\"article:publisher\" content=\"https:\/\/www.facebook.com\/lookingforcharly\" \/>\n<meta property=\"article:published_time\" content=\"2018-01-07T11:46:00+00:00\" \/>\n<meta property=\"article:modified_time\" content=\"2024-06-24T14:47:57+00:00\" \/>\n<meta property=\"og:image\" content=\"http:\/\/lookingforcharly.com\/wp-content\/uploads\/2024\/06\/Des-reves-plein-la-tete-1024x683.jpg\" \/>\n<meta name=\"author\" content=\"Daphne\" \/>\n<meta name=\"twitter:card\" content=\"summary_large_image\" \/>\n<meta name=\"twitter:label1\" content=\"Written by\" \/>\n\t<meta name=\"twitter:data1\" content=\"Daphne\" \/>\n\t<meta name=\"twitter:label2\" content=\"Est. reading time\" \/>\n\t<meta name=\"twitter:data2\" content=\"7 minutes\" \/>\n<script type=\"application\/ld+json\" class=\"yoast-schema-graph\">{\"@context\":\"https:\/\/schema.org\",\"@graph\":[{\"@type\":\"Article\",\"@id\":\"https:\/\/lookingforcharly.com\/it\/la-testa-piena-di-sogni\/#article\",\"isPartOf\":{\"@id\":\"https:\/\/lookingforcharly.com\/it\/la-testa-piena-di-sogni\/\"},\"author\":{\"name\":\"Daphne\",\"@id\":\"https:\/\/lookingforcharly.com\/it\/#\/schema\/person\/7fb1ea89bf2ffa5783a7f11778422101\"},\"headline\":\"La testa piena di sogni\",\"datePublished\":\"2018-01-07T11:46:00+00:00\",\"dateModified\":\"2024-06-24T14:47:57+00:00\",\"mainEntityOfPage\":{\"@id\":\"https:\/\/lookingforcharly.com\/it\/la-testa-piena-di-sogni\/\"},\"wordCount\":787,\"publisher\":{\"@id\":\"https:\/\/lookingforcharly.com\/it\/#organization\"},\"image\":{\"@id\":\"https:\/\/lookingforcharly.com\/it\/la-testa-piena-di-sogni\/#primaryimage\"},\"thumbnailUrl\":\"https:\/\/lookingforcharly.com\/wp-content\/uploads\/2024\/06\/Des-reves-plein-la-tete.jpg\",\"articleSection\":[\"Mondo\"],\"inLanguage\":\"it-IT\"},{\"@type\":\"WebPage\",\"@id\":\"https:\/\/lookingforcharly.com\/it\/la-testa-piena-di-sogni\/\",\"url\":\"https:\/\/lookingforcharly.com\/it\/la-testa-piena-di-sogni\/\",\"name\":\"La testa piena di sogni\",\"isPartOf\":{\"@id\":\"https:\/\/lookingforcharly.com\/it\/#website\"},\"primaryImageOfPage\":{\"@id\":\"https:\/\/lookingforcharly.com\/it\/la-testa-piena-di-sogni\/#primaryimage\"},\"image\":{\"@id\":\"https:\/\/lookingforcharly.com\/it\/la-testa-piena-di-sogni\/#primaryimage\"},\"thumbnailUrl\":\"https:\/\/lookingforcharly.com\/wp-content\/uploads\/2024\/06\/Des-reves-plein-la-tete.jpg\",\"datePublished\":\"2018-01-07T11:46:00+00:00\",\"dateModified\":\"2024-06-24T14:47:57+00:00\",\"description\":\"Secondo Freud, i nostri sogni rivelano chi siamo. Quindi condividi i tuoi sogni con noi e scopri dove ti porta Looking For Charly !\",\"breadcrumb\":{\"@id\":\"https:\/\/lookingforcharly.com\/it\/la-testa-piena-di-sogni\/#breadcrumb\"},\"inLanguage\":\"it-IT\",\"potentialAction\":[{\"@type\":\"ReadAction\",\"target\":[\"https:\/\/lookingforcharly.com\/it\/la-testa-piena-di-sogni\/\"]}]},{\"@type\":\"ImageObject\",\"inLanguage\":\"it-IT\",\"@id\":\"https:\/\/lookingforcharly.com\/it\/la-testa-piena-di-sogni\/#primaryimage\",\"url\":\"https:\/\/lookingforcharly.com\/wp-content\/uploads\/2024\/06\/Des-reves-plein-la-tete.jpg\",\"contentUrl\":\"https:\/\/lookingforcharly.com\/wp-content\/uploads\/2024\/06\/Des-reves-plein-la-tete.jpg\",\"width\":1280,\"height\":854},{\"@type\":\"BreadcrumbList\",\"@id\":\"https:\/\/lookingforcharly.com\/it\/la-testa-piena-di-sogni\/#breadcrumb\",\"itemListElement\":[{\"@type\":\"ListItem\",\"position\":1,\"name\":\"Accueil\",\"item\":\"https:\/\/lookingforcharly.com\/it\/\"},{\"@type\":\"ListItem\",\"position\":2,\"name\":\"Mondo\",\"item\":\"https:\/\/lookingforcharly.com\/it\/mondo-it\/\"},{\"@type\":\"ListItem\",\"position\":3,\"name\":\"La testa piena di sogni\"}]},{\"@type\":\"WebSite\",\"@id\":\"https:\/\/lookingforcharly.com\/it\/#website\",\"url\":\"https:\/\/lookingforcharly.com\/it\/\",\"name\":\"Looking For Charly\",\"description\":\"Exp\u00e9riences autour du monde\",\"publisher\":{\"@id\":\"https:\/\/lookingforcharly.com\/it\/#organization\"},\"potentialAction\":[{\"@type\":\"SearchAction\",\"target\":{\"@type\":\"EntryPoint\",\"urlTemplate\":\"https:\/\/lookingforcharly.com\/it\/?s={search_term_string}\"},\"query-input\":{\"@type\":\"PropertyValueSpecification\",\"valueRequired\":true,\"valueName\":\"search_term_string\"}}],\"inLanguage\":\"it-IT\"},{\"@type\":\"Organization\",\"@id\":\"https:\/\/lookingforcharly.com\/it\/#organization\",\"name\":\"Looking For Charly\",\"alternateName\":\"L4C\",\"url\":\"https:\/\/lookingforcharly.com\/it\/\",\"logo\":{\"@type\":\"ImageObject\",\"inLanguage\":\"it-IT\",\"@id\":\"https:\/\/lookingforcharly.com\/it\/#\/schema\/logo\/image\/\",\"url\":\"https:\/\/lookingforcharly.com\/wp-content\/uploads\/2024\/03\/cropped-cropped-Logo-Looking-for-Charly.png\",\"contentUrl\":\"https:\/\/lookingforcharly.com\/wp-content\/uploads\/2024\/03\/cropped-cropped-Logo-Looking-for-Charly.png\",\"width\":512,\"height\":512,\"caption\":\"Looking For Charly\"},\"image\":{\"@id\":\"https:\/\/lookingforcharly.com\/it\/#\/schema\/logo\/image\/\"},\"sameAs\":[\"https:\/\/www.facebook.com\/lookingforcharly\",\"https:\/\/www.instagram.com\/lookingforcharly\/\",\"https:\/\/www.linkedin.com\/company\/looking-for-charly\/\"]},{\"@type\":\"Person\",\"@id\":\"https:\/\/lookingforcharly.com\/it\/#\/schema\/person\/7fb1ea89bf2ffa5783a7f11778422101\",\"name\":\"Daphne\",\"image\":{\"@type\":\"ImageObject\",\"inLanguage\":\"it-IT\",\"@id\":\"https:\/\/lookingforcharly.com\/it\/#\/schema\/person\/image\/\",\"url\":\"https:\/\/secure.gravatar.com\/avatar\/2ca706e3f813d28833c317a19f4cba15b3da298a104b03edf59c6cb7f563cfc5?s=96&d=mm&r=g\",\"contentUrl\":\"https:\/\/secure.gravatar.com\/avatar\/2ca706e3f813d28833c317a19f4cba15b3da298a104b03edf59c6cb7f563cfc5?s=96&d=mm&r=g\",\"caption\":\"Daphne\"},\"url\":\"https:\/\/lookingforcharly.com\/it\/author\/daphne\/\"}]}<\/script>\n<!-- \/ Yoast SEO plugin. -->","yoast_head_json":{"title":"La testa piena di sogni","description":"Secondo Freud, i nostri sogni rivelano chi siamo. Quindi condividi i tuoi sogni con noi e scopri dove ti porta Looking For Charly !","robots":{"index":"index","follow":"follow","max-snippet":"max-snippet:-1","max-image-preview":"max-image-preview:large","max-video-preview":"max-video-preview:-1"},"canonical":"https:\/\/lookingforcharly.com\/it\/la-testa-piena-di-sogni\/","og_locale":"it_IT","og_type":"article","og_title":"La testa piena di sogni","og_description":"Secondo Freud, i nostri sogni rivelano chi siamo. Quindi condividi i tuoi sogni con noi e scopri dove ti porta Looking For Charly !","og_url":"https:\/\/lookingforcharly.com\/it\/la-testa-piena-di-sogni\/","og_site_name":"Looking For Charly","article_publisher":"https:\/\/www.facebook.com\/lookingforcharly","article_published_time":"2018-01-07T11:46:00+00:00","article_modified_time":"2024-06-24T14:47:57+00:00","og_image":[{"url":"http:\/\/lookingforcharly.com\/wp-content\/uploads\/2024\/06\/Des-reves-plein-la-tete-1024x683.jpg","type":"","width":"","height":""}],"author":"Daphne","twitter_card":"summary_large_image","twitter_misc":{"Written by":"Daphne","Est. reading time":"7 minutes"},"schema":{"@context":"https:\/\/schema.org","@graph":[{"@type":"Article","@id":"https:\/\/lookingforcharly.com\/it\/la-testa-piena-di-sogni\/#article","isPartOf":{"@id":"https:\/\/lookingforcharly.com\/it\/la-testa-piena-di-sogni\/"},"author":{"name":"Daphne","@id":"https:\/\/lookingforcharly.com\/it\/#\/schema\/person\/7fb1ea89bf2ffa5783a7f11778422101"},"headline":"La testa piena di sogni","datePublished":"2018-01-07T11:46:00+00:00","dateModified":"2024-06-24T14:47:57+00:00","mainEntityOfPage":{"@id":"https:\/\/lookingforcharly.com\/it\/la-testa-piena-di-sogni\/"},"wordCount":787,"publisher":{"@id":"https:\/\/lookingforcharly.com\/it\/#organization"},"image":{"@id":"https:\/\/lookingforcharly.com\/it\/la-testa-piena-di-sogni\/#primaryimage"},"thumbnailUrl":"https:\/\/lookingforcharly.com\/wp-content\/uploads\/2024\/06\/Des-reves-plein-la-tete.jpg","articleSection":["Mondo"],"inLanguage":"it-IT"},{"@type":"WebPage","@id":"https:\/\/lookingforcharly.com\/it\/la-testa-piena-di-sogni\/","url":"https:\/\/lookingforcharly.com\/it\/la-testa-piena-di-sogni\/","name":"La testa piena di sogni","isPartOf":{"@id":"https:\/\/lookingforcharly.com\/it\/#website"},"primaryImageOfPage":{"@id":"https:\/\/lookingforcharly.com\/it\/la-testa-piena-di-sogni\/#primaryimage"},"image":{"@id":"https:\/\/lookingforcharly.com\/it\/la-testa-piena-di-sogni\/#primaryimage"},"thumbnailUrl":"https:\/\/lookingforcharly.com\/wp-content\/uploads\/2024\/06\/Des-reves-plein-la-tete.jpg","datePublished":"2018-01-07T11:46:00+00:00","dateModified":"2024-06-24T14:47:57+00:00","description":"Secondo Freud, i nostri sogni rivelano chi siamo. Quindi condividi i tuoi sogni con noi e scopri dove ti porta Looking For Charly !","breadcrumb":{"@id":"https:\/\/lookingforcharly.com\/it\/la-testa-piena-di-sogni\/#breadcrumb"},"inLanguage":"it-IT","potentialAction":[{"@type":"ReadAction","target":["https:\/\/lookingforcharly.com\/it\/la-testa-piena-di-sogni\/"]}]},{"@type":"ImageObject","inLanguage":"it-IT","@id":"https:\/\/lookingforcharly.com\/it\/la-testa-piena-di-sogni\/#primaryimage","url":"https:\/\/lookingforcharly.com\/wp-content\/uploads\/2024\/06\/Des-reves-plein-la-tete.jpg","contentUrl":"https:\/\/lookingforcharly.com\/wp-content\/uploads\/2024\/06\/Des-reves-plein-la-tete.jpg","width":1280,"height":854},{"@type":"BreadcrumbList","@id":"https:\/\/lookingforcharly.com\/it\/la-testa-piena-di-sogni\/#breadcrumb","itemListElement":[{"@type":"ListItem","position":1,"name":"Accueil","item":"https:\/\/lookingforcharly.com\/it\/"},{"@type":"ListItem","position":2,"name":"Mondo","item":"https:\/\/lookingforcharly.com\/it\/mondo-it\/"},{"@type":"ListItem","position":3,"name":"La testa piena di sogni"}]},{"@type":"WebSite","@id":"https:\/\/lookingforcharly.com\/it\/#website","url":"https:\/\/lookingforcharly.com\/it\/","name":"Looking For Charly","description":"Exp\u00e9riences autour du monde","publisher":{"@id":"https:\/\/lookingforcharly.com\/it\/#organization"},"potentialAction":[{"@type":"SearchAction","target":{"@type":"EntryPoint","urlTemplate":"https:\/\/lookingforcharly.com\/it\/?s={search_term_string}"},"query-input":{"@type":"PropertyValueSpecification","valueRequired":true,"valueName":"search_term_string"}}],"inLanguage":"it-IT"},{"@type":"Organization","@id":"https:\/\/lookingforcharly.com\/it\/#organization","name":"Looking For Charly","alternateName":"L4C","url":"https:\/\/lookingforcharly.com\/it\/","logo":{"@type":"ImageObject","inLanguage":"it-IT","@id":"https:\/\/lookingforcharly.com\/it\/#\/schema\/logo\/image\/","url":"https:\/\/lookingforcharly.com\/wp-content\/uploads\/2024\/03\/cropped-cropped-Logo-Looking-for-Charly.png","contentUrl":"https:\/\/lookingforcharly.com\/wp-content\/uploads\/2024\/03\/cropped-cropped-Logo-Looking-for-Charly.png","width":512,"height":512,"caption":"Looking For Charly"},"image":{"@id":"https:\/\/lookingforcharly.com\/it\/#\/schema\/logo\/image\/"},"sameAs":["https:\/\/www.facebook.com\/lookingforcharly","https:\/\/www.instagram.com\/lookingforcharly\/","https:\/\/www.linkedin.com\/company\/looking-for-charly\/"]},{"@type":"Person","@id":"https:\/\/lookingforcharly.com\/it\/#\/schema\/person\/7fb1ea89bf2ffa5783a7f11778422101","name":"Daphne","image":{"@type":"ImageObject","inLanguage":"it-IT","@id":"https:\/\/lookingforcharly.com\/it\/#\/schema\/person\/image\/","url":"https:\/\/secure.gravatar.com\/avatar\/2ca706e3f813d28833c317a19f4cba15b3da298a104b03edf59c6cb7f563cfc5?s=96&d=mm&r=g","contentUrl":"https:\/\/secure.gravatar.com\/avatar\/2ca706e3f813d28833c317a19f4cba15b3da298a104b03edf59c6cb7f563cfc5?s=96&d=mm&r=g","caption":"Daphne"},"url":"https:\/\/lookingforcharly.com\/it\/author\/daphne\/"}]}},"_links":{"self":[{"href":"https:\/\/lookingforcharly.com\/it\/wp-json\/wp\/v2\/posts\/5002","targetHints":{"allow":["GET"]}}],"collection":[{"href":"https:\/\/lookingforcharly.com\/it\/wp-json\/wp\/v2\/posts"}],"about":[{"href":"https:\/\/lookingforcharly.com\/it\/wp-json\/wp\/v2\/types\/post"}],"author":[{"embeddable":true,"href":"https:\/\/lookingforcharly.com\/it\/wp-json\/wp\/v2\/users\/3"}],"replies":[{"embeddable":true,"href":"https:\/\/lookingforcharly.com\/it\/wp-json\/wp\/v2\/comments?post=5002"}],"version-history":[{"count":0,"href":"https:\/\/lookingforcharly.com\/it\/wp-json\/wp\/v2\/posts\/5002\/revisions"}],"wp:featuredmedia":[{"embeddable":true,"href":"https:\/\/lookingforcharly.com\/it\/wp-json\/wp\/v2\/media\/3205"}],"wp:attachment":[{"href":"https:\/\/lookingforcharly.com\/it\/wp-json\/wp\/v2\/media?parent=5002"}],"wp:term":[{"taxonomy":"category","embeddable":true,"href":"https:\/\/lookingforcharly.com\/it\/wp-json\/wp\/v2\/categories?post=5002"},{"taxonomy":"post_tag","embeddable":true,"href":"https:\/\/lookingforcharly.com\/it\/wp-json\/wp\/v2\/tags?post=5002"}],"curies":[{"name":"wp","href":"https:\/\/api.w.org\/{rel}","templated":true}]}}