{"id":4667,"date":"2019-09-01T14:15:00","date_gmt":"2019-09-01T12:15:00","guid":{"rendered":"https:\/\/tipi.beetrip.pro\/72-heures-en-algarve\/"},"modified":"2024-06-20T16:50:40","modified_gmt":"2024-06-20T14:50:40","slug":"72-ore-in-algarve","status":"publish","type":"post","link":"https:\/\/lookingforcharly.com\/it\/72-ore-in-algarve\/","title":{"rendered":"72 ore in Algarve"},"content":{"rendered":"\t\t<div data-elementor-type=\"wp-post\" data-elementor-id=\"4667\" class=\"elementor elementor-4667 elementor-2730\" data-elementor-post-type=\"post\">\n\t\t\t\t<div class=\"elementor-element elementor-element-2850888b e-flex e-con-boxed e-con e-parent\" data-id=\"2850888b\" data-element_type=\"container\" data-e-type=\"container\" data-settings=\"{&quot;background_background&quot;:&quot;classic&quot;}\">\n\t\t\t\t\t<div class=\"e-con-inner\">\n\t\t\t\t<div class=\"elementor-element elementor-element-299719b3 elementor-invisible elementor-widget elementor-widget-heading\" data-id=\"299719b3\" data-element_type=\"widget\" data-e-type=\"widget\" data-settings=\"{&quot;_animation&quot;:&quot;fadeIn&quot;}\" data-widget_type=\"heading.default\">\n\t\t\t\t<div class=\"elementor-widget-container\">\n\t\t\t\t\t<h1 class=\"elementor-heading-title elementor-size-default\">72 ore in Algarve<\/h1>\t\t\t\t<\/div>\n\t\t\t\t<\/div>\n\t\t\t\t<div class=\"elementor-element elementor-element-19d877a elementor-widget elementor-widget-post-info\" data-id=\"19d877a\" data-element_type=\"widget\" data-e-type=\"widget\" data-widget_type=\"post-info.default\">\n\t\t\t\t<div class=\"elementor-widget-container\">\n\t\t\t\t\t\t\t<ul class=\"elementor-inline-items elementor-icon-list-items elementor-post-info\">\n\t\t\t\t\t\t\t\t<li class=\"elementor-icon-list-item elementor-repeater-item-e7fd4d6 elementor-inline-item\" itemprop=\"about\">\n\t\t\t\t\t\t\t\t\t\t\t\t\t<span class=\"elementor-icon-list-text elementor-post-info__item elementor-post-info__item--type-terms\">\n\t\t\t\t\t\t\t\t\t\t<span class=\"elementor-post-info__terms-list\">\n\t\t\t\t<a href=\"https:\/\/lookingforcharly.com\/it\/europa\/\" class=\"elementor-post-info__terms-list-item\">Europa<\/a>\t\t\t\t<\/span>\n\t\t\t\t\t<\/span>\n\t\t\t\t\t\t\t\t<\/li>\n\t\t\t\t<li class=\"elementor-icon-list-item elementor-repeater-item-932e776 elementor-inline-item\" itemprop=\"datePublished\">\n\t\t\t\t\t\t\t\t\t\t\t\t\t<span class=\"elementor-icon-list-text elementor-post-info__item elementor-post-info__item--type-date\">\n\t\t\t\t\t\t\t<span class=\"elementor-post-info__item-prefix\">le<\/span>\n\t\t\t\t\t\t\t\t\t\t<time>1 September 2019<\/time>\t\t\t\t\t<\/span>\n\t\t\t\t\t\t\t\t<\/li>\n\t\t\t\t<\/ul>\n\t\t\t\t\t\t<\/div>\n\t\t\t\t<\/div>\n\t\t\t\t\t<\/div>\n\t\t\t\t<\/div>\n\t\t<div class=\"elementor-element elementor-element-9cc6b78 e-flex e-con-boxed e-con e-parent\" data-id=\"9cc6b78\" data-element_type=\"container\" data-e-type=\"container\">\n\t\t\t\t\t<div class=\"e-con-inner\">\n\t\t\t\t<div class=\"elementor-element elementor-element-e13ea5b elementor-widget elementor-widget-text-editor\" data-id=\"e13ea5b\" data-element_type=\"widget\" data-e-type=\"widget\" data-widget_type=\"text-editor.default\">\n\t\t\t\t<div class=\"elementor-widget-container\">\n\t\t\t\t\t\t\t\t\t<div><div><div><div><div data-draftjs-conductor-fragment=\"{&quot;blocks&quot;:[{&quot;key&quot;:&quot;f3e6m&quot;,&quot;text&quot;:&quot;L\u2019indirizzo perfetto dove accogliere il vento tiepido dell\u2019estate indiana&quot;,&quot;type&quot;:&quot;unstyled&quot;,&quot;depth&quot;:0,&quot;inlineStyleRanges&quot;:[{&quot;offset&quot;:0,&quot;length&quot;:73,&quot;style&quot;:&quot;15&quot;},{&quot;offset&quot;:0,&quot;length&quot;:73,&quot;style&quot;:&quot;BOLD&quot;},{&quot;offset&quot;:0,&quot;length&quot;:73,&quot;style&quot;:&quot;18&quot;}],&quot;entityRanges&quot;:[],&quot;data&quot;:{&quot;textAlignment&quot;:&quot;center&quot;}},{&quot;key&quot;:&quot;6ni2u&quot;,&quot;text&quot;:&quot; &quot;,&quot;type&quot;:&quot;unstyled&quot;,&quot;depth&quot;:0,&quot;inlineStyleRanges&quot;:[],&quot;entityRanges&quot;:[],&quot;data&quot;:{&quot;textAlignment&quot;:&quot;center&quot;}},{&quot;key&quot;:&quot;3f6hj&quot;,&quot;text&quot;:&quot;L\u2019altra faccia dell\u2019\u2019Algarve, andiamo controcorrente e scopriremo una regione dai colori morbidi e luminosi.&quot;,&quot;type&quot;:&quot;unstyled&quot;,&quot;depth&quot;:0,&quot;inlineStyleRanges&quot;:[{&quot;offset&quot;:0,&quot;length&quot;:108,&quot;style&quot;:&quot;15&quot;},{&quot;offset&quot;:0,&quot;length&quot;:108,&quot;style&quot;:&quot;ITALIC&quot;}],&quot;entityRanges&quot;:[],&quot;data&quot;:{&quot;textAlignment&quot;:&quot;center&quot;}},{&quot;key&quot;:&quot;2k14&quot;,&quot;text&quot;:&quot; &quot;,&quot;type&quot;:&quot;unstyled&quot;,&quot;depth&quot;:0,&quot;inlineStyleRanges&quot;:[],&quot;entityRanges&quot;:[],&quot;data&quot;:{&quot;textAlignment&quot;:&quot;center&quot;}},{&quot;key&quot;:&quot;69rno&quot;,&quot;text&quot;:&quot;Lontano dalle citt\u00e0 balneari e dai complessi turistici di massa, batte il cuore di un\u2019Algarve generosa ed autentica, che ha saputo preservare il suo carattere unico. Ed \u00e8 qui, in questa parte del Portogallo benedetta dalla dolcezza con le sue prelibatezze e i suoi amuleti marittimi, che vi portiamo oggi. In questi luoghi dove le reminiscenze dei grandi navigatori galleggiano ancora nell'aria carica di spruzzi, dove il ritmo della vita \u00e8 scandito non dall\u2019orologio ma dal \u201cvai e vieni\u201d delle maree \u2026 Il luogo e il momento perfetto per cambiare tempo!&quot;,&quot;type&quot;:&quot;unstyled&quot;,&quot;depth&quot;:0,&quot;inlineStyleRanges&quot;:[{&quot;offset&quot;:0,&quot;length&quot;:553,&quot;style&quot;:&quot;15&quot;}],&quot;entityRanges&quot;:[],&quot;data&quot;:{&quot;textAlignment&quot;:&quot;center&quot;}}],&quot;entityMap&quot;:{}}\"><div data-block=\"true\" data-editor=\"editor\" data-offset-key=\"h5wfp-0-0\"><h5 style=\"text-align: center;\" data-offset-key=\"h5wfp-0-0\"><em>L\u2019indirizzo perfetto dove accogliere il vento tiepido dell\u2019estate indiana.<\/em><\/h5><h5 style=\"text-align: center;\" data-offset-key=\"h5wfp-0-0\"><em>\u00a0L\u2019altra faccia dell\u2019\u2019Algarve, andiamo controcorrente e scopriremo una regione dai colori morbidi e luminosi.\u00a0<\/em><\/h5><h5 style=\"text-align: center;\" data-offset-key=\"h5wfp-0-0\"><em>Lontano dalle citt\u00e0 balneari e dai complessi turistici di massa, batte il cuore di un\u2019Algarve generosa ed autentica, che ha saputo preservare il suo carattere unico. <\/em><\/h5><h5 style=\"text-align: center;\" data-offset-key=\"h5wfp-0-0\"><em>Ed \u00e8 qui, in questa parte del Portogallo benedetta dalla dolcezza con le sue prelibatezze e i suoi amuleti marittimi, che vi portiamo oggi.<\/em><\/h5><h5 style=\"text-align: center;\" data-offset-key=\"h5wfp-0-0\"><em>In questi luoghi dove le reminiscenze dei grandi navigatori galleggiano ancora nell\u2019aria carica di spruzzi, dove il ritmo della vita \u00e8 scandito non dall\u2019orologio ma dal \u201cvai e vieni\u201d delle maree \u2026<\/em><\/h5><h5 style=\"text-align: center;\" data-offset-key=\"h5wfp-0-0\"><em>Il luogo e il momento perfetto per cambiare tempo !<\/em><\/h5><p>\u00a0<\/p><\/div><\/div><\/div><\/div><\/div><\/div>\t\t\t\t\t\t\t\t<\/div>\n\t\t\t\t<\/div>\n\t\t\t\t<div class=\"elementor-element elementor-element-c7da0ed elementor-widget elementor-widget-heading\" data-id=\"c7da0ed\" data-element_type=\"widget\" data-e-type=\"widget\" data-widget_type=\"heading.default\">\n\t\t\t\t<div class=\"elementor-widget-container\">\n\t\t\t\t\t<h3 class=\"elementor-heading-title elementor-size-default\">Richiedi il programma !<\/h3>\t\t\t\t<\/div>\n\t\t\t\t<\/div>\n\t\t\t\t<div class=\"elementor-element elementor-element-96dab2e elementor-widget elementor-widget-text-editor\" data-id=\"96dab2e\" data-element_type=\"widget\" data-e-type=\"widget\" data-widget_type=\"text-editor.default\">\n\t\t\t\t<div class=\"elementor-widget-container\">\n\t\t\t\t\t\t\t\t\t<div data-draftjs-conductor-fragment=\"{&quot;blocks&quot;:[{&quot;key&quot;:&quot;3hf2a&quot;,&quot;text&quot;:&quot;AU PROGRAMME: &quot;,&quot;type&quot;:&quot;unstyled&quot;,&quot;depth&quot;:0,&quot;inlineStyleRanges&quot;:[{&quot;offset&quot;:0,&quot;length&quot;:14,&quot;style&quot;:&quot;17&quot;},{&quot;offset&quot;:0,&quot;length&quot;:14,&quot;style&quot;:&quot;BOLD&quot;}],&quot;entityRanges&quot;:[],&quot;data&quot;:{&quot;textAlignment&quot;:&quot;center&quot;}},{&quot;key&quot;:&quot;4svqi&quot;,&quot;text&quot;:&quot; &quot;,&quot;type&quot;:&quot;unstyled&quot;,&quot;depth&quot;:0,&quot;inlineStyleRanges&quot;:[],&quot;entityRanges&quot;:[],&quot;data&quot;:{&quot;textAlignment&quot;:&quot;center&quot;}},{&quot;key&quot;:&quot;7q2re&quot;,&quot;text&quot;:&quot;JOUR 1 - VENDREDI &quot;,&quot;type&quot;:&quot;unstyled&quot;,&quot;depth&quot;:0,&quot;inlineStyleRanges&quot;:[{&quot;offset&quot;:0,&quot;length&quot;:18,&quot;style&quot;:&quot;BOLD&quot;},{&quot;offset&quot;:0,&quot;length&quot;:6,&quot;style&quot;:&quot;18&quot;}],&quot;entityRanges&quot;:[],&quot;data&quot;:{&quot;textAlignment&quot;:&quot;center&quot;}},{&quot;key&quot;:&quot;fbkp5&quot;,&quot;text&quot;:&quot;&quot;,&quot;type&quot;:&quot;unstyled&quot;,&quot;depth&quot;:0,&quot;inlineStyleRanges&quot;:[],&quot;entityRanges&quot;:[],&quot;data&quot;:{&quot;textAlignment&quot;:&quot;justify&quot;}},{&quot;key&quot;:&quot;f73mk&quot;,&quot;text&quot;:&quot;Depuis l\u2019a\u00e9roport de Faro, Malaga ou S\u00e9ville, vous rejoignez votre h\u00f4tel, loti le long du fleuve Guadiana qui marque la fronti\u00e8re entre l\u2019Espagne et le Portugal. Le parfum des orangers, la brise marine et le cri des mouettes qui virevoltent dans les airs vous enveloppent d\u00e9j\u00e0 de leur qui\u00e9tude bienfaitrice. &quot;,&quot;type&quot;:&quot;unstyled&quot;,&quot;depth&quot;:0,&quot;inlineStyleRanges&quot;:[{&quot;offset&quot;:0,&quot;length&quot;:308,&quot;style&quot;:&quot;ITALIC&quot;}],&quot;entityRanges&quot;:[],&quot;data&quot;:{&quot;textAlignment&quot;:&quot;justify&quot;}}],&quot;entityMap&quot;:{}}\"><div data-block=\"true\" data-editor=\"editor\" data-offset-key=\"uyq3x-0-0\"><div><div><div><div data-draftjs-conductor-fragment=\"{&quot;blocks&quot;:[{&quot;key&quot;:&quot;3hf2a&quot;,&quot;text&quot;:&quot;AU PROGRAMME: &quot;,&quot;type&quot;:&quot;unstyled&quot;,&quot;depth&quot;:0,&quot;inlineStyleRanges&quot;:[{&quot;offset&quot;:0,&quot;length&quot;:14,&quot;style&quot;:&quot;17&quot;},{&quot;offset&quot;:0,&quot;length&quot;:14,&quot;style&quot;:&quot;BOLD&quot;}],&quot;entityRanges&quot;:[],&quot;data&quot;:{&quot;textAlignment&quot;:&quot;center&quot;}},{&quot;key&quot;:&quot;4svqi&quot;,&quot;text&quot;:&quot; &quot;,&quot;type&quot;:&quot;unstyled&quot;,&quot;depth&quot;:0,&quot;inlineStyleRanges&quot;:[],&quot;entityRanges&quot;:[],&quot;data&quot;:{&quot;textAlignment&quot;:&quot;center&quot;}},{&quot;key&quot;:&quot;7q2re&quot;,&quot;text&quot;:&quot;JOUR 1 - VENDREDI &quot;,&quot;type&quot;:&quot;unstyled&quot;,&quot;depth&quot;:0,&quot;inlineStyleRanges&quot;:[{&quot;offset&quot;:0,&quot;length&quot;:18,&quot;style&quot;:&quot;BOLD&quot;},{&quot;offset&quot;:0,&quot;length&quot;:6,&quot;style&quot;:&quot;18&quot;}],&quot;entityRanges&quot;:[],&quot;data&quot;:{&quot;textAlignment&quot;:&quot;center&quot;}},{&quot;key&quot;:&quot;fbkp5&quot;,&quot;text&quot;:&quot;&quot;,&quot;type&quot;:&quot;unstyled&quot;,&quot;depth&quot;:0,&quot;inlineStyleRanges&quot;:[],&quot;entityRanges&quot;:[],&quot;data&quot;:{&quot;textAlignment&quot;:&quot;justify&quot;}},{&quot;key&quot;:&quot;f73mk&quot;,&quot;text&quot;:&quot;Depuis l\u2019a\u00e9roport de Faro, Malaga ou S\u00e9ville, vous rejoignez votre h\u00f4tel, loti le long du fleuve Guadiana qui marque la fronti\u00e8re entre l\u2019Espagne et le Portugal. Le parfum des orangers, la brise marine et le cri des mouettes qui virevoltent dans les airs vous enveloppent d\u00e9j\u00e0 de leur qui\u00e9tude bienfaitrice. &quot;,&quot;type&quot;:&quot;unstyled&quot;,&quot;depth&quot;:0,&quot;inlineStyleRanges&quot;:[{&quot;offset&quot;:0,&quot;length&quot;:308,&quot;style&quot;:&quot;ITALIC&quot;}],&quot;entityRanges&quot;:[],&quot;data&quot;:{&quot;textAlignment&quot;:&quot;justify&quot;}}],&quot;entityMap&quot;:{}}\"><div data-block=\"true\" data-editor=\"editor\" data-offset-key=\"uyq3x-0-0\"><div data-offset-key=\"uyq3x-0-0\"><div data-draftjs-conductor-fragment=\"{&quot;blocks&quot;:[{&quot;key&quot;:&quot;arccj&quot;,&quot;text&quot;:&quot;IN PROGRAMMA: &quot;,&quot;type&quot;:&quot;unstyled&quot;,&quot;depth&quot;:0,&quot;inlineStyleRanges&quot;:[{&quot;offset&quot;:0,&quot;length&quot;:14,&quot;style&quot;:&quot;17&quot;},{&quot;offset&quot;:0,&quot;length&quot;:14,&quot;style&quot;:&quot;BOLD&quot;}],&quot;entityRanges&quot;:[],&quot;data&quot;:{&quot;textAlignment&quot;:&quot;center&quot;}},{&quot;key&quot;:&quot;7704m&quot;,&quot;text&quot;:&quot; &quot;,&quot;type&quot;:&quot;unstyled&quot;,&quot;depth&quot;:0,&quot;inlineStyleRanges&quot;:[],&quot;entityRanges&quot;:[],&quot;data&quot;:{&quot;textAlignment&quot;:&quot;center&quot;}},{&quot;key&quot;:&quot;9lkck&quot;,&quot;text&quot;:&quot;GIORNO 1 - VENERDI&quot;,&quot;type&quot;:&quot;unstyled&quot;,&quot;depth&quot;:0,&quot;inlineStyleRanges&quot;:[{&quot;offset&quot;:0,&quot;length&quot;:18,&quot;style&quot;:&quot;BOLD&quot;},{&quot;offset&quot;:0,&quot;length&quot;:9,&quot;style&quot;:&quot;18&quot;}],&quot;entityRanges&quot;:[],&quot;data&quot;:{&quot;textAlignment&quot;:&quot;center&quot;}}],&quot;entityMap&quot;:{}}\"><p style=\"text-align: justify;\" data-block=\"true\" data-editor=\"editor\" data-offset-key=\"jmgco-0-0\"><strong>GIORNO 1 \u2013 VENERDI<\/strong><\/p><\/div><p style=\"text-align: justify;\" data-draftjs-conductor-fragment=\"{&quot;blocks&quot;:[{&quot;key&quot;:&quot;4fal&quot;,&quot;text&quot;:&quot;Dall\u2019aeroporto di Faro, Malaga o Siviglia, raggiungerete il vostro albergo, situato sulle rive del fiume Guadiana che segna la frontiera tra la Spagna ed il Portogallo. Il profumo delle zagare, la brezza marina e il grido dei gabbiani che volteggiano nell\u2019aria, vi avvolgono gi\u00e0 in una quiete benefattrice&quot;,&quot;type&quot;:&quot;unstyled&quot;,&quot;depth&quot;:0,&quot;inlineStyleRanges&quot;:[{&quot;offset&quot;:0,&quot;length&quot;:305,&quot;style&quot;:&quot;ITALIC&quot;}],&quot;entityRanges&quot;:[],&quot;data&quot;:{&quot;textAlignment&quot;:&quot;justify&quot;}}],&quot;entityMap&quot;:{}}\">Dall\u2019aeroporto di Faro, Malaga o Siviglia, raggiungerete il vostro a<strong><span style=\"color: #bfa800;\">lbergo, situato sulle rive del fiume Guadiana<\/span><\/strong> che segna la frontiera tra la Spagna ed il Portogallo. Il profumo delle zagare, la brezza marina e il grido dei gabbiani che volteggiano nell\u2019aria, vi avvolgono gi\u00e0 in una quiete benefattrice.<\/p><\/div><\/div><div data-block=\"true\" data-editor=\"editor\" data-offset-key=\"8vpca-0-0\"><div data-offset-key=\"8vpca-0-0\"><div data-draftjs-conductor-fragment=\"{&quot;blocks&quot;:[{&quot;key&quot;:&quot;2e8me&quot;,&quot;text&quot;:&quot;\u200b\u200b10h00 \u2013 Poser vos valises \u00e0 l\u2019h\u00f4tel The Grand House&quot;,&quot;type&quot;:&quot;unstyled&quot;,&quot;depth&quot;:0,&quot;inlineStyleRanges&quot;:[{&quot;offset&quot;:0,&quot;length&quot;:53,&quot;style&quot;:&quot;BOLD&quot;},{&quot;offset&quot;:0,&quot;length&quot;:8,&quot;style&quot;:&quot;18&quot;},{&quot;offset&quot;:10,&quot;length&quot;:43,&quot;style&quot;:&quot;16&quot;}],&quot;entityRanges&quot;:[],&quot;data&quot;:{}},{&quot;key&quot;:&quot;ci595&quot;,&quot;text&quot;:&quot;L\u00e0 o\u00f9 la lumi\u00e8re de l\u2019Algarve \u00e9pouse le charme de la Belle Epoque\u2026 Dans cette maison, enti\u00e8rement restaur\u00e9e, tout a \u00e9t\u00e9 pens\u00e9 pour vous faire voyager dans le temps. L\u2019\u00e9l\u00e9gante architecture des ann\u00e9es 20\u2019, le design intemporel, les saveurs de la gastronomie bio d\u2019origine locale et le beach-club \u00e0 5 minutes de l\u00e0 vous ouvrent les portes d\u2019une lifestyle irr\u00e9sistible.&quot;,&quot;type&quot;:&quot;unstyled&quot;,&quot;depth&quot;:0,&quot;inlineStyleRanges&quot;:[{&quot;offset&quot;:0,&quot;length&quot;:366,&quot;style&quot;:&quot;ITALIC&quot;}],&quot;entityRanges&quot;:[],&quot;data&quot;:{&quot;textAlignment&quot;:&quot;justify&quot;}}],&quot;entityMap&quot;:{}}\"><div data-block=\"true\" data-editor=\"editor\" data-offset-key=\"j9hi5-0-0\"><div data-offset-key=\"j9hi5-0-0\"><p style=\"text-align: justify;\"><strong>Ore 10.00<\/strong> \u2013 Posate i bagagli al <strong><span style=\"color: #bfa800;\">Grand House<\/span><\/strong>.<\/p><p style=\"text-align: justify;\" data-draftjs-conductor-fragment=\"{&quot;blocks&quot;:[{&quot;key&quot;:&quot;5i1ao&quot;,&quot;text&quot;:&quot;Dove la luce dell\u2019Algarve sposa lo charme della Belle Epoque\u2026 In questa casa, completamente restaurata, tutto \u00e8 pensato per farvi viaggiare nel tempo. L\u2019elegante architettura degli anni 20, il design senza tempo, i sapori della gastronomia locale assolutamente bio e il beach-club a soli 5 minuti, vi aprono le porte su uno stile di vita davvero irresistibile&quot;,&quot;type&quot;:&quot;unstyled&quot;,&quot;depth&quot;:0,&quot;inlineStyleRanges&quot;:[{&quot;offset&quot;:0,&quot;length&quot;:359,&quot;style&quot;:&quot;ITALIC&quot;}],&quot;entityRanges&quot;:[],&quot;data&quot;:{&quot;textAlignment&quot;:&quot;justify&quot;}}],&quot;entityMap&quot;:{}}\">Dove la luce dell\u2019Algarve sposa lo charme della Belle Epoque\u2026 In questa casa, completamente restaurata, tutto \u00e8 pensato per farvi <strong><span style=\"color: #bfa800;\">viaggiare nel tempo<\/span><\/strong>. L\u2019elegante architettura degli anni 20, il design senza tempo, i sapori della gastronomia locale assolutamente bio e il beach-club a soli 5 minuti, vi aprono le porte su <strong><span style=\"color: #bfa800;\">uno stile di vita davvero irresistibile<\/span><\/strong>.<\/p><\/div><\/div><\/div><\/div><\/div><\/div><\/div><\/div><\/div><\/div><\/div>\t\t\t\t\t\t\t\t<\/div>\n\t\t\t\t<\/div>\n\t\t\t\t<div class=\"elementor-element elementor-element-d8b1f8d elementor-widget elementor-widget-image\" data-id=\"d8b1f8d\" data-element_type=\"widget\" data-e-type=\"widget\" data-widget_type=\"image.default\">\n\t\t\t\t<div class=\"elementor-widget-container\">\n\t\t\t\t\t\t\t\t\t\t\t\t\t\t\t\t<a href=\"http:\/\/lookingforcharly.com\/wp-content\/uploads\/2019\/09\/The-Grand-House-Algarve.jpg\" data-elementor-open-lightbox=\"yes\" data-elementor-lightbox-title=\"The Grand House Algarve\" data-e-action-hash=\"#elementor-action%3Aaction%3Dlightbox%26settings%3DeyJpZCI6MjczNSwidXJsIjoiaHR0cHM6XC9cL2xvb2tpbmdmb3JjaGFybHkuY29tXC93cC1jb250ZW50XC91cGxvYWRzXC8yMDE5XC8wOVwvVGhlLUdyYW5kLUhvdXNlLUFsZ2FydmUuanBnIn0%3D\">\n\t\t\t\t\t\t\t<img fetchpriority=\"high\" decoding=\"async\" width=\"1920\" height=\"1000\" src=\"https:\/\/lookingforcharly.com\/wp-content\/uploads\/2019\/09\/The-Grand-House-Algarve.jpg\" class=\"attachment-full size-full wp-image-2735\" alt=\"\" srcset=\"https:\/\/lookingforcharly.com\/wp-content\/uploads\/2019\/09\/The-Grand-House-Algarve.jpg 1920w, https:\/\/lookingforcharly.com\/wp-content\/uploads\/2019\/09\/The-Grand-House-Algarve-300x156.jpg 300w, https:\/\/lookingforcharly.com\/wp-content\/uploads\/2019\/09\/The-Grand-House-Algarve-1024x533.jpg 1024w, https:\/\/lookingforcharly.com\/wp-content\/uploads\/2019\/09\/The-Grand-House-Algarve-768x400.jpg 768w, https:\/\/lookingforcharly.com\/wp-content\/uploads\/2019\/09\/The-Grand-House-Algarve-1536x800.jpg 1536w\" sizes=\"(max-width: 1920px) 100vw, 1920px\" \/>\t\t\t\t\t\t\t\t<\/a>\n\t\t\t\t\t\t\t\t\t\t\t\t\t\t\t<\/div>\n\t\t\t\t<\/div>\n\t\t\t\t<div class=\"elementor-element elementor-element-c695db4 elementor-widget elementor-widget-text-editor\" data-id=\"c695db4\" data-element_type=\"widget\" data-e-type=\"widget\" data-widget_type=\"text-editor.default\">\n\t\t\t\t<div class=\"elementor-widget-container\">\n\t\t\t\t\t\t\t\t\t<p style=\"text-align: justify;\"><strong>Ore 11.00\u00a0\u2013<\/strong> Passeggiata a Vila Real de San Antonio.\u00a0Non lontano dalle barche a vela ormeggiate lungo il fiume, nella piazza Marques de Pombal batte il cuore di questa autentica cittadina costiera. \u00c8 giunto il momento di perdersi tra le sue stradine bianche e dritte prima di lasciarsi tentare dai <strong><span style=\"color: #bfa800;\">sapori,<\/span><\/strong> dai <span style=\"color: #bfa800;\"><strong>colori<\/strong><\/span> e<strong><span style=\"color: #bfa800;\"> dal ritmo della vita locale<\/span><\/strong> nell\u2019autenticissimo mercato coperto.<\/p><div data-draftjs-conductor-fragment=\"{&quot;blocks&quot;:[{&quot;key&quot;:&quot;ctpo1&quot;,&quot;text&quot;:&quot;13h30 \u2013 Envoler vos papilles au Grand Beach House&quot;,&quot;type&quot;:&quot;unstyled&quot;,&quot;depth&quot;:0,&quot;inlineStyleRanges&quot;:[{&quot;offset&quot;:0,&quot;length&quot;:49,&quot;style&quot;:&quot;BOLD&quot;},{&quot;offset&quot;:0,&quot;length&quot;:6,&quot;style&quot;:&quot;18&quot;}],&quot;entityRanges&quot;:[],&quot;data&quot;:{&quot;textAlignment&quot;:&quot;justify&quot;}},{&quot;key&quot;:&quot;521ut&quot;,&quot;text&quot;:&quot;Vous \u00eates sur le point de percer le secret d\u2019une cataplana de poissons et de fruits de mer aux saveurs explosives. Cette sp\u00e9cialit\u00e9 traditionnelle de l\u2019Algarve doit ses propri\u00e9t\u00e9s gustatives \u00e0 la marmite en cuivre dans laquelle elle mijote lentement\u2026 Pourtant, vous avez la conviction que c\u2019est les \u00e9pices qui sont au c\u0153ur de la richesse aromatique du plat. A moins que\u2026 Ce petit go\u00fbt de coriandre ?  &quot;,&quot;type&quot;:&quot;unstyled&quot;,&quot;depth&quot;:0,&quot;inlineStyleRanges&quot;:[{&quot;offset&quot;:0,&quot;length&quot;:401,&quot;style&quot;:&quot;ITALIC&quot;}],&quot;entityRanges&quot;:[],&quot;data&quot;:{&quot;textAlignment&quot;:&quot;justify&quot;}}],&quot;entityMap&quot;:{}}\"><div data-block=\"true\" data-editor=\"editor\" data-offset-key=\"xzwh8-0-0\"><div style=\"text-align: justify;\" data-offset-key=\"xzwh8-0-0\"><strong>Ore 13.30 \u2013<\/strong>\u00a0Far vibrare le papille al Grand Beach House.\u00a0\u00a0State per scoprire <span style=\"color: #bfa800;\"><strong>il segreto di una cataplana di pesce e frutti di mare<\/strong><\/span> dal sapore esplosivo. Questa specialit\u00e0 della tradizione dell\u2019Algarve, deve il suo particolare sapore alla marmitta di rame nella quale cuoce lentamente \u2026 Eppure avrete la convinzione che quel gustino cos\u00ec particolare sia dato dalle spezie e perch\u00e9 no, dal coriandolo!<\/div><\/div><\/div>\t\t\t\t\t\t\t\t<\/div>\n\t\t\t\t<\/div>\n\t\t\t\t<div class=\"elementor-element elementor-element-c9e1722 elementor-widget elementor-widget-image\" data-id=\"c9e1722\" data-element_type=\"widget\" data-e-type=\"widget\" data-widget_type=\"image.default\">\n\t\t\t\t<div class=\"elementor-widget-container\">\n\t\t\t\t\t\t\t\t\t\t\t\t\t\t\t\t<a href=\"http:\/\/lookingforcharly.com\/wp-content\/uploads\/2019\/09\/Grand-Beach-Club-algrave.jpg\" data-elementor-open-lightbox=\"yes\" data-elementor-lightbox-title=\"Grand-Beach-Club-algrave\" data-e-action-hash=\"#elementor-action%3Aaction%3Dlightbox%26settings%3DeyJpZCI6MjczOCwidXJsIjoiaHR0cHM6XC9cL2xvb2tpbmdmb3JjaGFybHkuY29tXC93cC1jb250ZW50XC91cGxvYWRzXC8yMDE5XC8wOVwvR3JhbmQtQmVhY2gtQ2x1Yi1hbGdyYXZlLmpwZyJ9\">\n\t\t\t\t\t\t\t<img decoding=\"async\" width=\"1024\" height=\"560\" src=\"https:\/\/lookingforcharly.com\/wp-content\/uploads\/2019\/09\/Grand-Beach-Club-algrave.jpg\" class=\"attachment-full size-full wp-image-2738\" alt=\"\" srcset=\"https:\/\/lookingforcharly.com\/wp-content\/uploads\/2019\/09\/Grand-Beach-Club-algrave.jpg 1024w, https:\/\/lookingforcharly.com\/wp-content\/uploads\/2019\/09\/Grand-Beach-Club-algrave-300x164.jpg 300w, https:\/\/lookingforcharly.com\/wp-content\/uploads\/2019\/09\/Grand-Beach-Club-algrave-768x420.jpg 768w\" sizes=\"(max-width: 1024px) 100vw, 1024px\" \/>\t\t\t\t\t\t\t\t<\/a>\n\t\t\t\t\t\t\t\t\t\t\t\t\t\t\t<\/div>\n\t\t\t\t<\/div>\n\t\t\t\t<div class=\"elementor-element elementor-element-624c97f elementor-widget elementor-widget-text-editor\" data-id=\"624c97f\" data-element_type=\"widget\" data-e-type=\"widget\" data-widget_type=\"text-editor.default\">\n\t\t\t\t<div class=\"elementor-widget-container\">\n\t\t\t\t\t\t\t\t\t<div data-draftjs-conductor-fragment=\"{&quot;blocks&quot;:[{&quot;key&quot;:&quot;9bk67&quot;,&quot;text&quot;:&quot;15h00 \u2013 Faire une d\u00e9couverte qui ne manque pas de sel&quot;,&quot;type&quot;:&quot;unstyled&quot;,&quot;depth&quot;:0,&quot;inlineStyleRanges&quot;:[{&quot;offset&quot;:0,&quot;length&quot;:53,&quot;style&quot;:&quot;BOLD&quot;},{&quot;offset&quot;:0,&quot;length&quot;:6,&quot;style&quot;:&quot;18&quot;}],&quot;entityRanges&quot;:[],&quot;data&quot;:{}},{&quot;key&quot;:&quot;ag5h4&quot;,&quot;text&quot;:&quot;Apr\u00e8s avoir pris d\u2019assaut la forteresse m\u00e9di\u00e9vale qui surplombe la plaine mar\u00e9cageuse du Guadiana, Jorge et sa famille vous accueillent dans leur magnifique propri\u00e9t\u00e9 pour vous conter l\u2019histoire du lieu et la r\u00e9colte de l\u2019or blanc. Les marais salants de Castro Marim sont en effet devenus le lieu de refuge de milliers d\u2019oiseaux attir\u00e9s par les eaux poissoneuses, les molusques et les crustac\u00e9s.&quot;,&quot;type&quot;:&quot;unstyled&quot;,&quot;depth&quot;:0,&quot;inlineStyleRanges&quot;:[{&quot;offset&quot;:0,&quot;length&quot;:395,&quot;style&quot;:&quot;ITALIC&quot;}],&quot;entityRanges&quot;:[],&quot;data&quot;:{&quot;textAlignment&quot;:&quot;justify&quot;}}],&quot;entityMap&quot;:{}}\"><div data-block=\"true\" data-editor=\"editor\" data-offset-key=\"uf7ch-0-0\"><div data-offset-key=\"uf7ch-0-0\"><div data-draftjs-conductor-fragment=\"{&quot;blocks&quot;:[{&quot;key&quot;:&quot;9bk67&quot;,&quot;text&quot;:&quot;15h00 \u2013 Faire une d\u00e9couverte qui ne manque pas de sel&quot;,&quot;type&quot;:&quot;unstyled&quot;,&quot;depth&quot;:0,&quot;inlineStyleRanges&quot;:[{&quot;offset&quot;:0,&quot;length&quot;:53,&quot;style&quot;:&quot;BOLD&quot;},{&quot;offset&quot;:0,&quot;length&quot;:6,&quot;style&quot;:&quot;18&quot;}],&quot;entityRanges&quot;:[],&quot;data&quot;:{}},{&quot;key&quot;:&quot;ag5h4&quot;,&quot;text&quot;:&quot;Apr\u00e8s avoir pris d\u2019assaut la forteresse m\u00e9di\u00e9vale qui surplombe la plaine mar\u00e9cageuse du Guadiana, Jorge et sa famille vous accueillent dans leur magnifique propri\u00e9t\u00e9 pour vous conter l\u2019histoire du lieu et la r\u00e9colte de l\u2019or blanc. Les marais salants de Castro Marim sont en effet devenus le lieu de refuge de milliers d\u2019oiseaux attir\u00e9s par les eaux poissoneuses, les molusques et les crustac\u00e9s.&quot;,&quot;type&quot;:&quot;unstyled&quot;,&quot;depth&quot;:0,&quot;inlineStyleRanges&quot;:[{&quot;offset&quot;:0,&quot;length&quot;:395,&quot;style&quot;:&quot;ITALIC&quot;}],&quot;entityRanges&quot;:[],&quot;data&quot;:{&quot;textAlignment&quot;:&quot;justify&quot;}}],&quot;entityMap&quot;:{}}\"><div data-block=\"true\" data-editor=\"editor\" data-offset-key=\"uf7ch-0-0\"><div data-offset-key=\"uf7ch-0-0\"><p style=\"text-align: justify;\"><strong>Ore 15.00 \u2013<\/strong>\u00a0Fare una scoperta per niente insipida.\u00a0<\/p><p style=\"text-align: justify;\">Dopo aver preso d\u2019assalto la fortezza medievale che si affaccia sulla pianura paludosa di Guadiana, Jorge e la sua famiglia vi accoglieranno nella loro magnifica propriet\u00e0 per raccontarvi la storia di quei luoghi e il metodo di raccolta dell\u2019oro bianco. <strong><span style=\"color: #bfa800;\">Le saline di Castro Marim<\/span> <\/strong>sono diventate rifugio per moltissime specie d\u2019uccelli, attirati dalle acque\u00a0estremamente ricche di pesce e crostacei.<\/p><div data-draftjs-conductor-fragment=\"{&quot;blocks&quot;:[{&quot;key&quot;:&quot;6ks6v&quot;,&quot;text&quot;:&quot;20h00 \u2013 Explorer Ayamonte\u2026 par les papilles !&quot;,&quot;type&quot;:&quot;unstyled&quot;,&quot;depth&quot;:0,&quot;inlineStyleRanges&quot;:[{&quot;offset&quot;:0,&quot;length&quot;:45,&quot;style&quot;:&quot;BOLD&quot;},{&quot;offset&quot;:0,&quot;length&quot;:6,&quot;style&quot;:&quot;18&quot;}],&quot;entityRanges&quot;:[],&quot;data&quot;:{}},{&quot;key&quot;:&quot;93aep&quot;,&quot;text&quot;:&quot;Le restaurant LPA Culinary Bar vous donne une bonne raison de traverser le fleuve pour prendre la temp\u00e9rature de la cit\u00e9 d\u2019Ayamonte situ\u00e9e c\u00f4t\u00e9 espagnol. Dans l\u2019ambiance oisive et douce d\u2019une soir\u00e9e andalouse, vous savourez des p\u00e9pites de la bistronomie locale \u00e0 vous damner&quot;,&quot;type&quot;:&quot;unstyled&quot;,&quot;depth&quot;:0,&quot;inlineStyleRanges&quot;:[{&quot;offset&quot;:0,&quot;length&quot;:274,&quot;style&quot;:&quot;ITALIC&quot;}],&quot;entityRanges&quot;:[],&quot;data&quot;:{&quot;textAlignment&quot;:&quot;justify&quot;}}],&quot;entityMap&quot;:{}}\"><div data-block=\"true\" data-editor=\"editor\" data-offset-key=\"85h93-0-0\"><p style=\"text-align: justify;\" data-offset-key=\"85h93-0-0\"><strong>Ore 20.00 \u2013<\/strong> Esplorare Ayamonte\u2026 aguzzate i sensi !<\/p><p style=\"text-align: justify;\" data-offset-key=\"85h93-0-0\">Il ristorante <strong><span style=\"color: #bfa800;\">LPA Culinary Bar<\/span><\/strong> \u00e8 un\u2019ottima ragione per attraversare il fiume e di conseguenza il confine e scoprire la cittadine di Ayamonte, <strong><span style=\"color: #bfa800;\">siete in Spagna<\/span><\/strong> ! Nell\u2019atmosfera oziosa e dolce di una <strong><span style=\"color: #bfa800;\">serata andalusa<\/span><\/strong>, assaporerete le pepite della gastronomia locale che vi faranno vibrare di piacere.<\/p><\/div><\/div><\/div><\/div><\/div><\/div><\/div><\/div>\t\t\t\t\t\t\t\t<\/div>\n\t\t\t\t<\/div>\n\t\t\t\t<div class=\"elementor-element elementor-element-e59e3ff elementor-widget elementor-widget-image\" data-id=\"e59e3ff\" data-element_type=\"widget\" data-e-type=\"widget\" data-widget_type=\"image.default\">\n\t\t\t\t<div class=\"elementor-widget-container\">\n\t\t\t\t\t\t\t\t\t\t\t\t\t\t\t\t<a href=\"http:\/\/lookingforcharly.com\/wp-content\/uploads\/2019\/09\/Capture-decran-2021-01-14-a-13.12.56.png\" data-elementor-open-lightbox=\"yes\" data-elementor-lightbox-title=\"Capture-de\u0301cran-2021-01-14-a\u0300-13.12.56\" data-e-action-hash=\"#elementor-action%3Aaction%3Dlightbox%26settings%3DeyJpZCI6Mjc0MSwidXJsIjoiaHR0cHM6XC9cL2xvb2tpbmdmb3JjaGFybHkuY29tXC93cC1jb250ZW50XC91cGxvYWRzXC8yMDE5XC8wOVwvQ2FwdHVyZS1kZWNyYW4tMjAyMS0wMS0xNC1hLTEzLjEyLjU2LnBuZyJ9\">\n\t\t\t\t\t\t\t<img decoding=\"async\" width=\"595\" height=\"597\" src=\"https:\/\/lookingforcharly.com\/wp-content\/uploads\/2019\/09\/Capture-decran-2021-01-14-a-13.12.56.png\" class=\"attachment-full size-full wp-image-2741\" alt=\"\" srcset=\"https:\/\/lookingforcharly.com\/wp-content\/uploads\/2019\/09\/Capture-decran-2021-01-14-a-13.12.56.png 595w, https:\/\/lookingforcharly.com\/wp-content\/uploads\/2019\/09\/Capture-decran-2021-01-14-a-13.12.56-300x300.png 300w, https:\/\/lookingforcharly.com\/wp-content\/uploads\/2019\/09\/Capture-decran-2021-01-14-a-13.12.56-150x150.png 150w\" sizes=\"(max-width: 595px) 100vw, 595px\" \/>\t\t\t\t\t\t\t\t<\/a>\n\t\t\t\t\t\t\t\t\t\t\t\t\t\t\t<\/div>\n\t\t\t\t<\/div>\n\t\t\t\t<div class=\"elementor-element elementor-element-4459b94 elementor-widget elementor-widget-heading\" data-id=\"4459b94\" data-element_type=\"widget\" data-e-type=\"widget\" data-widget_type=\"heading.default\">\n\t\t\t\t<div class=\"elementor-widget-container\">\n\t\t\t\t\t<h3 class=\"elementor-heading-title elementor-size-default\">Quid de la s\u00e9curit\u00e9 sur place  ? <\/h3>\t\t\t\t<\/div>\n\t\t\t\t<\/div>\n\t\t\t\t<div class=\"elementor-element elementor-element-6e2eb52 elementor-widget elementor-widget-text-editor\" data-id=\"6e2eb52\" data-element_type=\"widget\" data-e-type=\"widget\" data-widget_type=\"text-editor.default\">\n\t\t\t\t<div class=\"elementor-widget-container\">\n\t\t\t\t\t\t\t\t\t<div data-draftjs-conductor-fragment=\"{&quot;blocks&quot;:[{&quot;key&quot;:&quot;b9ant&quot;,&quot;text&quot;:&quot;GIORNO 2 \u2013 SABATO&quot;,&quot;type&quot;:&quot;unstyled&quot;,&quot;depth&quot;:0,&quot;inlineStyleRanges&quot;:[{&quot;offset&quot;:0,&quot;length&quot;:17,&quot;style&quot;:&quot;BOLD&quot;},{&quot;offset&quot;:0,&quot;length&quot;:9,&quot;style&quot;:&quot;18&quot;}],&quot;entityRanges&quot;:[],&quot;data&quot;:{&quot;textAlignment&quot;:&quot;center&quot;}},{&quot;key&quot;:&quot;c70u9&quot;,&quot;text&quot;:&quot;&quot;,&quot;type&quot;:&quot;unstyled&quot;,&quot;depth&quot;:0,&quot;inlineStyleRanges&quot;:[],&quot;entityRanges&quot;:[],&quot;data&quot;:{&quot;textAlignment&quot;:&quot;justify&quot;}}],&quot;entityMap&quot;:{}}\"><div data-block=\"true\" data-editor=\"editor\" data-offset-key=\"zhomy-0-0\"><p data-offset-key=\"zhomy-0-0\"><strong>GIORNO 2 \u2013 SABATO<\/strong><\/p><\/div><div data-offset-key=\"un5xg-0-0\"><p style=\"text-align: justify;\"><strong>Ore 9.00 \u2013<\/strong> Risvegliare il palato.\u00a0<\/p><p style=\"text-align: justify;\">Una sfoglia croccante e dorata, l\u2019aroma della vaniglia, la crema pasticcera fatta con le uova fresche, risveglieranno le vostre papille scosse da un fuoco d\u2019artificio del gusto \u2026 Spolverate di zucchero a velo e\/o cannella, le famose <strong><span style=\"color: #bfa800;\">Past\u00e9is de nata<\/span><\/strong> sono le <span style=\"color: #bfa800;\"><strong>stars de della pasticceria portoghese.<\/strong><\/span> Impossibile resistere !<\/p><\/div><div data-offset-key=\"un5xg-0-0\"><p style=\"text-align: justify;\"><strong>\u200bOre 10.30 \u2013<\/strong> Giocare all\u2019ornitologo.<\/p><p style=\"text-align: justify;\">Tra terra e oceano, il Parco Naturale <span style=\"color: #bfa800;\"><strong>Ria Formensa<\/strong><\/span> vi stupir\u00e0 per la bellezza delle sue dune che proteggono il parco naturale. <strong><span style=\"color: #bfa800;\">A bordo di una barca ad energia solare<\/span><\/strong>, silenziosa ed ecologica, vi lascerete trasportare dalla <strong><span style=\"color: #bfa800;\">bellezza<\/span><\/strong> di questo <strong><span style=\"color: #bfa800;\">ecosistema lagunare<\/span><\/strong>, scortati da migliaia di uccelli migratori.<\/p><\/div><\/div>\t\t\t\t\t\t\t\t<\/div>\n\t\t\t\t<\/div>\n\t\t\t\t<div class=\"elementor-element elementor-element-f115dfe elementor-widget elementor-widget-image\" data-id=\"f115dfe\" data-element_type=\"widget\" data-e-type=\"widget\" data-widget_type=\"image.default\">\n\t\t\t\t<div class=\"elementor-widget-container\">\n\t\t\t\t\t\t\t\t\t\t\t\t\t\t\t\t<a href=\"http:\/\/lookingforcharly.com\/wp-content\/uploads\/2019\/09\/Algarve_Ria_Formosa_18-1280x852-1.jpg\" data-elementor-open-lightbox=\"yes\" data-elementor-lightbox-title=\"Algarve_Ria_Formosa_18-1280x852\" data-e-action-hash=\"#elementor-action%3Aaction%3Dlightbox%26settings%3DeyJpZCI6Mjc0NCwidXJsIjoiaHR0cHM6XC9cL2xvb2tpbmdmb3JjaGFybHkuY29tXC93cC1jb250ZW50XC91cGxvYWRzXC8yMDE5XC8wOVwvQWxnYXJ2ZV9SaWFfRm9ybW9zYV8xOC0xMjgweDg1Mi0xLmpwZyJ9\">\n\t\t\t\t\t\t\t<img loading=\"lazy\" decoding=\"async\" width=\"1280\" height=\"852\" src=\"https:\/\/lookingforcharly.com\/wp-content\/uploads\/2019\/09\/Algarve_Ria_Formosa_18-1280x852-1.jpg\" class=\"attachment-full size-full wp-image-2744\" alt=\"\" srcset=\"https:\/\/lookingforcharly.com\/wp-content\/uploads\/2019\/09\/Algarve_Ria_Formosa_18-1280x852-1.jpg 1280w, https:\/\/lookingforcharly.com\/wp-content\/uploads\/2019\/09\/Algarve_Ria_Formosa_18-1280x852-1-300x200.jpg 300w, https:\/\/lookingforcharly.com\/wp-content\/uploads\/2019\/09\/Algarve_Ria_Formosa_18-1280x852-1-1024x682.jpg 1024w, https:\/\/lookingforcharly.com\/wp-content\/uploads\/2019\/09\/Algarve_Ria_Formosa_18-1280x852-1-768x511.jpg 768w\" sizes=\"(max-width: 1280px) 100vw, 1280px\" \/>\t\t\t\t\t\t\t\t<\/a>\n\t\t\t\t\t\t\t\t\t\t\t\t\t\t\t<\/div>\n\t\t\t\t<\/div>\n\t\t\t\t<div class=\"elementor-element elementor-element-02441a0 elementor-widget elementor-widget-text-editor\" data-id=\"02441a0\" data-element_type=\"widget\" data-e-type=\"widget\" data-widget_type=\"text-editor.default\">\n\t\t\t\t<div class=\"elementor-widget-container\">\n\t\t\t\t\t\t\t\t\t<div><div><div><div data-draftjs-conductor-fragment=\"{&quot;blocks&quot;:[{&quot;key&quot;:&quot;erd51&quot;,&quot;text&quot;:&quot;Quel meilleur cadre qu\u2019une \u00eele vierge de la Ria Formensa pour une d\u00e9gustation d\u2019hu\u00eetres, de crevettes et de produits de la r\u00e9gion. Berc\u00e9s par les accords des vagues qui vont et qui viennent sur les sables dor\u00e9s, vous nagez dans un grand bain de lumi\u00e8re, d\u2019insouciance et de convivialit\u00e9&quot;,&quot;type&quot;:&quot;unstyled&quot;,&quot;depth&quot;:0,&quot;inlineStyleRanges&quot;:[{&quot;offset&quot;:0,&quot;length&quot;:286,&quot;style&quot;:&quot;ITALIC&quot;}],&quot;entityRanges&quot;:[],&quot;data&quot;:{&quot;textAlignment&quot;:&quot;justify&quot;}}],&quot;entityMap&quot;:{}}\"><p data-draftjs-conductor-fragment=\"{&quot;blocks&quot;:[{&quot;key&quot;:&quot;5eook&quot;,&quot;text&quot;:&quot;12h30 \u2013 Accoster sur une \u00eele d\u00e9serte&quot;,&quot;type&quot;:&quot;unstyled&quot;,&quot;depth&quot;:0,&quot;inlineStyleRanges&quot;:[{&quot;offset&quot;:0,&quot;length&quot;:5,&quot;style&quot;:&quot;BOLD&quot;},{&quot;offset&quot;:6,&quot;length&quot;:30,&quot;style&quot;:&quot;BOLD&quot;},{&quot;offset&quot;:0,&quot;length&quot;:5,&quot;style&quot;:&quot;18&quot;}],&quot;entityRanges&quot;:[],&quot;data&quot;:{}}],&quot;entityMap&quot;:{}}\"><strong>Ore 12.30 \u2013<\/strong> Attraccare su un\u2019isola deserta<\/p><p data-draftjs-conductor-fragment=\"{&quot;blocks&quot;:[{&quot;key&quot;:&quot;5eook&quot;,&quot;text&quot;:&quot;12h30 \u2013 Accoster sur une \u00eele d\u00e9serte&quot;,&quot;type&quot;:&quot;unstyled&quot;,&quot;depth&quot;:0,&quot;inlineStyleRanges&quot;:[{&quot;offset&quot;:0,&quot;length&quot;:5,&quot;style&quot;:&quot;BOLD&quot;},{&quot;offset&quot;:6,&quot;length&quot;:30,&quot;style&quot;:&quot;BOLD&quot;},{&quot;offset&quot;:0,&quot;length&quot;:5,&quot;style&quot;:&quot;18&quot;}],&quot;entityRanges&quot;:[],&quot;data&quot;:{}}],&quot;entityMap&quot;:{}}\">Conoscete un posto migliore di un\u2019isola vergine del parco Ria Formensa per<strong><span style=\"color: #bfa800;\"> una degustazione<\/span><\/strong> di ostriche, gamberetti e prodotti tipici della regione ? Cullati dal ritmo delle onde che placidamente si infrangono sulla <strong><span style=\"color: #bfa800;\">sabbia dorata<\/span><\/strong>, contornati dalla luce magica di questo posto vivrete un momento spensierato e conviviale.<\/p><div data-draftjs-conductor-fragment=\"{&quot;blocks&quot;:[{&quot;key&quot;:&quot;74p63&quot;,&quot;text&quot;:&quot;14h30 \u2013 Oublier les probl\u00e9matiques du temps \u00e0 Tavira&quot;,&quot;type&quot;:&quot;unstyled&quot;,&quot;depth&quot;:0,&quot;inlineStyleRanges&quot;:[{&quot;offset&quot;:0,&quot;length&quot;:5,&quot;style&quot;:&quot;BOLD&quot;},{&quot;offset&quot;:6,&quot;length&quot;:46,&quot;style&quot;:&quot;BOLD&quot;},{&quot;offset&quot;:6,&quot;length&quot;:46,&quot;style&quot;:&quot;15&quot;}],&quot;entityRanges&quot;:[],&quot;data&quot;:{}},{&quot;key&quot;:&quot;afoau&quot;,&quot;text&quot;:&quot;Pour saisir l\u2019ADN de ce bijou de cit\u00e9 portugaise, fond\u00e9 par les ph\u00e9niciens, il faut prendre le temps de d\u00e9ambuler dans ses ruelles \u00e9troites. \u00c9glises au charme baroque, maisons habill\u00e9es d\u2019azulejos, charme arty et contacts chaleureux : tout ici respire la Dolce Vita portugaise. Quand le soleil d\u00e9cline, on ne r\u00e9siste pas \u00e0 l\u2019appel des terrasses bordant le fleuve rio Gil\u00e3o&quot;,&quot;type&quot;:&quot;unstyled&quot;,&quot;depth&quot;:0,&quot;inlineStyleRanges&quot;:[{&quot;offset&quot;:0,&quot;length&quot;:372,&quot;style&quot;:&quot;ITALIC&quot;}],&quot;entityRanges&quot;:[],&quot;data&quot;:{&quot;textAlignment&quot;:&quot;justify&quot;}},{&quot;key&quot;:&quot;f0ku6&quot;,&quot;text&quot;:&quot;&quot;,&quot;type&quot;:&quot;unstyled&quot;,&quot;depth&quot;:0,&quot;inlineStyleRanges&quot;:[],&quot;entityRanges&quot;:[],&quot;data&quot;:{&quot;textAlignment&quot;:&quot;justify&quot;}}],&quot;entityMap&quot;:{}}\"><div data-block=\"true\" data-editor=\"editor\" data-offset-key=\"fttxk-0-0\"><p><strong>Ore 14.30 \u2013<\/strong> Dimenticare le problematiche del tempo.<\/p><div data-offset-key=\"fttxk-0-0\"><p data-draftjs-conductor-fragment=\"{&quot;blocks&quot;:[{&quot;key&quot;:&quot;48eh6&quot;,&quot;text&quot;:&quot;Per scoprire il DNA di questo piccolo gioiello di cittadina portoghese, fondata dai fenici, dovrete \u201cperdere\u201d il tempo tra le sue strette stradine. Chiese barocche, case ricoperte d\u2019azulejos, fascino arty e popolazione accogliente e calorosa: qui respirerete la Dolce Vita, quella Portoghese per\u00f2. Quando il sole cala, lasciatevi tentare dalle terrazze che costeggiano il fiume rio Gil\u00e3o&quot;,&quot;type&quot;:&quot;unstyled&quot;,&quot;depth&quot;:0,&quot;inlineStyleRanges&quot;:[{&quot;offset&quot;:0,&quot;length&quot;:387,&quot;style&quot;:&quot;ITALIC&quot;}],&quot;entityRanges&quot;:[],&quot;data&quot;:{&quot;textAlignment&quot;:&quot;justify&quot;}}],&quot;entityMap&quot;:{}}\">Per scoprire il DNA di questo piccolo gioiello di cittadina portoghese, <span style=\"color: #bfa800;\"><strong>Tavira,\u00a0 fondata dai fenici,<\/strong><\/span> dovrete \u201cperdere\u201d il tempo tra le sue strette stradine. <strong><span style=\"color: #bfa800;\">Chiese barocche<\/span><\/strong>, case ricoperte d<strong><span style=\"color: #bfa800;\">\u2019azulejos,<\/span><\/strong> fascino arty e popolazione accogliente e calorosa: qui respirerete la Dolce Vita, quella Portoghese per\u00f2. Quando il sole cala, lasciatevi tentare <strong><span style=\"color: #bfa800;\">dalle terrazze che costeggiano il fiume rio Gil\u00e3o.<\/span><\/strong><\/p><\/div><\/div><\/div><\/div><\/div><\/div><\/div>\t\t\t\t\t\t\t\t<\/div>\n\t\t\t\t<\/div>\n\t\t\t\t<div class=\"elementor-element elementor-element-9432130 elementor-widget elementor-widget-image\" data-id=\"9432130\" data-element_type=\"widget\" data-e-type=\"widget\" data-widget_type=\"image.default\">\n\t\t\t\t<div class=\"elementor-widget-container\">\n\t\t\t\t\t\t\t\t\t\t\t\t\t\t\t\t<a href=\"http:\/\/lookingforcharly.com\/wp-content\/uploads\/2019\/09\/Tavira-Algarve-Portugal-2.jpg\" data-elementor-open-lightbox=\"yes\" data-elementor-lightbox-title=\"Tavira Algarve Portugal (2)\" data-e-action-hash=\"#elementor-action%3Aaction%3Dlightbox%26settings%3DeyJpZCI6Mjc1MywidXJsIjoiaHR0cHM6XC9cL2xvb2tpbmdmb3JjaGFybHkuY29tXC93cC1jb250ZW50XC91cGxvYWRzXC8yMDE5XC8wOVwvVGF2aXJhLUFsZ2FydmUtUG9ydHVnYWwtMi5qcGcifQ%3D%3D\">\n\t\t\t\t\t\t\t<img loading=\"lazy\" decoding=\"async\" width=\"1280\" height=\"857\" src=\"https:\/\/lookingforcharly.com\/wp-content\/uploads\/2019\/09\/Tavira-Algarve-Portugal-2.jpg\" class=\"attachment-full size-full wp-image-2753\" alt=\"\" srcset=\"https:\/\/lookingforcharly.com\/wp-content\/uploads\/2019\/09\/Tavira-Algarve-Portugal-2.jpg 1280w, https:\/\/lookingforcharly.com\/wp-content\/uploads\/2019\/09\/Tavira-Algarve-Portugal-2-300x201.jpg 300w, https:\/\/lookingforcharly.com\/wp-content\/uploads\/2019\/09\/Tavira-Algarve-Portugal-2-1024x686.jpg 1024w, https:\/\/lookingforcharly.com\/wp-content\/uploads\/2019\/09\/Tavira-Algarve-Portugal-2-768x514.jpg 768w\" sizes=\"(max-width: 1280px) 100vw, 1280px\" \/>\t\t\t\t\t\t\t\t<\/a>\n\t\t\t\t\t\t\t\t\t\t\t\t\t\t\t<\/div>\n\t\t\t\t<\/div>\n\t\t\t\t<div class=\"elementor-element elementor-element-6d18326 elementor-widget elementor-widget-text-editor\" data-id=\"6d18326\" data-element_type=\"widget\" data-e-type=\"widget\" data-widget_type=\"text-editor.default\">\n\t\t\t\t<div class=\"elementor-widget-container\">\n\t\t\t\t\t\t\t\t\t<p style=\"text-align: justify;\" data-draftjs-conductor-fragment=\"{&quot;blocks&quot;:[{&quot;key&quot;:&quot;bvihh&quot;,&quot;text&quot;:&quot;Ore 17.30 \u2013 Buongiorno Oceano&quot;,&quot;type&quot;:&quot;unstyled&quot;,&quot;depth&quot;:0,&quot;inlineStyleRanges&quot;:[{&quot;offset&quot;:0,&quot;length&quot;:9,&quot;style&quot;:&quot;BOLD&quot;},{&quot;offset&quot;:10,&quot;length&quot;:19,&quot;style&quot;:&quot;BOLD&quot;},{&quot;offset&quot;:0,&quot;length&quot;:9,&quot;style&quot;:&quot;18&quot;}],&quot;entityRanges&quot;:[],&quot;data&quot;:{&quot;textAlignment&quot;:&quot;justify&quot;}}],&quot;entityMap&quot;:{}}\"><strong>Ore 17.30 \u2013<\/strong> Buongiorno Oceano<\/p><div data-draftjs-conductor-fragment=\"{&quot;blocks&quot;:[{&quot;key&quot;:&quot;3uoov&quot;,&quot;text&quot;:&quot;17h30 \u2013 Le bonjour \u00e0 l\u2019oc\u00e9an&quot;,&quot;type&quot;:&quot;unstyled&quot;,&quot;depth&quot;:0,&quot;inlineStyleRanges&quot;:[{&quot;offset&quot;:0,&quot;length&quot;:5,&quot;style&quot;:&quot;BOLD&quot;},{&quot;offset&quot;:6,&quot;length&quot;:22,&quot;style&quot;:&quot;BOLD&quot;},{&quot;offset&quot;:0,&quot;length&quot;:5,&quot;style&quot;:&quot;18&quot;}],&quot;entityRanges&quot;:[],&quot;data&quot;:{&quot;textAlignment&quot;:&quot;justify&quot;}},{&quot;key&quot;:&quot;avhfo&quot;,&quot;text&quot;:&quot;Lorsque les marins de Tavira ont cess\u00e9 la p\u00eache au thon, ils ont abandonn\u00e9 leurs ancres sur l\u2019Ilha de Tavira, ourl\u00e9e de bancs de dunes. Ainsi est n\u00e9 l\u2019insolite cimeti\u00e8re des ancres, pos\u00e9 dans le collimateur des embruns. A deux pas de l\u00e0, la Praia do Barril vous invite \u00e0 piquer une t\u00eate dans les eaux de l\u2019Atlantique qui se la jouent M\u00e9diterran\u00e9ennes.&quot;,&quot;type&quot;:&quot;unstyled&quot;,&quot;depth&quot;:0,&quot;inlineStyleRanges&quot;:[{&quot;offset&quot;:0,&quot;length&quot;:351,&quot;style&quot;:&quot;ITALIC&quot;}],&quot;entityRanges&quot;:[],&quot;data&quot;:{&quot;textAlignment&quot;:&quot;justify&quot;}}],&quot;entityMap&quot;:{}}\"><div data-block=\"true\" data-editor=\"editor\" data-offset-key=\"mv7mb-0-0\"><div data-offset-key=\"mv7mb-0-0\"><p style=\"text-align: justify;\" data-draftjs-conductor-fragment=\"{&quot;blocks&quot;:[{&quot;key&quot;:&quot;f1n13&quot;,&quot;text&quot;:&quot;Questa \u00e8 l\u2019ora in cui, i pescatori di Tavira smettono la pesca al tonno e gettano l\u2019ancora sul\u2019Ilha de Tavira, orlata da bianche dune. Proprio qui, si trova l\u2019insolito cimitero delle ancore, incastonate nell\u2019immensit\u00e0 del mare. A pochi passi da qui, la Praia do Barril vi invoglia ad un tuffo nelle acque, non cos\u00ec gelide, dell\u2019Atlantico che fa ancora finta di essere Mediterraneo.&quot;,&quot;type&quot;:&quot;unstyled&quot;,&quot;depth&quot;:0,&quot;inlineStyleRanges&quot;:[{&quot;offset&quot;:0,&quot;length&quot;:381,&quot;style&quot;:&quot;ITALIC&quot;}],&quot;entityRanges&quot;:[],&quot;data&quot;:{&quot;textAlignment&quot;:&quot;justify&quot;}}],&quot;entityMap&quot;:{}}\">Questa \u00e8 l\u2019ora in cui, i pescatori di Tavira smettono la pesca al tonno e gettano l\u2019ancora sul\u2019Ilha de Tavira, orlata da bianche dune. Proprio qui, si trova l\u2019<strong><span style=\"color: #bfa800;\">insolito cimitero delle ancore,<\/span><\/strong> incastonate nell\u2019immensit\u00e0 del mare. A pochi passi da qui, la Praia do Barril vi invoglia ad un tuffo nelle acque, non cos\u00ec gelide, dell\u2019Atlantico che fa ancora finta di essere Mediterraneo.<\/p><p style=\"text-align: justify;\"><strong>Ore 20.00 \u2013<\/strong> Lasciari cullare dalla morbidezza della notte<\/p><div data-draftjs-conductor-fragment=\"{&quot;blocks&quot;:[{&quot;key&quot;:&quot;ehiul&quot;,&quot;text&quot;:&quot;20h00 \u2013 Se laisser bercer par la douceur nocturne&quot;,&quot;type&quot;:&quot;unstyled&quot;,&quot;depth&quot;:0,&quot;inlineStyleRanges&quot;:[{&quot;offset&quot;:0,&quot;length&quot;:49,&quot;style&quot;:&quot;BOLD&quot;},{&quot;offset&quot;:0,&quot;length&quot;:6,&quot;style&quot;:&quot;18&quot;}],&quot;entityRanges&quot;:[],&quot;data&quot;:{&quot;textAlignment&quot;:&quot;justify&quot;}},{&quot;key&quot;:&quot;64cu5&quot;,&quot;text&quot;:&quot;Votre c\u0153ur balance entre un d\u00eener ambiance ann\u00e9es folles dans le Grand Salon et un authentique Bars \u00e0 vins de Vila Real de Santo Antonio. En attendant de trancher, vous vous laissez guider par la douceur de l\u2019air nocturne qui laisse \u00e9chapper ci et l\u00e0 quelques notes de fado.&quot;,&quot;type&quot;:&quot;unstyled&quot;,&quot;depth&quot;:0,&quot;inlineStyleRanges&quot;:[{&quot;offset&quot;:0,&quot;length&quot;:274,&quot;style&quot;:&quot;ITALIC&quot;}],&quot;entityRanges&quot;:[],&quot;data&quot;:{&quot;textAlignment&quot;:&quot;justify&quot;}}],&quot;entityMap&quot;:{}}\"><div data-block=\"true\" data-editor=\"editor\" data-offset-key=\"cfaju-0-0\"><div data-offset-key=\"cfaju-0-0\"><p style=\"text-align: justify;\" data-draftjs-conductor-fragment=\"{&quot;blocks&quot;:[{&quot;key&quot;:&quot;c019g&quot;,&quot;text&quot;:&quot;Non sapete se avete voglia di una cena alla Gatsby nel Grand Salon oppure di un\u2019autentica enoteca nel cuore di Vila Real de Santo Antonio? Nell\u2019attesa di decidere lasciatevi guidare dalla morbidezza della notte che fa scivolare qua e l\u00e0 qualche nota di fado.&quot;,&quot;type&quot;:&quot;unstyled&quot;,&quot;depth&quot;:0,&quot;inlineStyleRanges&quot;:[{&quot;offset&quot;:0,&quot;length&quot;:258,&quot;style&quot;:&quot;ITALIC&quot;}],&quot;entityRanges&quot;:[],&quot;data&quot;:{&quot;textAlignment&quot;:&quot;justify&quot;}}],&quot;entityMap&quot;:{}}\">Non sapete se avete voglia di una cena alla Gatsby nel Grand Salon oppure di un\u2019<span style=\"color: #bfa800;\"><strong>autentica enoteca<\/strong><\/span> nel cuore di Vila Real de Santo Antonio ? Nell\u2019attesa di decidere lasciatevi guidare dalla morbidezza della notte che fa scivolare l\u00e0 qualche <span style=\"color: #bfa800;\"><strong>nota di fado<\/strong><\/span>.<\/p><\/div><\/div><\/div><\/div><\/div><\/div>\t\t\t\t\t\t\t\t<\/div>\n\t\t\t\t<\/div>\n\t\t\t\t<div class=\"elementor-element elementor-element-921f600 elementor-widget elementor-widget-image\" data-id=\"921f600\" data-element_type=\"widget\" data-e-type=\"widget\" data-widget_type=\"image.default\">\n\t\t\t\t<div class=\"elementor-widget-container\">\n\t\t\t\t\t\t\t\t\t\t\t\t\t\t\t\t<a href=\"http:\/\/lookingforcharly.com\/wp-content\/uploads\/2019\/09\/cimetiere-dancres-Algarve-Portugal-Tavira.jpeg\" data-elementor-open-lightbox=\"yes\" data-elementor-lightbox-title=\"cimeti\u00e8re d&#039;ancres - Algarve - Portugal - Tavira\" data-e-action-hash=\"#elementor-action%3Aaction%3Dlightbox%26settings%3DeyJpZCI6Mjc1NiwidXJsIjoiaHR0cHM6XC9cL2xvb2tpbmdmb3JjaGFybHkuY29tXC93cC1jb250ZW50XC91cGxvYWRzXC8yMDE5XC8wOVwvY2ltZXRpZXJlLWRhbmNyZXMtQWxnYXJ2ZS1Qb3J0dWdhbC1UYXZpcmEuanBlZyJ9\">\n\t\t\t\t\t\t\t<img loading=\"lazy\" decoding=\"async\" width=\"668\" height=\"885\" src=\"https:\/\/lookingforcharly.com\/wp-content\/uploads\/2019\/09\/cimetiere-dancres-Algarve-Portugal-Tavira.jpeg\" class=\"attachment-full size-full wp-image-2756\" alt=\"\" srcset=\"https:\/\/lookingforcharly.com\/wp-content\/uploads\/2019\/09\/cimetiere-dancres-Algarve-Portugal-Tavira.jpeg 668w, https:\/\/lookingforcharly.com\/wp-content\/uploads\/2019\/09\/cimetiere-dancres-Algarve-Portugal-Tavira-226x300.jpeg 226w\" sizes=\"(max-width: 668px) 100vw, 668px\" \/>\t\t\t\t\t\t\t\t<\/a>\n\t\t\t\t\t\t\t\t\t\t\t\t\t\t\t<\/div>\n\t\t\t\t<\/div>\n\t\t\t\t<div class=\"elementor-element elementor-element-006fc30 elementor-widget elementor-widget-heading\" data-id=\"006fc30\" data-element_type=\"widget\" data-e-type=\"widget\" data-widget_type=\"heading.default\">\n\t\t\t\t<div class=\"elementor-widget-container\">\n\t\t\t\t\t<h3 class=\"elementor-heading-title elementor-size-default\">Quel genre de cocon ?<\/h3>\t\t\t\t<\/div>\n\t\t\t\t<\/div>\n\t\t\t\t<div class=\"elementor-element elementor-element-9a25eed elementor-widget elementor-widget-text-editor\" data-id=\"9a25eed\" data-element_type=\"widget\" data-e-type=\"widget\" data-widget_type=\"text-editor.default\">\n\t\t\t\t<div class=\"elementor-widget-container\">\n\t\t\t\t\t\t\t\t\t<div data-draftjs-conductor-fragment=\"{&quot;blocks&quot;:[{&quot;key&quot;:&quot;2ceom&quot;,&quot;text&quot;:&quot;GIORNO 3 \u2013 DOMENICA&quot;,&quot;type&quot;:&quot;unstyled&quot;,&quot;depth&quot;:0,&quot;inlineStyleRanges&quot;:[{&quot;offset&quot;:0,&quot;length&quot;:19,&quot;style&quot;:&quot;BOLD&quot;},{&quot;offset&quot;:0,&quot;length&quot;:8,&quot;style&quot;:&quot;18&quot;}],&quot;entityRanges&quot;:[],&quot;data&quot;:{&quot;textAlignment&quot;:&quot;center&quot;}},{&quot;key&quot;:&quot;807n0&quot;,&quot;text&quot;:&quot;&quot;,&quot;type&quot;:&quot;unstyled&quot;,&quot;depth&quot;:0,&quot;inlineStyleRanges&quot;:[],&quot;entityRanges&quot;:[],&quot;data&quot;:{&quot;textAlignment&quot;:&quot;justify&quot;}}],&quot;entityMap&quot;:{}}\"><p style=\"text-align: justify;\"><strong>GIORNO 3 \u2013 DOMENICA<\/strong><\/p><p style=\"text-align: justify;\"><strong>Ore 10.00 \u2013 <\/strong>Realizzare il volo di Icaro<\/p><p style=\"text-align: justify;\">Una sensazione di leggerezza inebriante vi invade nel momento in cui toccate il cielo dell\u2019Algarve nella luce del mattino a bordo del vostro<strong><span style=\"color: #bfa800;\"> giroplano<\/span><\/strong>. Intorno a voi, le paludi salate di Castro Marim, la laguna de Ria Formosa, Vila Real de Santo Antonio e l\u2019oceano che flirta con l\u2019infinito. Il vostro soggiorno in Algarve ha preso <strong><span style=\"color: #bfa800;\">une piega aerea<\/span><\/strong>.<\/p><p style=\"text-align: justify;\" data-offset-key=\"88ub0-0-0\"><strong>Ore 12.30 \u2013<\/strong> <strong>Degustazione di tapas<\/strong> alla portoghese.<\/p><p style=\"text-align: justify;\" data-offset-key=\"88ub0-0-0\">Comodamente seduti sulla terrazza dell\u2019enoteca vin Ta Certo ombreggiata da vele, le specialit\u00e0 della cucina tradizionale sono rivisitate con semplicit\u00e0 ed originalit\u00e0 in piccole porzioni. Accompagnato da un bicchiere di <strong><span style=\"color: #bfa800;\">vinho verd<\/span><span style=\"color: #bfa800;\">e<\/span><\/strong> e da un pizzico di fior di sale di Castro Marim, il polpo, bollito o alla griglia, qui ha ancora il sapore dei vecchi tempi.\u00a0<\/p><\/div>\t\t\t\t\t\t\t\t<\/div>\n\t\t\t\t<\/div>\n\t\t\t\t<div class=\"elementor-element elementor-element-0bc7a42 elementor-widget elementor-widget-image\" data-id=\"0bc7a42\" data-element_type=\"widget\" data-e-type=\"widget\" data-widget_type=\"image.default\">\n\t\t\t\t<div class=\"elementor-widget-container\">\n\t\t\t\t\t\t\t\t\t\t\t\t\t\t\t<img decoding=\"async\" src=\"https:\/\/lookingforcharly.com\/wp-content\/uploads\/2019\/09\/algarve.jpg\" title=\"algarve\" alt=\"algarve\" loading=\"lazy\" \/>\t\t\t\t\t\t\t\t\t\t\t\t\t\t\t<\/div>\n\t\t\t\t<\/div>\n\t\t\t\t<div class=\"elementor-element elementor-element-1d24ee0 elementor-widget elementor-widget-text-editor\" data-id=\"1d24ee0\" data-element_type=\"widget\" data-e-type=\"widget\" data-widget_type=\"text-editor.default\">\n\t\t\t\t<div class=\"elementor-widget-container\">\n\t\t\t\t\t\t\t\t\t<div data-draftjs-conductor-fragment=\"{&quot;blocks&quot;:[{&quot;key&quot;:&quot;c1opv&quot;,&quot;text&quot;:&quot;14h00 \u2013 Saluer les cam\u00e9l\u00e9ons de Vila Real de Santo Antonio&quot;,&quot;type&quot;:&quot;unstyled&quot;,&quot;depth&quot;:0,&quot;inlineStyleRanges&quot;:[{&quot;offset&quot;:0,&quot;length&quot;:5,&quot;style&quot;:&quot;BOLD&quot;},{&quot;offset&quot;:6,&quot;length&quot;:52,&quot;style&quot;:&quot;BOLD&quot;},{&quot;offset&quot;:0,&quot;length&quot;:5,&quot;style&quot;:&quot;18&quot;}],&quot;entityRanges&quot;:[],&quot;data&quot;:{&quot;textAlignment&quot;:&quot;justify&quot;}},{&quot;key&quot;:&quot;74ooc&quot;,&quot;text&quot;:&quot;La for\u00eat qui relie Vila Real de Santo Antonio et Monte Gordo marque la derni\u00e8re \u00e9tape de votre week-end en Algarve. A pieds ou \u00e0 v\u00e9lo, vous suivez l\u2019ombre des pins \u00e0 travers les dunes littorales plant\u00e9es d\u2019herbes aromatiques o\u00f9 les cam\u00e9l\u00e9ons ont \u00e9lu domicile. C\u2019est \u00e0 ce moment qu\u2019il nous faut trouver de bonnes raisons pour reprendre le chemin du retour\u2026&quot;,&quot;type&quot;:&quot;unstyled&quot;,&quot;depth&quot;:0,&quot;inlineStyleRanges&quot;:[{&quot;offset&quot;:0,&quot;length&quot;:355,&quot;style&quot;:&quot;ITALIC&quot;}],&quot;entityRanges&quot;:[],&quot;data&quot;:{&quot;textAlignment&quot;:&quot;justify&quot;}}],&quot;entityMap&quot;:{}}\"><div data-block=\"true\" data-editor=\"editor\" data-offset-key=\"u3v6a-0-0\"><div><div><div><div data-draftjs-conductor-fragment=\"{&quot;blocks&quot;:[{&quot;key&quot;:&quot;c1opv&quot;,&quot;text&quot;:&quot;14h00 \u2013 Saluer les cam\u00e9l\u00e9ons de Vila Real de Santo Antonio&quot;,&quot;type&quot;:&quot;unstyled&quot;,&quot;depth&quot;:0,&quot;inlineStyleRanges&quot;:[{&quot;offset&quot;:0,&quot;length&quot;:5,&quot;style&quot;:&quot;BOLD&quot;},{&quot;offset&quot;:6,&quot;length&quot;:52,&quot;style&quot;:&quot;BOLD&quot;},{&quot;offset&quot;:0,&quot;length&quot;:5,&quot;style&quot;:&quot;18&quot;}],&quot;entityRanges&quot;:[],&quot;data&quot;:{&quot;textAlignment&quot;:&quot;justify&quot;}},{&quot;key&quot;:&quot;74ooc&quot;,&quot;text&quot;:&quot;La for\u00eat qui relie Vila Real de Santo Antonio et Monte Gordo marque la derni\u00e8re \u00e9tape de votre week-end en Algarve. A pieds ou \u00e0 v\u00e9lo, vous suivez l\u2019ombre des pins \u00e0 travers les dunes littorales plant\u00e9es d\u2019herbes aromatiques o\u00f9 les cam\u00e9l\u00e9ons ont \u00e9lu domicile. C\u2019est \u00e0 ce moment qu\u2019il nous faut trouver de bonnes raisons pour reprendre le chemin du retour\u2026&quot;,&quot;type&quot;:&quot;unstyled&quot;,&quot;depth&quot;:0,&quot;inlineStyleRanges&quot;:[{&quot;offset&quot;:0,&quot;length&quot;:355,&quot;style&quot;:&quot;ITALIC&quot;}],&quot;entityRanges&quot;:[],&quot;data&quot;:{&quot;textAlignment&quot;:&quot;justify&quot;}}],&quot;entityMap&quot;:{}}\"><div data-block=\"true\" data-editor=\"editor\" data-offset-key=\"u3v6a-0-0\"><div data-offset-key=\"u3v6a-0-0\"><p style=\"text-align: justify;\" data-draftjs-conductor-fragment=\"{&quot;blocks&quot;:[{&quot;key&quot;:&quot;aol2v&quot;,&quot;text&quot;:&quot;Ore 14.00 \u2013 Fare ciao ai camaleonti di Vila Real de Santo Antonio&quot;,&quot;type&quot;:&quot;unstyled&quot;,&quot;depth&quot;:0,&quot;inlineStyleRanges&quot;:[{&quot;offset&quot;:0,&quot;length&quot;:9,&quot;style&quot;:&quot;BOLD&quot;},{&quot;offset&quot;:10,&quot;length&quot;:55,&quot;style&quot;:&quot;BOLD&quot;},{&quot;offset&quot;:0,&quot;length&quot;:9,&quot;style&quot;:&quot;18&quot;}],&quot;entityRanges&quot;:[],&quot;data&quot;:{&quot;textAlignment&quot;:&quot;justify&quot;}}],&quot;entityMap&quot;:{}}\"><strong>Ore 14.00 \u2013<\/strong> Fare ciao ai camaleonti di Vila Real de Santo Antonio<\/p><p style=\"text-align: justify;\"><strong><span style=\"color: #bfa800;\">La foresta che collega la citt\u00e0 e Monte Gordo,<\/span><\/strong> segna l\u2019ultima tappa del vostro week-end in Algarve. <strong><span style=\"color: #bfa800;\">A piedi o in bicicletta<\/span><\/strong>, seguirete l\u2019ombra dei pini attraverso le dune del littorale ricoperte da erbe aromatiche selvatiche, dove i camaleonti hanno trovato l\u2019ambiente perfetto per vivere e riprodursi. Questo \u00e8 il momento in cui dovrete trovare un buon motivo (e la voglia) per tornare a casa\u2026<\/p><\/div><\/div><\/div><\/div><\/div><\/div><\/div><\/div>\t\t\t\t\t\t\t\t<\/div>\n\t\t\t\t<\/div>\n\t\t\t\t<div class=\"elementor-element elementor-element-7863fb2 elementor-widget elementor-widget-heading\" data-id=\"7863fb2\" data-element_type=\"widget\" data-e-type=\"widget\" data-widget_type=\"heading.default\">\n\t\t\t\t<div class=\"elementor-widget-container\">\n\t\t\t\t\t<h3 class=\"elementor-heading-title elementor-size-default\">Informazioni sul tuo hotel : The Grand House<\/h3>\t\t\t\t<\/div>\n\t\t\t\t<\/div>\n\t\t\t\t<div class=\"elementor-element elementor-element-af5f5fe elementor-widget elementor-widget-text-editor\" data-id=\"af5f5fe\" data-element_type=\"widget\" data-e-type=\"widget\" data-widget_type=\"text-editor.default\">\n\t\t\t\t<div class=\"elementor-widget-container\">\n\t\t\t\t\t\t\t\t\t<div data-draftjs-conductor-fragment=\"{&quot;blocks&quot;:[{&quot;key&quot;:&quot;c1opv&quot;,&quot;text&quot;:&quot;14h00 \u2013 Saluer les cam\u00e9l\u00e9ons de Vila Real de Santo Antonio&quot;,&quot;type&quot;:&quot;unstyled&quot;,&quot;depth&quot;:0,&quot;inlineStyleRanges&quot;:[{&quot;offset&quot;:0,&quot;length&quot;:5,&quot;style&quot;:&quot;BOLD&quot;},{&quot;offset&quot;:6,&quot;length&quot;:52,&quot;style&quot;:&quot;BOLD&quot;},{&quot;offset&quot;:0,&quot;length&quot;:5,&quot;style&quot;:&quot;18&quot;}],&quot;entityRanges&quot;:[],&quot;data&quot;:{&quot;textAlignment&quot;:&quot;justify&quot;}},{&quot;key&quot;:&quot;74ooc&quot;,&quot;text&quot;:&quot;La for\u00eat qui relie Vila Real de Santo Antonio et Monte Gordo marque la derni\u00e8re \u00e9tape de votre week-end en Algarve. A pieds ou \u00e0 v\u00e9lo, vous suivez l\u2019ombre des pins \u00e0 travers les dunes littorales plant\u00e9es d\u2019herbes aromatiques o\u00f9 les cam\u00e9l\u00e9ons ont \u00e9lu domicile. C\u2019est \u00e0 ce moment qu\u2019il nous faut trouver de bonnes raisons pour reprendre le chemin du retour\u2026&quot;,&quot;type&quot;:&quot;unstyled&quot;,&quot;depth&quot;:0,&quot;inlineStyleRanges&quot;:[{&quot;offset&quot;:0,&quot;length&quot;:355,&quot;style&quot;:&quot;ITALIC&quot;}],&quot;entityRanges&quot;:[],&quot;data&quot;:{&quot;textAlignment&quot;:&quot;justify&quot;}}],&quot;entityMap&quot;:{}}\"><div data-block=\"true\" data-editor=\"editor\" data-offset-key=\"u3v6a-0-0\"><p style=\"text-align: justify;\" data-offset-key=\"u3v6a-0-0\">Ha aperto le porte nel gennaio 2019, ma la sua storia risale a molto tempo prima. Nel 1926, era il punto di passaggio dei mercanti che compravano, vendevano ed esportavano il pesce in scatola, si contavano 27 fabbriche solo a Vila Real de Santo Ant\u00f3nio, considerata all\u2019epoca una delle citt\u00e0 pi\u00f9 prospere dell\u2019Algarve.<\/p><\/div><\/div>\t\t\t\t\t\t\t\t<\/div>\n\t\t\t\t<\/div>\n\t\t\t\t<div class=\"elementor-element elementor-element-3811510 elementor-widget elementor-widget-image\" data-id=\"3811510\" data-element_type=\"widget\" data-e-type=\"widget\" data-widget_type=\"image.default\">\n\t\t\t\t<div class=\"elementor-widget-container\">\n\t\t\t\t\t\t\t\t\t\t\t\t\t\t\t<img decoding=\"async\" src=\"https:\/\/lookingforcharly.com\/wp-content\/uploads\/2019\/09\/Medium-Cover-128The-Grand-House-Algarve-Portugl.jpg\" title=\"Medium-Cover-128The Grand House Algarve Portugl\" alt=\"Medium-Cover-128The Grand House Algarve Portugl\" loading=\"lazy\" \/>\t\t\t\t\t\t\t\t\t\t\t\t\t\t\t<\/div>\n\t\t\t\t<\/div>\n\t\t\t\t<div class=\"elementor-element elementor-element-5be740c elementor-widget elementor-widget-text-editor\" data-id=\"5be740c\" data-element_type=\"widget\" data-e-type=\"widget\" data-widget_type=\"text-editor.default\">\n\t\t\t\t<div class=\"elementor-widget-container\">\n\t\t\t\t\t\t\t\t\t<div><div><div><p style=\"text-align: justify;\"><strong>Posizione : <\/strong>Nel cuore di Vila Real Santo Antonio, proprio nella strada principale di fronte al fiume Guadiana che separa la Spagna dal Portogallo (un traghetto fa la spola tra le due coste). A due passi dalla piazza principale con la sua chiesa, i bar e i negozi. La spiaggia di San Ant\u00f3nio \u00e9 a qualche minuto di macchina e la cittadina vicina, Castro Marim, merita un giro per il suo castello medioevale e le impressionanti saline. Siviglia si trova a 1 ora e mezza e l\u2019aeroporto di faro a 40 minuti.<\/p><p style=\"text-align: justify;\"><strong>Stile &amp; carattere :<\/strong> Completamente rinnovato mantenendo la sua forma originale, dall\u2019architetto svizzero Ernesto Korrodi. La parte interna \u00e8 stata realizzata dalla talentuosa compagnia locale White &amp; Kaki. L\u2019accento \u00e8 stato messo sul glamour degli \u00abann\u00e9es folles\u00bb (1920-1930), ottenuto grazie ad un m\u00e9lange di antichit\u00e0, design coloniale, colori nautici negli spazi pubblici e morbidi nelle camere. Le stampe antiche, le orchidee bianche, le boiseries e gli stucchi, sono inondati di luce naturale.<\/p><div><div><div><div><p style=\"text-align: justify;\"><strong>Servizi &amp; strutture : <\/strong>Personale educato ed efficace. I servizi sono limitati dalla struttura dell\u2019albergo, ma tutto \u00e8 studiato per offrirvi qualsiasi cosa desideriate. Una camera si trasformer\u00e0 in SPA per un massaggio previamente richiesto. A fine 2019, quando aprir\u00e0 la Grand Club House, ci saranno un concept store e un cinema privato. La lista delle \u00abesperienze\u00bb \u00e8 impressionante e va da una cavalcata sulla spiaggia di Tavira alla spa all\u2019aria aperta nella citt\u00e0 vicina di Castro Marim.<\/p><p style=\"text-align: justify;\"><strong>Camere :<\/strong> 30, decorate nei colori morbidi dei pastelli. Sui pavimenti in legno sono posati antichi tappeti fatti a mano, vecchie litografie e carte in bianco e nero decorano i muri. Le porte finestre di Korrodi si aprono sulle terrazze. I bagni eleganti concepiti da C.O. Apothicaires Bigelow, con piastrelle bianche e nere, sono tutti dotati di doccia (fatta eccezione per una camera, che ha, invece, la vasca da bagno).<\/p><\/div><\/div><\/div><\/div><\/div><\/div><\/div>\t\t\t\t\t\t\t\t<\/div>\n\t\t\t\t<\/div>\n\t\t\t\t<div class=\"elementor-element elementor-element-970c5c4 elementor-widget elementor-widget-image\" data-id=\"970c5c4\" data-element_type=\"widget\" data-e-type=\"widget\" data-widget_type=\"image.default\">\n\t\t\t\t<div class=\"elementor-widget-container\">\n\t\t\t\t\t\t\t\t\t\t\t\t\t\t\t<img decoding=\"async\" src=\"https:\/\/lookingforcharly.com\/wp-content\/uploads\/2019\/09\/Grand-Beach-Club-Dining.jpg\" title=\"Grand-Beach-Club-Dining\" alt=\"Grand-Beach-Club-Dining\" loading=\"lazy\" \/>\t\t\t\t\t\t\t\t\t\t\t\t\t\t\t<\/div>\n\t\t\t\t<\/div>\n\t\t\t\t<div class=\"elementor-element elementor-element-84f924b elementor-widget elementor-widget-text-editor\" data-id=\"84f924b\" data-element_type=\"widget\" data-e-type=\"widget\" data-widget_type=\"text-editor.default\">\n\t\t\t\t<div class=\"elementor-widget-container\">\n\t\t\t\t\t\t\t\t\t<div><div><div><p style=\"text-align: justify;\"><strong>Food &amp; drinks :<\/strong>\u00a0Il Grand Beach Club propone pranzi leggeri, pizza ai fichi locali, insalate ni\u00e7oises al tonno fresco e le prime colazioni a buffet con ricette di uova preparate sul momento e servite nella bella sala da pranzo con vista sul fiume. Potrete trovare il Negroni perfetto o Tom Collins al bar e d\u2019estate al bar del roof top. Per cena, men\u00f9 degustazione o alla carte. Imperdibili i filetti di triglia<\/p><\/div><\/div><\/div>\t\t\t\t\t\t\t\t<\/div>\n\t\t\t\t<\/div>\n\t\t\t\t<div class=\"elementor-element elementor-element-054e533 elementor-widget elementor-widget-text-editor\" data-id=\"054e533\" data-element_type=\"widget\" data-e-type=\"widget\" data-widget_type=\"text-editor.default\">\n\t\t\t\t<div class=\"elementor-widget-container\">\n\t\t\t\t\t\t\t\t\t<h1><img loading=\"lazy\" decoding=\"async\" src=\"http:\/\/lookingforcharly.com\/wp-content\/uploads\/2024\/03\/pictocharly-300x278.png\" alt=\"\" width=\"300\" height=\"278\" \/><\/h1><h5 style=\"text-align: center;\" data-block=\"true\" data-editor=\"editor\" data-offset-key=\"9lkhi-0-0\"><span style=\"color: #333333;\"><strong>Come arrivare Vila Real Santo Antonio ?<\/strong><\/span><\/h5><div style=\"text-align: center;\" data-block=\"true\" data-editor=\"editor\" data-offset-key=\"jzno4-0-0\"><span style=\"color: #bfa800;\"><strong>Volo Diretto da Nizza : 2 ore 25 \/ Volo diretto da Parigi :\u00a0 2 ore 35<\/strong><\/span><\/div><div style=\"text-align: center;\" data-block=\"true\" data-editor=\"editor\" data-offset-key=\"huxml-0-0\"><div data-offset-key=\"huxml-0-0\">\u00a0<\/div><h5 data-offset-key=\"huxml-0-0\"><strong><span style=\"color: #333333;\">E se avete qualche giorno in pi\u00f9 :<\/span><\/strong><\/h5><div data-offset-key=\"huxml-0-0\"><strong><span style=\"color: #bfa800;\">Toccare con dito il Capo Passero portoghese, Capo Saint-Vincent,<\/span><\/strong><\/div><div data-offset-key=\"huxml-0-0\"><strong><span style=\"color: #bfa800;\">Ripassare le conquiste dei Mori al castello di Silves,<\/span><\/strong><\/div><div data-offset-key=\"huxml-0-0\"><strong><span style=\"color: #bfa800;\">Vedere l\u2019Algarve dalla parte Green, visitando i pi\u00f9 bei campi da golf del paese,<\/span><\/strong><\/div><div data-offset-key=\"huxml-0-0\"><strong><span style=\"color: #bfa800;\">Perdersi nella vecchia citt\u00e0 incantata di Faro,<\/span><\/strong><\/div><div data-offset-key=\"huxml-0-0\"><strong><span style=\"color: #bfa800;\">Sempre pi\u00f9 in alto sulla Sierra de Monchique,<\/span><\/strong><\/div><div data-offset-key=\"huxml-0-0\"><strong><span style=\"color: #bfa800;\">Rispolverare le grandi spedizioni marittime del XV e XVI secolo a Lagos,<\/span><\/strong><\/div><div data-offset-key=\"huxml-0-0\"><strong><span style=\"color: #bfa800;\">Dissetare la retina con il turchese e l\u2019ocra delle scogliere di Ponta de Piedade,<\/span><\/strong><\/div><div data-offset-key=\"huxml-0-0\"><strong><span style=\"color: #bfa800;\">E perch\u00e9 no, una virata verso i villaggi bianchi d\u2019Andalusia a qualche passo da qui.<\/span><\/strong><\/div><\/div>\t\t\t\t\t\t\t\t<\/div>\n\t\t\t\t<\/div>\n\t\t\t\t<div class=\"elementor-element elementor-element-44ae7a0 elementor-widget-divider--view-line elementor-widget elementor-widget-divider\" data-id=\"44ae7a0\" data-element_type=\"widget\" data-e-type=\"widget\" data-widget_type=\"divider.default\">\n\t\t\t\t<div class=\"elementor-widget-container\">\n\t\t\t\t\t\t\t<div class=\"elementor-divider\">\n\t\t\t<span class=\"elementor-divider-separator\">\n\t\t\t\t\t\t<\/span>\n\t\t<\/div>\n\t\t\t\t\t\t<\/div>\n\t\t\t\t<\/div>\n\t\t\t\t\t<\/div>\n\t\t\t\t<\/div>\n\t\t<div class=\"elementor-element elementor-element-957feb5 e-flex e-con-boxed e-con e-parent\" data-id=\"957feb5\" data-element_type=\"container\" data-e-type=\"container\">\n\t\t\t\t\t<div class=\"e-con-inner\">\n\t\t<div class=\"elementor-element elementor-element-3528335 e-con-full e-flex e-con e-child\" data-id=\"3528335\" data-element_type=\"container\" data-e-type=\"container\">\n\t\t\t\t<div class=\"elementor-element elementor-element-a9a8e01 elementor-widget elementor-widget-heading\" data-id=\"a9a8e01\" data-element_type=\"widget\" data-e-type=\"widget\" data-widget_type=\"heading.default\">\n\t\t\t\t<div class=\"elementor-widget-container\">\n\t\t\t\t\t<h3 class=\"elementor-heading-title elementor-size-default\">Vous aimerez aussi...<\/h3>\t\t\t\t<\/div>\n\t\t\t\t<\/div>\n\t\t\t\t<\/div>\n\t\t\t\t\t<\/div>\n\t\t\t\t<\/div>\n\t\t\t\t<\/div>\n\t\t","protected":false},"excerpt":{"rendered":"<p>L\u2019indirizzo perfetto dove accogliere il vento tiepido dell\u2019estate indiana. L\u2019altra faccia dell\u2019\u2019Algarve, andiamo controcorrente e scopriremo una regione dai colori morbidi e luminosi. Lontano dalle citt\u00e0 balneari e dai complessi turistici di massa, batte il cuore di&#8230;<\/p>\n","protected":false},"author":3,"featured_media":5567,"comment_status":"closed","ping_status":"open","sticky":false,"template":"","format":"standard","meta":{"footnotes":""},"categories":[57],"tags":[],"class_list":["post-4667","post","type-post","status-publish","format-standard","has-post-thumbnail","hentry","category-europa"],"yoast_head":"<!-- This site is optimized with the Yoast SEO plugin v27.1.1 - https:\/\/yoast.com\/product\/yoast-seo-wordpress\/ -->\n<title>72 ore in Algarve<\/title>\n<meta name=\"description\" content=\"L\u2019indirizzo perfetto dove accogliere il vento tiepido dell\u2019estate indiana. Un altro volto dell&#039;Algarve si rivela in controluce in una cartella colori tenui.\" \/>\n<meta name=\"robots\" content=\"index, follow, max-snippet:-1, max-image-preview:large, max-video-preview:-1\" \/>\n<link rel=\"canonical\" href=\"https:\/\/lookingforcharly.com\/it\/72-ore-in-algarve\/\" \/>\n<meta property=\"og:locale\" content=\"it_IT\" \/>\n<meta property=\"og:type\" content=\"article\" \/>\n<meta property=\"og:title\" content=\"72 ore in Algarve\" \/>\n<meta property=\"og:description\" content=\"L\u2019indirizzo perfetto dove accogliere il vento tiepido dell\u2019estate indiana. Un altro volto dell&#039;Algarve si rivela in controluce in una cartella colori tenui.\" \/>\n<meta property=\"og:url\" content=\"https:\/\/lookingforcharly.com\/it\/72-ore-in-algarve\/\" \/>\n<meta property=\"og:site_name\" content=\"Looking For Charly\" \/>\n<meta property=\"article:publisher\" content=\"https:\/\/www.facebook.com\/lookingforcharly\" \/>\n<meta property=\"article:published_time\" content=\"2019-09-01T12:15:00+00:00\" \/>\n<meta property=\"article:modified_time\" content=\"2024-06-20T14:50:40+00:00\" \/>\n<meta property=\"og:image\" content=\"http:\/\/lookingforcharly.com\/wp-content\/uploads\/2024\/06\/Algarve-Portugual-1024x767.jpg\" \/>\n<meta name=\"author\" content=\"Daphne\" \/>\n<meta name=\"twitter:card\" content=\"summary_large_image\" \/>\n<meta name=\"twitter:label1\" content=\"Written by\" \/>\n\t<meta name=\"twitter:data1\" content=\"Daphne\" \/>\n\t<meta name=\"twitter:label2\" content=\"Est. reading time\" \/>\n\t<meta name=\"twitter:data2\" content=\"12 minutes\" \/>\n<script type=\"application\/ld+json\" class=\"yoast-schema-graph\">{\"@context\":\"https:\/\/schema.org\",\"@graph\":[{\"@type\":\"Article\",\"@id\":\"https:\/\/lookingforcharly.com\/it\/72-ore-in-algarve\/#article\",\"isPartOf\":{\"@id\":\"https:\/\/lookingforcharly.com\/it\/72-ore-in-algarve\/\"},\"author\":{\"name\":\"Daphne\",\"@id\":\"https:\/\/lookingforcharly.com\/it\/#\/schema\/person\/7fb1ea89bf2ffa5783a7f11778422101\"},\"headline\":\"72 ore in Algarve\",\"datePublished\":\"2019-09-01T12:15:00+00:00\",\"dateModified\":\"2024-06-20T14:50:40+00:00\",\"mainEntityOfPage\":{\"@id\":\"https:\/\/lookingforcharly.com\/it\/72-ore-in-algarve\/\"},\"wordCount\":1621,\"publisher\":{\"@id\":\"https:\/\/lookingforcharly.com\/it\/#organization\"},\"image\":{\"@id\":\"https:\/\/lookingforcharly.com\/it\/72-ore-in-algarve\/#primaryimage\"},\"thumbnailUrl\":\"https:\/\/lookingforcharly.com\/wp-content\/uploads\/2019\/09\/mo-iCLntXD2XIk-unsplash-1.jpg\",\"articleSection\":[\"Europa\"],\"inLanguage\":\"it-IT\"},{\"@type\":\"WebPage\",\"@id\":\"https:\/\/lookingforcharly.com\/it\/72-ore-in-algarve\/\",\"url\":\"https:\/\/lookingforcharly.com\/it\/72-ore-in-algarve\/\",\"name\":\"72 ore in Algarve\",\"isPartOf\":{\"@id\":\"https:\/\/lookingforcharly.com\/it\/#website\"},\"primaryImageOfPage\":{\"@id\":\"https:\/\/lookingforcharly.com\/it\/72-ore-in-algarve\/#primaryimage\"},\"image\":{\"@id\":\"https:\/\/lookingforcharly.com\/it\/72-ore-in-algarve\/#primaryimage\"},\"thumbnailUrl\":\"https:\/\/lookingforcharly.com\/wp-content\/uploads\/2019\/09\/mo-iCLntXD2XIk-unsplash-1.jpg\",\"datePublished\":\"2019-09-01T12:15:00+00:00\",\"dateModified\":\"2024-06-20T14:50:40+00:00\",\"description\":\"L\u2019indirizzo perfetto dove accogliere il vento tiepido dell\u2019estate indiana. Un altro volto dell'Algarve si rivela in controluce in una cartella colori tenui.\",\"breadcrumb\":{\"@id\":\"https:\/\/lookingforcharly.com\/it\/72-ore-in-algarve\/#breadcrumb\"},\"inLanguage\":\"it-IT\",\"potentialAction\":[{\"@type\":\"ReadAction\",\"target\":[\"https:\/\/lookingforcharly.com\/it\/72-ore-in-algarve\/\"]}]},{\"@type\":\"ImageObject\",\"inLanguage\":\"it-IT\",\"@id\":\"https:\/\/lookingforcharly.com\/it\/72-ore-in-algarve\/#primaryimage\",\"url\":\"https:\/\/lookingforcharly.com\/wp-content\/uploads\/2019\/09\/mo-iCLntXD2XIk-unsplash-1.jpg\",\"contentUrl\":\"https:\/\/lookingforcharly.com\/wp-content\/uploads\/2019\/09\/mo-iCLntXD2XIk-unsplash-1.jpg\",\"width\":1920,\"height\":1078,\"caption\":\"Une Belle Adresse pour accueillir dans un vent de douceur, l\u2019\u00e9t\u00e9 indien. Un autre visage de l\u2019Algarve se d\u00e9voile \u00e0 contre-courant dans un nuancier doux et lumineux.\"},{\"@type\":\"BreadcrumbList\",\"@id\":\"https:\/\/lookingforcharly.com\/it\/72-ore-in-algarve\/#breadcrumb\",\"itemListElement\":[{\"@type\":\"ListItem\",\"position\":1,\"name\":\"Accueil\",\"item\":\"https:\/\/lookingforcharly.com\/it\/\"},{\"@type\":\"ListItem\",\"position\":2,\"name\":\"Europa\",\"item\":\"https:\/\/lookingforcharly.com\/it\/europa-it\/\"},{\"@type\":\"ListItem\",\"position\":3,\"name\":\"72 ore in Algarve\"}]},{\"@type\":\"WebSite\",\"@id\":\"https:\/\/lookingforcharly.com\/it\/#website\",\"url\":\"https:\/\/lookingforcharly.com\/it\/\",\"name\":\"Looking For Charly\",\"description\":\"Exp\u00e9riences autour du monde\",\"publisher\":{\"@id\":\"https:\/\/lookingforcharly.com\/it\/#organization\"},\"potentialAction\":[{\"@type\":\"SearchAction\",\"target\":{\"@type\":\"EntryPoint\",\"urlTemplate\":\"https:\/\/lookingforcharly.com\/it\/?s={search_term_string}\"},\"query-input\":{\"@type\":\"PropertyValueSpecification\",\"valueRequired\":true,\"valueName\":\"search_term_string\"}}],\"inLanguage\":\"it-IT\"},{\"@type\":\"Organization\",\"@id\":\"https:\/\/lookingforcharly.com\/it\/#organization\",\"name\":\"Looking For Charly\",\"alternateName\":\"L4C\",\"url\":\"https:\/\/lookingforcharly.com\/it\/\",\"logo\":{\"@type\":\"ImageObject\",\"inLanguage\":\"it-IT\",\"@id\":\"https:\/\/lookingforcharly.com\/it\/#\/schema\/logo\/image\/\",\"url\":\"https:\/\/lookingforcharly.com\/wp-content\/uploads\/2024\/03\/cropped-cropped-Logo-Looking-for-Charly.png\",\"contentUrl\":\"https:\/\/lookingforcharly.com\/wp-content\/uploads\/2024\/03\/cropped-cropped-Logo-Looking-for-Charly.png\",\"width\":512,\"height\":512,\"caption\":\"Looking For Charly\"},\"image\":{\"@id\":\"https:\/\/lookingforcharly.com\/it\/#\/schema\/logo\/image\/\"},\"sameAs\":[\"https:\/\/www.facebook.com\/lookingforcharly\",\"https:\/\/www.instagram.com\/lookingforcharly\/\",\"https:\/\/www.linkedin.com\/company\/looking-for-charly\/\"]},{\"@type\":\"Person\",\"@id\":\"https:\/\/lookingforcharly.com\/it\/#\/schema\/person\/7fb1ea89bf2ffa5783a7f11778422101\",\"name\":\"Daphne\",\"image\":{\"@type\":\"ImageObject\",\"inLanguage\":\"it-IT\",\"@id\":\"https:\/\/lookingforcharly.com\/it\/#\/schema\/person\/image\/\",\"url\":\"https:\/\/secure.gravatar.com\/avatar\/2ca706e3f813d28833c317a19f4cba15b3da298a104b03edf59c6cb7f563cfc5?s=96&d=mm&r=g\",\"contentUrl\":\"https:\/\/secure.gravatar.com\/avatar\/2ca706e3f813d28833c317a19f4cba15b3da298a104b03edf59c6cb7f563cfc5?s=96&d=mm&r=g\",\"caption\":\"Daphne\"},\"url\":\"https:\/\/lookingforcharly.com\/it\/author\/daphne\/\"}]}<\/script>\n<!-- \/ Yoast SEO plugin. -->","yoast_head_json":{"title":"72 ore in Algarve","description":"L\u2019indirizzo perfetto dove accogliere il vento tiepido dell\u2019estate indiana. Un altro volto dell'Algarve si rivela in controluce in una cartella colori tenui.","robots":{"index":"index","follow":"follow","max-snippet":"max-snippet:-1","max-image-preview":"max-image-preview:large","max-video-preview":"max-video-preview:-1"},"canonical":"https:\/\/lookingforcharly.com\/it\/72-ore-in-algarve\/","og_locale":"it_IT","og_type":"article","og_title":"72 ore in Algarve","og_description":"L\u2019indirizzo perfetto dove accogliere il vento tiepido dell\u2019estate indiana. Un altro volto dell'Algarve si rivela in controluce in una cartella colori tenui.","og_url":"https:\/\/lookingforcharly.com\/it\/72-ore-in-algarve\/","og_site_name":"Looking For Charly","article_publisher":"https:\/\/www.facebook.com\/lookingforcharly","article_published_time":"2019-09-01T12:15:00+00:00","article_modified_time":"2024-06-20T14:50:40+00:00","og_image":[{"url":"http:\/\/lookingforcharly.com\/wp-content\/uploads\/2024\/06\/Algarve-Portugual-1024x767.jpg","type":"","width":"","height":""}],"author":"Daphne","twitter_card":"summary_large_image","twitter_misc":{"Written by":"Daphne","Est. reading time":"12 minutes"},"schema":{"@context":"https:\/\/schema.org","@graph":[{"@type":"Article","@id":"https:\/\/lookingforcharly.com\/it\/72-ore-in-algarve\/#article","isPartOf":{"@id":"https:\/\/lookingforcharly.com\/it\/72-ore-in-algarve\/"},"author":{"name":"Daphne","@id":"https:\/\/lookingforcharly.com\/it\/#\/schema\/person\/7fb1ea89bf2ffa5783a7f11778422101"},"headline":"72 ore in Algarve","datePublished":"2019-09-01T12:15:00+00:00","dateModified":"2024-06-20T14:50:40+00:00","mainEntityOfPage":{"@id":"https:\/\/lookingforcharly.com\/it\/72-ore-in-algarve\/"},"wordCount":1621,"publisher":{"@id":"https:\/\/lookingforcharly.com\/it\/#organization"},"image":{"@id":"https:\/\/lookingforcharly.com\/it\/72-ore-in-algarve\/#primaryimage"},"thumbnailUrl":"https:\/\/lookingforcharly.com\/wp-content\/uploads\/2019\/09\/mo-iCLntXD2XIk-unsplash-1.jpg","articleSection":["Europa"],"inLanguage":"it-IT"},{"@type":"WebPage","@id":"https:\/\/lookingforcharly.com\/it\/72-ore-in-algarve\/","url":"https:\/\/lookingforcharly.com\/it\/72-ore-in-algarve\/","name":"72 ore in Algarve","isPartOf":{"@id":"https:\/\/lookingforcharly.com\/it\/#website"},"primaryImageOfPage":{"@id":"https:\/\/lookingforcharly.com\/it\/72-ore-in-algarve\/#primaryimage"},"image":{"@id":"https:\/\/lookingforcharly.com\/it\/72-ore-in-algarve\/#primaryimage"},"thumbnailUrl":"https:\/\/lookingforcharly.com\/wp-content\/uploads\/2019\/09\/mo-iCLntXD2XIk-unsplash-1.jpg","datePublished":"2019-09-01T12:15:00+00:00","dateModified":"2024-06-20T14:50:40+00:00","description":"L\u2019indirizzo perfetto dove accogliere il vento tiepido dell\u2019estate indiana. Un altro volto dell'Algarve si rivela in controluce in una cartella colori tenui.","breadcrumb":{"@id":"https:\/\/lookingforcharly.com\/it\/72-ore-in-algarve\/#breadcrumb"},"inLanguage":"it-IT","potentialAction":[{"@type":"ReadAction","target":["https:\/\/lookingforcharly.com\/it\/72-ore-in-algarve\/"]}]},{"@type":"ImageObject","inLanguage":"it-IT","@id":"https:\/\/lookingforcharly.com\/it\/72-ore-in-algarve\/#primaryimage","url":"https:\/\/lookingforcharly.com\/wp-content\/uploads\/2019\/09\/mo-iCLntXD2XIk-unsplash-1.jpg","contentUrl":"https:\/\/lookingforcharly.com\/wp-content\/uploads\/2019\/09\/mo-iCLntXD2XIk-unsplash-1.jpg","width":1920,"height":1078,"caption":"Une Belle Adresse pour accueillir dans un vent de douceur, l\u2019\u00e9t\u00e9 indien. Un autre visage de l\u2019Algarve se d\u00e9voile \u00e0 contre-courant dans un nuancier doux et lumineux."},{"@type":"BreadcrumbList","@id":"https:\/\/lookingforcharly.com\/it\/72-ore-in-algarve\/#breadcrumb","itemListElement":[{"@type":"ListItem","position":1,"name":"Accueil","item":"https:\/\/lookingforcharly.com\/it\/"},{"@type":"ListItem","position":2,"name":"Europa","item":"https:\/\/lookingforcharly.com\/it\/europa-it\/"},{"@type":"ListItem","position":3,"name":"72 ore in Algarve"}]},{"@type":"WebSite","@id":"https:\/\/lookingforcharly.com\/it\/#website","url":"https:\/\/lookingforcharly.com\/it\/","name":"Looking For Charly","description":"Exp\u00e9riences autour du monde","publisher":{"@id":"https:\/\/lookingforcharly.com\/it\/#organization"},"potentialAction":[{"@type":"SearchAction","target":{"@type":"EntryPoint","urlTemplate":"https:\/\/lookingforcharly.com\/it\/?s={search_term_string}"},"query-input":{"@type":"PropertyValueSpecification","valueRequired":true,"valueName":"search_term_string"}}],"inLanguage":"it-IT"},{"@type":"Organization","@id":"https:\/\/lookingforcharly.com\/it\/#organization","name":"Looking For Charly","alternateName":"L4C","url":"https:\/\/lookingforcharly.com\/it\/","logo":{"@type":"ImageObject","inLanguage":"it-IT","@id":"https:\/\/lookingforcharly.com\/it\/#\/schema\/logo\/image\/","url":"https:\/\/lookingforcharly.com\/wp-content\/uploads\/2024\/03\/cropped-cropped-Logo-Looking-for-Charly.png","contentUrl":"https:\/\/lookingforcharly.com\/wp-content\/uploads\/2024\/03\/cropped-cropped-Logo-Looking-for-Charly.png","width":512,"height":512,"caption":"Looking For Charly"},"image":{"@id":"https:\/\/lookingforcharly.com\/it\/#\/schema\/logo\/image\/"},"sameAs":["https:\/\/www.facebook.com\/lookingforcharly","https:\/\/www.instagram.com\/lookingforcharly\/","https:\/\/www.linkedin.com\/company\/looking-for-charly\/"]},{"@type":"Person","@id":"https:\/\/lookingforcharly.com\/it\/#\/schema\/person\/7fb1ea89bf2ffa5783a7f11778422101","name":"Daphne","image":{"@type":"ImageObject","inLanguage":"it-IT","@id":"https:\/\/lookingforcharly.com\/it\/#\/schema\/person\/image\/","url":"https:\/\/secure.gravatar.com\/avatar\/2ca706e3f813d28833c317a19f4cba15b3da298a104b03edf59c6cb7f563cfc5?s=96&d=mm&r=g","contentUrl":"https:\/\/secure.gravatar.com\/avatar\/2ca706e3f813d28833c317a19f4cba15b3da298a104b03edf59c6cb7f563cfc5?s=96&d=mm&r=g","caption":"Daphne"},"url":"https:\/\/lookingforcharly.com\/it\/author\/daphne\/"}]}},"_links":{"self":[{"href":"https:\/\/lookingforcharly.com\/it\/wp-json\/wp\/v2\/posts\/4667","targetHints":{"allow":["GET"]}}],"collection":[{"href":"https:\/\/lookingforcharly.com\/it\/wp-json\/wp\/v2\/posts"}],"about":[{"href":"https:\/\/lookingforcharly.com\/it\/wp-json\/wp\/v2\/types\/post"}],"author":[{"embeddable":true,"href":"https:\/\/lookingforcharly.com\/it\/wp-json\/wp\/v2\/users\/3"}],"replies":[{"embeddable":true,"href":"https:\/\/lookingforcharly.com\/it\/wp-json\/wp\/v2\/comments?post=4667"}],"version-history":[{"count":0,"href":"https:\/\/lookingforcharly.com\/it\/wp-json\/wp\/v2\/posts\/4667\/revisions"}],"wp:featuredmedia":[{"embeddable":true,"href":"https:\/\/lookingforcharly.com\/it\/wp-json\/wp\/v2\/media\/5567"}],"wp:attachment":[{"href":"https:\/\/lookingforcharly.com\/it\/wp-json\/wp\/v2\/media?parent=4667"}],"wp:term":[{"taxonomy":"category","embeddable":true,"href":"https:\/\/lookingforcharly.com\/it\/wp-json\/wp\/v2\/categories?post=4667"},{"taxonomy":"post_tag","embeddable":true,"href":"https:\/\/lookingforcharly.com\/it\/wp-json\/wp\/v2\/tags?post=4667"}],"curies":[{"name":"wp","href":"https:\/\/api.w.org\/{rel}","templated":true}]}}