{"id":4489,"date":"2020-08-19T10:39:00","date_gmt":"2020-08-19T08:39:00","guid":{"rendered":"https:\/\/tipi.beetrip.pro\/heureux-qui-comme-ulysse\/"},"modified":"2024-06-18T17:27:45","modified_gmt":"2024-06-18T15:27:45","slug":"felice-chi-come-ulisse","status":"publish","type":"post","link":"https:\/\/lookingforcharly.com\/it\/felice-chi-come-ulisse\/","title":{"rendered":"Felice chi come Ulisse\u2026"},"content":{"rendered":"\t\t<div data-elementor-type=\"wp-post\" data-elementor-id=\"4489\" class=\"elementor elementor-4489 elementor-2412\" data-elementor-post-type=\"post\">\n\t\t\t\t<div class=\"elementor-element elementor-element-2850888b e-flex e-con-boxed e-con e-parent\" data-id=\"2850888b\" data-element_type=\"container\" data-e-type=\"container\" data-settings=\"{&quot;background_background&quot;:&quot;classic&quot;}\">\n\t\t\t\t\t<div class=\"e-con-inner\">\n\t\t\t\t<div class=\"elementor-element elementor-element-299719b3 elementor-invisible elementor-widget elementor-widget-heading\" data-id=\"299719b3\" data-element_type=\"widget\" data-e-type=\"widget\" data-settings=\"{&quot;_animation&quot;:&quot;fadeIn&quot;}\" data-widget_type=\"heading.default\">\n\t\t\t\t<div class=\"elementor-widget-container\">\n\t\t\t\t\t<h1 class=\"elementor-heading-title elementor-size-default\">Felice chi come Ulisse\u2026<\/h1>\t\t\t\t<\/div>\n\t\t\t\t<\/div>\n\t\t\t\t<div class=\"elementor-element elementor-element-19d877a elementor-widget elementor-widget-post-info\" data-id=\"19d877a\" data-element_type=\"widget\" data-e-type=\"widget\" data-widget_type=\"post-info.default\">\n\t\t\t\t<div class=\"elementor-widget-container\">\n\t\t\t\t\t\t\t<ul class=\"elementor-inline-items elementor-icon-list-items elementor-post-info\">\n\t\t\t\t\t\t\t\t<li class=\"elementor-icon-list-item elementor-repeater-item-e7fd4d6 elementor-inline-item\" itemprop=\"about\">\n\t\t\t\t\t\t\t\t\t\t\t\t\t<span class=\"elementor-icon-list-text elementor-post-info__item elementor-post-info__item--type-terms\">\n\t\t\t\t\t\t\t\t\t\t<span class=\"elementor-post-info__terms-list\">\n\t\t\t\t<a href=\"https:\/\/lookingforcharly.com\/it\/europa\/\" class=\"elementor-post-info__terms-list-item\">Europa<\/a>\t\t\t\t<\/span>\n\t\t\t\t\t<\/span>\n\t\t\t\t\t\t\t\t<\/li>\n\t\t\t\t<li class=\"elementor-icon-list-item elementor-repeater-item-932e776 elementor-inline-item\" itemprop=\"datePublished\">\n\t\t\t\t\t\t\t\t\t\t\t\t\t<span class=\"elementor-icon-list-text elementor-post-info__item elementor-post-info__item--type-date\">\n\t\t\t\t\t\t\t<span class=\"elementor-post-info__item-prefix\">le<\/span>\n\t\t\t\t\t\t\t\t\t\t<time>19 August 2020<\/time>\t\t\t\t\t<\/span>\n\t\t\t\t\t\t\t\t<\/li>\n\t\t\t\t<\/ul>\n\t\t\t\t\t\t<\/div>\n\t\t\t\t<\/div>\n\t\t\t\t\t<\/div>\n\t\t\t\t<\/div>\n\t\t<div class=\"elementor-element elementor-element-9cc6b78 e-flex e-con-boxed e-con e-parent\" data-id=\"9cc6b78\" data-element_type=\"container\" data-e-type=\"container\">\n\t\t\t\t\t<div class=\"e-con-inner\">\n\t\t\t\t<div class=\"elementor-element elementor-element-e13ea5b elementor-widget elementor-widget-text-editor\" data-id=\"e13ea5b\" data-element_type=\"widget\" data-e-type=\"widget\" data-widget_type=\"text-editor.default\">\n\t\t\t\t<div class=\"elementor-widget-container\">\n\t\t\t\t\t\t\t\t\t<h5 style=\"text-align: center;\"><em>ha fatto un meraviglioso viaggio\u2026<\/em><\/h5><h5 style=\"text-align: center;\"><em>Looking for Charly\u00a0continua il suo periplo e si spinge sempre pi\u00f9 a Sud.\u00a0<\/em><\/h5><h5 style=\"text-align: center;\"><em>Attraversiamo lo stretto di Messina tra mito e realt\u00e0. Quaggi\u00f9 troverete una terra mista, ricca delle culture dei suoi diversi occupanti ognuno dei quali ha lasciato il segno !<\/em><\/h5><h5 style=\"text-align: center;\"><em>Perdetevi tra i siti grandiosi dove la zagara con il suo intenso profumo si fonde con i minerali.<\/em><\/h5><h5 style=\"text-align: center;\"><em>Qui le pietre raccontano la storia di ogni costruzione, di un tempio incompiuto, di una citt\u00e0 sopravvissuta al terremoto, di una moschea senza et\u00e0, di castelli costruiti su colline a strapiombo sul mare.<\/em><\/h5><h5 style=\"text-align: center;\"><em>L\u2019acqua, che qui \u00e8 onnipresente, contemplativa e magnetica come il canto delle sirene.<\/em><\/h5>\t\t\t\t\t\t\t\t<\/div>\n\t\t\t\t<\/div>\n\t\t\t\t<div class=\"elementor-element elementor-element-c7da0ed elementor-widget elementor-widget-heading\" data-id=\"c7da0ed\" data-element_type=\"widget\" data-e-type=\"widget\" data-widget_type=\"heading.default\">\n\t\t\t\t<div class=\"elementor-widget-container\">\n\t\t\t\t\t<h3 class=\"elementor-heading-title elementor-size-default\">BENVENUTI IN SICILIA !<\/h3>\t\t\t\t<\/div>\n\t\t\t\t<\/div>\n\t\t\t\t<div class=\"elementor-element elementor-element-96dab2e elementor-widget elementor-widget-text-editor\" data-id=\"96dab2e\" data-element_type=\"widget\" data-e-type=\"widget\" data-widget_type=\"text-editor.default\">\n\t\t\t\t<div class=\"elementor-widget-container\">\n\t\t\t\t\t\t\t\t\t<p style=\"text-align: justify;\">Conoscete gi\u00e0 tutti a memoria i nomi\u00a0dei siti patrimonio mondiale dell\u2019 Unesco, palazzi barocchi, giardini orientali, cattedrali bizantine. Amica e guida di grande esperienza, Vera ci accompagna alla scoperta di quest\u2019isola magica passando tra sentieri meno conosciuti, rivelando i piaceri inaspettati che questa terra ha da offrire. La parlantina veloce e ritmata come un canto,\u00a0il suo accento marcato che sa di sud ci fa gi\u00e0 sentire in viaggio,\u00a0proprio come il Re di Itaca.<\/p>\t\t\t\t\t\t\t\t<\/div>\n\t\t\t\t<\/div>\n\t\t\t\t<div class=\"elementor-element elementor-element-93ad55c elementor-widget elementor-widget-heading\" data-id=\"93ad55c\" data-element_type=\"widget\" data-e-type=\"widget\" data-widget_type=\"heading.default\">\n\t\t\t\t<div class=\"elementor-widget-container\">\n\t\t\t\t\t<h3 class=\"elementor-heading-title elementor-size-default\">Pronti a prendere il largo ?<\/h3>\t\t\t\t<\/div>\n\t\t\t\t<\/div>\n\t\t\t\t<div class=\"elementor-element elementor-element-d8b1f8d elementor-widget elementor-widget-image\" data-id=\"d8b1f8d\" data-element_type=\"widget\" data-e-type=\"widget\" data-widget_type=\"image.default\">\n\t\t\t\t<div class=\"elementor-widget-container\">\n\t\t\t\t\t\t\t\t\t\t\t\t\t\t\t\t<a href=\"http:\/\/lookingforcharly.com\/wp-content\/uploads\/2020\/08\/Goleta-24m-ibiza-veleros-5.jpg\" data-elementor-open-lightbox=\"yes\" data-elementor-lightbox-title=\"Goleta-24m-ibiza-veleros-5\" data-e-action-hash=\"#elementor-action%3Aaction%3Dlightbox%26settings%3DeyJpZCI6MjQxNywidXJsIjoiaHR0cHM6XC9cL2xvb2tpbmdmb3JjaGFybHkuY29tXC93cC1jb250ZW50XC91cGxvYWRzXC8yMDIwXC8wOFwvR29sZXRhLTI0bS1pYml6YS12ZWxlcm9zLTUuanBnIn0%3D\">\n\t\t\t\t\t\t\t<img fetchpriority=\"high\" decoding=\"async\" width=\"1000\" height=\"668\" src=\"https:\/\/lookingforcharly.com\/wp-content\/uploads\/2020\/08\/Goleta-24m-ibiza-veleros-5.jpg\" class=\"attachment-full size-full wp-image-2417\" alt=\"\" srcset=\"https:\/\/lookingforcharly.com\/wp-content\/uploads\/2020\/08\/Goleta-24m-ibiza-veleros-5.jpg 1000w, https:\/\/lookingforcharly.com\/wp-content\/uploads\/2020\/08\/Goleta-24m-ibiza-veleros-5-300x200.jpg 300w, https:\/\/lookingforcharly.com\/wp-content\/uploads\/2020\/08\/Goleta-24m-ibiza-veleros-5-768x513.jpg 768w\" sizes=\"(max-width: 1000px) 100vw, 1000px\" \/>\t\t\t\t\t\t\t\t<\/a>\n\t\t\t\t\t\t\t\t\t\t\t\t\t\t\t<\/div>\n\t\t\t\t<\/div>\n\t\t\t\t<div class=\"elementor-element elementor-element-c695db4 elementor-widget elementor-widget-text-editor\" data-id=\"c695db4\" data-element_type=\"widget\" data-e-type=\"widget\" data-widget_type=\"text-editor.default\">\n\t\t\t\t<div class=\"elementor-widget-container\">\n\t\t\t\t\t\t\t\t\t<div><div><div><div><div><p style=\"text-align: justify;\">Solcare i mari vi permetter\u00e0 di scoprire un arcipelago unico al mondo, le Isole Eolie disseminate dal vento tra il cielo e il mare\u2026<\/p><\/div><\/div><\/div><\/div><\/div><div><div><div><div><div><p style=\"text-align: justify;\">Il tempo \u00e8 un lusso estremo ed il modo migliore per passarlo \u00e8 veleggiare di isola in isola,\u00a0accedere alle calette celate e godere in solitaria dei tesori naturali nascosti del <strong><span style=\"color: #bfa800;\">Mar Tirreno<\/span><\/strong>.\u00a0Il modo migliore di ammirare i paesaggi meravigliosi di ogni isola \u00e8 sicuramente dal mare,\u00a0i piccoli porti dei pescatori, le spiagge nere, i villaggi arroccati e, quando scende la sera solo voi,\u00a0il rumore delle onde e lo Stromboli (Iddu come lo chiamano i locali) rumoroso ed incandescente.<\/p><\/div><\/div><\/div><\/div><\/div>\t\t\t\t\t\t\t\t<\/div>\n\t\t\t\t<\/div>\n\t\t\t\t<div class=\"elementor-element elementor-element-029f3b1 elementor-widget elementor-widget-image\" data-id=\"029f3b1\" data-element_type=\"widget\" data-e-type=\"widget\" data-widget_type=\"image.default\">\n\t\t\t\t<div class=\"elementor-widget-container\">\n\t\t\t\t\t\t\t\t\t\t\t\t\t\t\t\t<a href=\"http:\/\/lookingforcharly.com\/wp-content\/uploads\/2020\/08\/Goleta-24m-ibiza-veleros-9.jpg\" data-elementor-open-lightbox=\"yes\" data-elementor-lightbox-title=\"Goleta-24m-ibiza-veleros-9\" data-e-action-hash=\"#elementor-action%3Aaction%3Dlightbox%26settings%3DeyJpZCI6MjQyMSwidXJsIjoiaHR0cHM6XC9cL2xvb2tpbmdmb3JjaGFybHkuY29tXC93cC1jb250ZW50XC91cGxvYWRzXC8yMDIwXC8wOFwvR29sZXRhLTI0bS1pYml6YS12ZWxlcm9zLTkuanBnIn0%3D\">\n\t\t\t\t\t\t\t<img decoding=\"async\" width=\"1000\" height=\"668\" src=\"https:\/\/lookingforcharly.com\/wp-content\/uploads\/2020\/08\/Goleta-24m-ibiza-veleros-9.jpg\" class=\"attachment-full size-full wp-image-2421\" alt=\"\" srcset=\"https:\/\/lookingforcharly.com\/wp-content\/uploads\/2020\/08\/Goleta-24m-ibiza-veleros-9.jpg 1000w, https:\/\/lookingforcharly.com\/wp-content\/uploads\/2020\/08\/Goleta-24m-ibiza-veleros-9-300x200.jpg 300w, https:\/\/lookingforcharly.com\/wp-content\/uploads\/2020\/08\/Goleta-24m-ibiza-veleros-9-768x513.jpg 768w\" sizes=\"(max-width: 1000px) 100vw, 1000px\" \/>\t\t\t\t\t\t\t\t<\/a>\n\t\t\t\t\t\t\t\t\t\t\t\t\t\t\t<\/div>\n\t\t\t\t<\/div>\n\t\t\t\t<div class=\"elementor-element elementor-element-d75aa0e elementor-widget elementor-widget-text-editor\" data-id=\"d75aa0e\" data-element_type=\"widget\" data-e-type=\"widget\" data-widget_type=\"text-editor.default\">\n\t\t\t\t<div class=\"elementor-widget-container\">\n\t\t\t\t\t\t\t\t\t<p style=\"text-align: justify;\">E\u2019 <strong><span style=\"color: #bfa800;\">a bordo di un caicco<\/span><\/strong> che viaggerete alla scoperta di queste diversissime 7 isole.\u00a0Veri e propri alberghi galleggianti, leggeri, stretti e poco profondi, una volta usati solo per la pesca,\u00a0oggi muniti di comfort e motori, ma sempre equipaggiati di vele per mantenere il loro charme intatto.\u00a0Vi aspetta una crociera seducente, comoda e con buoni servizi, ogni cabina a bordo dispone di un bagno privato e di aria condizionata, perfetta in famiglia o per un gruppo di amici affiatati. Capacit\u00e0 da 2 a 12 cabine.<\/p>\t\t\t\t\t\t\t\t<\/div>\n\t\t\t\t<\/div>\n\t\t\t\t<div class=\"elementor-element elementor-element-c9e1722 elementor-widget elementor-widget-image\" data-id=\"c9e1722\" data-element_type=\"widget\" data-e-type=\"widget\" data-widget_type=\"image.default\">\n\t\t\t\t<div class=\"elementor-widget-container\">\n\t\t\t\t\t\t\t\t\t\t\t\t\t\t\t\t<a href=\"http:\/\/lookingforcharly.com\/wp-content\/uploads\/2020\/08\/Goleta-24m-ibiza-veleros-8.jpg\" data-elementor-open-lightbox=\"yes\" data-elementor-lightbox-title=\"Goleta-24m-ibiza-veleros-8\" data-e-action-hash=\"#elementor-action%3Aaction%3Dlightbox%26settings%3DeyJpZCI6MjQyNCwidXJsIjoiaHR0cHM6XC9cL2xvb2tpbmdmb3JjaGFybHkuY29tXC93cC1jb250ZW50XC91cGxvYWRzXC8yMDIwXC8wOFwvR29sZXRhLTI0bS1pYml6YS12ZWxlcm9zLTguanBnIn0%3D\">\n\t\t\t\t\t\t\t<img decoding=\"async\" width=\"1000\" height=\"668\" src=\"https:\/\/lookingforcharly.com\/wp-content\/uploads\/2020\/08\/Goleta-24m-ibiza-veleros-8.jpg\" class=\"attachment-full size-full wp-image-2424\" alt=\"\" srcset=\"https:\/\/lookingforcharly.com\/wp-content\/uploads\/2020\/08\/Goleta-24m-ibiza-veleros-8.jpg 1000w, https:\/\/lookingforcharly.com\/wp-content\/uploads\/2020\/08\/Goleta-24m-ibiza-veleros-8-300x200.jpg 300w, https:\/\/lookingforcharly.com\/wp-content\/uploads\/2020\/08\/Goleta-24m-ibiza-veleros-8-768x513.jpg 768w\" sizes=\"(max-width: 1000px) 100vw, 1000px\" \/>\t\t\t\t\t\t\t\t<\/a>\n\t\t\t\t\t\t\t\t\t\t\t\t\t\t\t<\/div>\n\t\t\t\t<\/div>\n\t\t\t\t<div class=\"elementor-element elementor-element-c6ec573 elementor-widget elementor-widget-text-editor\" data-id=\"c6ec573\" data-element_type=\"widget\" data-e-type=\"widget\" data-widget_type=\"text-editor.default\">\n\t\t\t\t<div class=\"elementor-widget-container\">\n\t\t\t\t\t\t\t\t\t<p style=\"text-align: justify;\">Ormeggiare vicino alle grotte e poi partire in esplorazione armati solo di maschera e pinne, nuotare fino alla spiaggia e rosolare al sole del sud, assaporare il pesce appena pescato, what else ?\u00a0\u00a0Lasciatevi invadere dagli elementi, Terra, acqua, vento e fuoco che, vi accompagneranno durante tutta la crociera. Il passaggio a <strong><span style=\"color: #bfa800;\">Stromboli<\/span><\/strong>, lui da solo vale tutto il viaggio, un momento emozionante e forte,\u00a0simbolo di un incontro esplosivo tra terra e fuoco. Particolarmente suggestivo, ma rumoroso,\u00a0il panorama notturno, la \u201csciara del fuoco\u201d incandescente vista dal mare vi lascer\u00e0 senza fiato.<\/p>\t\t\t\t\t\t\t\t<\/div>\n\t\t\t\t<\/div>\n\t\t\t\t<div class=\"elementor-element elementor-element-760c1b5 elementor-widget elementor-widget-image\" data-id=\"760c1b5\" data-element_type=\"widget\" data-e-type=\"widget\" data-widget_type=\"image.default\">\n\t\t\t\t<div class=\"elementor-widget-container\">\n\t\t\t\t\t\t\t\t\t\t\t\t\t\t\t\t<a href=\"http:\/\/lookingforcharly.com\/wp-content\/uploads\/2020\/08\/Goleta-24m-ibiza-veleros-7.jpg\" data-elementor-open-lightbox=\"yes\" data-elementor-lightbox-title=\"Goleta-24m-ibiza-veleros-7\" data-e-action-hash=\"#elementor-action%3Aaction%3Dlightbox%26settings%3DeyJpZCI6MjQyNywidXJsIjoiaHR0cHM6XC9cL2xvb2tpbmdmb3JjaGFybHkuY29tXC93cC1jb250ZW50XC91cGxvYWRzXC8yMDIwXC8wOFwvR29sZXRhLTI0bS1pYml6YS12ZWxlcm9zLTcuanBnIn0%3D\">\n\t\t\t\t\t\t\t<img loading=\"lazy\" decoding=\"async\" width=\"1000\" height=\"668\" src=\"https:\/\/lookingforcharly.com\/wp-content\/uploads\/2020\/08\/Goleta-24m-ibiza-veleros-7.jpg\" class=\"attachment-full size-full wp-image-2427\" alt=\"\" srcset=\"https:\/\/lookingforcharly.com\/wp-content\/uploads\/2020\/08\/Goleta-24m-ibiza-veleros-7.jpg 1000w, https:\/\/lookingforcharly.com\/wp-content\/uploads\/2020\/08\/Goleta-24m-ibiza-veleros-7-300x200.jpg 300w, https:\/\/lookingforcharly.com\/wp-content\/uploads\/2020\/08\/Goleta-24m-ibiza-veleros-7-768x513.jpg 768w\" sizes=\"(max-width: 1000px) 100vw, 1000px\" \/>\t\t\t\t\t\t\t\t<\/a>\n\t\t\t\t\t\t\t\t\t\t\t\t\t\t\t<\/div>\n\t\t\t\t<\/div>\n\t\t\t\t<div class=\"elementor-element elementor-element-624c97f elementor-widget elementor-widget-text-editor\" data-id=\"624c97f\" data-element_type=\"widget\" data-e-type=\"widget\" data-widget_type=\"text-editor.default\">\n\t\t\t\t<div class=\"elementor-widget-container\">\n\t\t\t\t\t\t\t\t\t<p style=\"text-align: justify;\">Un\u2019altra isola imperdibile <strong><span style=\"color: #bfa800;\">Panarea<\/span><\/strong>, la pi\u00f9 pittoresca con il suo dedalo di stradine strette e le sue case bianche, ibiscus, bouganville, e il mare turchese come sfondo, e quando scende la sera vi consigliamo il miglior ristorante, intimo e privato, il ponte della vostra barca con vista sullo stromboli in eruzione.<\/p>\t\t\t\t\t\t\t\t<\/div>\n\t\t\t\t<\/div>\n\t\t\t\t<div class=\"elementor-element elementor-element-b42e59a elementor-widget elementor-widget-image\" data-id=\"b42e59a\" data-element_type=\"widget\" data-e-type=\"widget\" data-widget_type=\"image.default\">\n\t\t\t\t<div class=\"elementor-widget-container\">\n\t\t\t\t\t\t\t\t\t\t\t\t\t\t\t\t<a href=\"http:\/\/lookingforcharly.com\/wp-content\/uploads\/2020\/08\/Goleta-24m-ibiza-veleros-13.jpg\" data-elementor-open-lightbox=\"yes\" data-elementor-lightbox-title=\"Goleta-24m-ibiza-veleros-13\" data-e-action-hash=\"#elementor-action%3Aaction%3Dlightbox%26settings%3DeyJpZCI6MjQzMCwidXJsIjoiaHR0cHM6XC9cL2xvb2tpbmdmb3JjaGFybHkuY29tXC93cC1jb250ZW50XC91cGxvYWRzXC8yMDIwXC8wOFwvR29sZXRhLTI0bS1pYml6YS12ZWxlcm9zLTEzLmpwZyJ9\">\n\t\t\t\t\t\t\t<img loading=\"lazy\" decoding=\"async\" width=\"1000\" height=\"668\" src=\"https:\/\/lookingforcharly.com\/wp-content\/uploads\/2020\/08\/Goleta-24m-ibiza-veleros-13.jpg\" class=\"attachment-full size-full wp-image-2430\" alt=\"\" srcset=\"https:\/\/lookingforcharly.com\/wp-content\/uploads\/2020\/08\/Goleta-24m-ibiza-veleros-13.jpg 1000w, https:\/\/lookingforcharly.com\/wp-content\/uploads\/2020\/08\/Goleta-24m-ibiza-veleros-13-300x200.jpg 300w, https:\/\/lookingforcharly.com\/wp-content\/uploads\/2020\/08\/Goleta-24m-ibiza-veleros-13-768x513.jpg 768w\" sizes=\"(max-width: 1000px) 100vw, 1000px\" \/>\t\t\t\t\t\t\t\t<\/a>\n\t\t\t\t\t\t\t\t\t\t\t\t\t\t\t<\/div>\n\t\t\t\t<\/div>\n\t\t\t\t<div class=\"elementor-element elementor-element-8b05d4c elementor-widget elementor-widget-text-editor\" data-id=\"8b05d4c\" data-element_type=\"widget\" data-e-type=\"widget\" data-widget_type=\"text-editor.default\">\n\t\t\t\t<div class=\"elementor-widget-container\">\n\t\t\t\t\t\t\t\t\t<p style=\"text-align: justify;\">E per i pi\u00f9 sportivi, trekking lungo il cratere di Vulcano che \u201cprofuma\u201d di zolfo\u00a0e la salita a <strong><span style=\"color: #bfa800;\">Salina<\/span><\/strong> per arrivare fino al punto pi\u00f9 alto di tutto l\u2019arcipelago.\u00a0\u00a0Staccate la spina, l\u2019equipaggio penser\u00e0 a voi e si occuper\u00e0 di tutto, dalla navigazione alle visite, cucineranno per voi i prodotti freschi locali e vi prepareranno l\u2019aperitivo al calar del sole.\u00a0<\/p>\t\t\t\t\t\t\t\t<\/div>\n\t\t\t\t<\/div>\n\t\t\t\t<div class=\"elementor-element elementor-element-d77fa70 elementor-widget elementor-widget-heading\" data-id=\"d77fa70\" data-element_type=\"widget\" data-e-type=\"widget\" data-widget_type=\"heading.default\">\n\t\t\t\t<div class=\"elementor-widget-container\">\n\t\t\t\t\t<h3 class=\"elementor-heading-title elementor-size-default\">Qualche giorno a Trapani<\/h3>\t\t\t\t<\/div>\n\t\t\t\t<\/div>\n\t\t\t\t<div class=\"elementor-element elementor-element-6e2eb52 elementor-widget elementor-widget-text-editor\" data-id=\"6e2eb52\" data-element_type=\"widget\" data-e-type=\"widget\" data-widget_type=\"text-editor.default\">\n\t\t\t\t<div class=\"elementor-widget-container\">\n\t\t\t\t\t\t\t\t\t<p style=\"text-align: justify;\">Il consiglio di Vera, passare qualche giorno a Trapani e dormire in una villa privata.<\/p>\t\t\t\t\t\t\t\t<\/div>\n\t\t\t\t<\/div>\n\t\t\t\t<div class=\"elementor-element elementor-element-e59e3ff elementor-widget elementor-widget-image\" data-id=\"e59e3ff\" data-element_type=\"widget\" data-e-type=\"widget\" data-widget_type=\"image.default\">\n\t\t\t\t<div class=\"elementor-widget-container\">\n\t\t\t\t\t\t\t\t\t\t\t\t\t\t\t\t<a href=\"http:\/\/lookingforcharly.com\/wp-content\/uploads\/2020\/08\/Trapani-villa-de-style-Art-Nouveau.jpg\" data-elementor-open-lightbox=\"yes\" data-elementor-lightbox-title=\"Trapani -villa de style Art Nouveau\" data-e-action-hash=\"#elementor-action%3Aaction%3Dlightbox%26settings%3DeyJpZCI6MjQzMywidXJsIjoiaHR0cHM6XC9cL2xvb2tpbmdmb3JjaGFybHkuY29tXC93cC1jb250ZW50XC91cGxvYWRzXC8yMDIwXC8wOFwvVHJhcGFuaS12aWxsYS1kZS1zdHlsZS1BcnQtTm91dmVhdS5qcGcifQ%3D%3D\">\n\t\t\t\t\t\t\t<img loading=\"lazy\" decoding=\"async\" width=\"1280\" height=\"852\" src=\"https:\/\/lookingforcharly.com\/wp-content\/uploads\/2020\/08\/Trapani-villa-de-style-Art-Nouveau.jpg\" class=\"attachment-full size-full wp-image-2433\" alt=\"\" srcset=\"https:\/\/lookingforcharly.com\/wp-content\/uploads\/2020\/08\/Trapani-villa-de-style-Art-Nouveau.jpg 1280w, https:\/\/lookingforcharly.com\/wp-content\/uploads\/2020\/08\/Trapani-villa-de-style-Art-Nouveau-300x200.jpg 300w, https:\/\/lookingforcharly.com\/wp-content\/uploads\/2020\/08\/Trapani-villa-de-style-Art-Nouveau-1024x682.jpg 1024w, https:\/\/lookingforcharly.com\/wp-content\/uploads\/2020\/08\/Trapani-villa-de-style-Art-Nouveau-768x511.jpg 768w\" sizes=\"(max-width: 1280px) 100vw, 1280px\" \/>\t\t\t\t\t\t\t\t<\/a>\n\t\t\t\t\t\t\t\t\t\t\t\t\t\t\t<\/div>\n\t\t\t\t<\/div>\n\t\t\t\t<div class=\"elementor-element elementor-element-e9883f2 elementor-widget elementor-widget-text-editor\" data-id=\"e9883f2\" data-element_type=\"widget\" data-e-type=\"widget\" data-widget_type=\"text-editor.default\">\n\t\t\t\t<div class=\"elementor-widget-container\">\n\t\t\t\t\t\t\t\t\t<p style=\"text-align: justify;\">Fin dal XIX secolo, questa villa Art Nouveau fu la residenza della nobile famiglia Adragna,\u00a0oggi impeccabilmente gestita dal nipote <strong><span style=\"color: #bfa800;\">Agostino<\/span><\/strong>, grande appassionato d\u2019arte e cultura ha deciso di trasformare il palazzo di famiglia in un oasi di pace. Solo quattro camere e due suites, un piccolo gioiello dove potrete rilassarvi e ritrovarvi. La villa \u00e8 stata completamente ristrutturata conservando gli elementi storici dei luoghi, fascino antico e standing moderno, binomio fondamentale per una vacanza perfetta.\u00a0<\/p>\t\t\t\t\t\t\t\t<\/div>\n\t\t\t\t<\/div>\n\t\t\t\t<div class=\"elementor-element elementor-element-f115dfe elementor-widget elementor-widget-image\" data-id=\"f115dfe\" data-element_type=\"widget\" data-e-type=\"widget\" data-widget_type=\"image.default\">\n\t\t\t\t<div class=\"elementor-widget-container\">\n\t\t\t\t\t\t\t\t\t\t\t\t\t\t\t\t<a href=\"http:\/\/lookingforcharly.com\/wp-content\/uploads\/2020\/08\/Trapani-villa-de-style-Art-Nouveau-salle.jpg\" data-elementor-open-lightbox=\"yes\" data-elementor-lightbox-title=\"Trapani -villa de style Art Nouveau salle\" data-e-action-hash=\"#elementor-action%3Aaction%3Dlightbox%26settings%3DeyJpZCI6MjQzNiwidXJsIjoiaHR0cHM6XC9cL2xvb2tpbmdmb3JjaGFybHkuY29tXC93cC1jb250ZW50XC91cGxvYWRzXC8yMDIwXC8wOFwvVHJhcGFuaS12aWxsYS1kZS1zdHlsZS1BcnQtTm91dmVhdS1zYWxsZS5qcGcifQ%3D%3D\">\n\t\t\t\t\t\t\t<img loading=\"lazy\" decoding=\"async\" width=\"1024\" height=\"681\" src=\"https:\/\/lookingforcharly.com\/wp-content\/uploads\/2020\/08\/Trapani-villa-de-style-Art-Nouveau-salle.jpg\" class=\"attachment-full size-full wp-image-2436\" alt=\"\" srcset=\"https:\/\/lookingforcharly.com\/wp-content\/uploads\/2020\/08\/Trapani-villa-de-style-Art-Nouveau-salle.jpg 1024w, https:\/\/lookingforcharly.com\/wp-content\/uploads\/2020\/08\/Trapani-villa-de-style-Art-Nouveau-salle-300x200.jpg 300w, https:\/\/lookingforcharly.com\/wp-content\/uploads\/2020\/08\/Trapani-villa-de-style-Art-Nouveau-salle-768x511.jpg 768w\" sizes=\"(max-width: 1024px) 100vw, 1024px\" \/>\t\t\t\t\t\t\t\t<\/a>\n\t\t\t\t\t\t\t\t\t\t\t\t\t\t\t<\/div>\n\t\t\t\t<\/div>\n\t\t\t\t<div class=\"elementor-element elementor-element-02441a0 elementor-widget elementor-widget-text-editor\" data-id=\"02441a0\" data-element_type=\"widget\" data-e-type=\"widget\" data-widget_type=\"text-editor.default\">\n\t\t\t\t<div class=\"elementor-widget-container\">\n\t\t\t\t\t\t\t\t\t<div><div><div><p style=\"text-align: justify;\">Qui vi sentirete come a casa vostra, immersi in uno splendido giardino a pochi passi dal centro della citt\u00e0.\u00a0Se ne avrete voglia potrete partire alla scoperta di <strong><span style=\"color: #bfa800;\">Trapani<\/span><\/strong> e dintorni, oppure restare a bordo piscina\u00a0con un libro e un cocktail sapientemente preparato da <strong><span style=\"color: #bfa800;\">Alessandro<\/span><\/strong>, il barman esperto della villa. La sera preparatevi ad degustare i sapori di questo angolo di Sicilia, sapientemente assemblati dal vostro chef privato. Allungatevi verso la torre del XV secolo, cominciate con un aperitivo in terrazza\u00a0seguito dalla cena in giardino con vista sul Monte Cofano et la baia di Bonagia.<\/p><\/div><\/div><\/div>\t\t\t\t\t\t\t\t<\/div>\n\t\t\t\t<\/div>\n\t\t\t\t<div class=\"elementor-element elementor-element-9432130 elementor-widget elementor-widget-image\" data-id=\"9432130\" data-element_type=\"widget\" data-e-type=\"widget\" data-widget_type=\"image.default\">\n\t\t\t\t<div class=\"elementor-widget-container\">\n\t\t\t\t\t\t\t\t\t\t\t\t\t\t\t\t<a href=\"http:\/\/lookingforcharly.com\/wp-content\/uploads\/2020\/08\/arancine.jpg\" data-elementor-open-lightbox=\"yes\" data-elementor-lightbox-title=\"arancine\" data-e-action-hash=\"#elementor-action%3Aaction%3Dlightbox%26settings%3DeyJpZCI6MjQ0NywidXJsIjoiaHR0cHM6XC9cL2xvb2tpbmdmb3JjaGFybHkuY29tXC93cC1jb250ZW50XC91cGxvYWRzXC8yMDIwXC8wOFwvYXJhbmNpbmUuanBnIn0%3D\">\n\t\t\t\t\t\t\t<img loading=\"lazy\" decoding=\"async\" width=\"1920\" height=\"1280\" src=\"https:\/\/lookingforcharly.com\/wp-content\/uploads\/2020\/08\/arancine.jpg\" class=\"attachment-full size-full wp-image-2447\" alt=\"\" srcset=\"https:\/\/lookingforcharly.com\/wp-content\/uploads\/2020\/08\/arancine.jpg 1920w, https:\/\/lookingforcharly.com\/wp-content\/uploads\/2020\/08\/arancine-300x200.jpg 300w, https:\/\/lookingforcharly.com\/wp-content\/uploads\/2020\/08\/arancine-1024x683.jpg 1024w, https:\/\/lookingforcharly.com\/wp-content\/uploads\/2020\/08\/arancine-768x512.jpg 768w, https:\/\/lookingforcharly.com\/wp-content\/uploads\/2020\/08\/arancine-1536x1024.jpg 1536w\" sizes=\"(max-width: 1920px) 100vw, 1920px\" \/>\t\t\t\t\t\t\t\t<\/a>\n\t\t\t\t\t\t\t\t\t\t\t\t\t\t\t<\/div>\n\t\t\t\t<\/div>\n\t\t\t\t<div class=\"elementor-element elementor-element-6d18326 elementor-widget elementor-widget-text-editor\" data-id=\"6d18326\" data-element_type=\"widget\" data-e-type=\"widget\" data-widget_type=\"text-editor.default\">\n\t\t\t\t<div class=\"elementor-widget-container\">\n\t\t\t\t\t\t\t\t\t<p style=\"text-align: justify;\">Non solo Relax\u2026Da non perdere, il <strong><span style=\"color: #bfa800;\">corso di cucina<\/span><\/strong>, che vi sveler\u00e0 tutti i segreti per preparare uno dei piatti simbolo dello street food siciliano, l\u2019arancina (una curiosit\u00e0, i palermitani la chiamano arancina, i catanesi invece arancino). Potrete anche imparare a fare le \u00ab Busiate \u00bb e il famoso pesto di Trapani, una specialit\u00e0 locale semplice dal gusto unico.<\/p><p style=\"text-align: justify;\">E se avete voglia di\u00a0cultura, non perdetevi una visita privata del <strong><span style=\"color: #bfa800;\">Museo Pepoli<\/span><\/strong> situato all\u2019interno di un palazzo del XIV secolo che fu un tempo, convento dei carmelitani. Approfittatene, fate due passi con il direttore del museo e lasciategli raccontare della collezione del conte, di cui il museo porta il nome<\/p>\t\t\t\t\t\t\t\t<\/div>\n\t\t\t\t<\/div>\n\t\t\t\t<div class=\"elementor-element elementor-element-b9ab46a elementor-widget elementor-widget-image\" data-id=\"b9ab46a\" data-element_type=\"widget\" data-e-type=\"widget\" data-widget_type=\"image.default\">\n\t\t\t\t<div class=\"elementor-widget-container\">\n\t\t\t\t\t\t\t\t\t\t\t\t\t\t\t\t<a href=\"http:\/\/lookingforcharly.com\/wp-content\/uploads\/2020\/08\/e4f9b7_b248e5ff3c494c3f9d8b21fd918f5110mv2.jpg\" data-elementor-open-lightbox=\"yes\" data-elementor-lightbox-title=\"e4f9b7_b248e5ff3c494c3f9d8b21fd918f5110mv2\" data-e-action-hash=\"#elementor-action%3Aaction%3Dlightbox%26settings%3DeyJpZCI6MjQ1MCwidXJsIjoiaHR0cHM6XC9cL2xvb2tpbmdmb3JjaGFybHkuY29tXC93cC1jb250ZW50XC91cGxvYWRzXC8yMDIwXC8wOFwvZTRmOWI3X2IyNDhlNWZmM2M0OTRjM2Y5ZDhiMjFmZDkxOGY1MTEwbXYyLmpwZyJ9\">\n\t\t\t\t\t\t\t<img loading=\"lazy\" decoding=\"async\" width=\"575\" height=\"390\" src=\"https:\/\/lookingforcharly.com\/wp-content\/uploads\/2020\/08\/e4f9b7_b248e5ff3c494c3f9d8b21fd918f5110mv2.jpg\" class=\"attachment-full size-full wp-image-2450\" alt=\"\" srcset=\"https:\/\/lookingforcharly.com\/wp-content\/uploads\/2020\/08\/e4f9b7_b248e5ff3c494c3f9d8b21fd918f5110mv2.jpg 575w, https:\/\/lookingforcharly.com\/wp-content\/uploads\/2020\/08\/e4f9b7_b248e5ff3c494c3f9d8b21fd918f5110mv2-300x203.jpg 300w\" sizes=\"(max-width: 575px) 100vw, 575px\" \/>\t\t\t\t\t\t\t\t<\/a>\n\t\t\t\t\t\t\t\t\t\t\t\t\t\t\t<\/div>\n\t\t\t\t<\/div>\n\t\t\t\t<div class=\"elementor-element elementor-element-9a25eed elementor-widget elementor-widget-text-editor\" data-id=\"9a25eed\" data-element_type=\"widget\" data-e-type=\"widget\" data-widget_type=\"text-editor.default\">\n\t\t\t\t<div class=\"elementor-widget-container\">\n\t\t\t\t\t\t\t\t\t<p style=\"text-align: justify;\">Agostino vi accompagner\u00e0 a fare delle escursioni esclusive a bordo di uno yacht o di una barca a vela. Prendete il largo verso le <strong><span style=\"color: #bfa800;\">lsole Egadi<\/span><\/strong>, Favignana, Marettimo e Levanzo o verso la Riserva dello Zingaro. In programma, bagno e snorkeling nelle acque cristalline e all\u2019interno delle grotte marine, visita al Museo Florio o delle antiche cave di tufo o ancora, salita al monte Santa Saterina a dorso d\u2019asino.<\/p>\t\t\t\t\t\t\t\t<\/div>\n\t\t\t\t<\/div>\n\t\t\t\t<div class=\"elementor-element elementor-element-0bc7a42 elementor-widget elementor-widget-image\" data-id=\"0bc7a42\" data-element_type=\"widget\" data-e-type=\"widget\" data-widget_type=\"image.default\">\n\t\t\t\t<div class=\"elementor-widget-container\">\n\t\t\t\t\t\t\t\t\t\t\t\t\t\t\t<img decoding=\"async\" src=\"https:\/\/lookingforcharly.com\/wp-content\/uploads\/2020\/08\/trapanibis-1280x888-1.jpeg\" title=\"trapanibis-1280&#215;888\" alt=\"trapanibis-1280x888\" loading=\"lazy\" \/>\t\t\t\t\t\t\t\t\t\t\t\t\t\t\t<\/div>\n\t\t\t\t<\/div>\n\t\t\t\t<div class=\"elementor-element elementor-element-d7c21a6 elementor-widget elementor-widget-text-editor\" data-id=\"d7c21a6\" data-element_type=\"widget\" data-e-type=\"widget\" data-widget_type=\"text-editor.default\">\n\t\t\t\t<div class=\"elementor-widget-container\">\n\t\t\t\t\t\t\t\t\t<p style=\"text-align: justify;\"><strong><span style=\"color: #bfa800;\">Trapani<\/span><\/strong> \u00e8 conosciuta per i suoi mulini, caratterizzati dal tetto rosso, costruiti nel mezzo delle saline.\u00a0Una storia millenaria raccontata attraverso il dedalo infinito di bacini utilizzati un tempo dai fenici\u00a0che diedero il via al <strong><span style=\"color: #bfa800;\">commercio del sale<\/span><\/strong>. Il valore aggiunto? Incontrare una famiglia che commercia in sale da generazioni e che vi racconter\u00e0 le storie di questi luoghi affascinanti che non stanno n\u00e9 in terra n\u00e9 in mare.<\/p>\t\t\t\t\t\t\t\t<\/div>\n\t\t\t\t<\/div>\n\t\t\t\t<div class=\"elementor-element elementor-element-159e896 elementor-widget elementor-widget-heading\" data-id=\"159e896\" data-element_type=\"widget\" data-e-type=\"widget\" data-widget_type=\"heading.default\">\n\t\t\t\t<div class=\"elementor-widget-container\">\n\t\t\t\t\t<h3 class=\"elementor-heading-title elementor-size-default\">L\u2019iconico vulcano : Etna<\/h3>\t\t\t\t<\/div>\n\t\t\t\t<\/div>\n\t\t\t\t<div class=\"elementor-element elementor-element-c30746b elementor-widget elementor-widget-text-editor\" data-id=\"c30746b\" data-element_type=\"widget\" data-e-type=\"widget\" data-widget_type=\"text-editor.default\">\n\t\t\t\t<div class=\"elementor-widget-container\">\n\t\t\t\t\t\t\t\t\t<p style=\"text-align: justify;\">E per finire, il parco dell\u2019Etna Sfida alle pendici del vulcano.<\/p>\t\t\t\t\t\t\t\t<\/div>\n\t\t\t\t<\/div>\n\t\t\t\t<div class=\"elementor-element elementor-element-48eda0e elementor-widget elementor-widget-image\" data-id=\"48eda0e\" data-element_type=\"widget\" data-e-type=\"widget\" data-widget_type=\"image.default\">\n\t\t\t\t<div class=\"elementor-widget-container\">\n\t\t\t\t\t\t\t\t\t\t\t\t\t\t\t<img loading=\"lazy\" decoding=\"async\" width=\"575\" height=\"390\" src=\"https:\/\/lookingforcharly.com\/wp-content\/uploads\/2020\/08\/le-parc-de-lEtna.jpg\" class=\"attachment-full size-full wp-image-2456\" alt=\"\" srcset=\"https:\/\/lookingforcharly.com\/wp-content\/uploads\/2020\/08\/le-parc-de-lEtna.jpg 575w, https:\/\/lookingforcharly.com\/wp-content\/uploads\/2020\/08\/le-parc-de-lEtna-300x203.jpg 300w\" sizes=\"(max-width: 575px) 100vw, 575px\" \/>\t\t\t\t\t\t\t\t\t\t\t\t\t\t\t<\/div>\n\t\t\t\t<\/div>\n\t\t\t\t<div class=\"elementor-element elementor-element-a7609a0 elementor-widget elementor-widget-text-editor\" data-id=\"a7609a0\" data-element_type=\"widget\" data-e-type=\"widget\" data-widget_type=\"text-editor.default\">\n\t\t\t\t<div class=\"elementor-widget-container\">\n\t\t\t\t\t\t\t\t\t<div><div><div><p style=\"text-align: justify;\">L\u2019iconico vulcano, ancora attivo che veglia sulle coste frastagliate delimitate da spiagge di sabbia fine.<strong><span style=\"color: #bfa800;\"> Il pi\u00f9 alto d\u2019Europa in attivit\u00e0<\/span><\/strong> (3.345 metri) la sensazione di avventura e stupore vi invader\u00e0, emozioni forti senza troppo sforzo!\u00a0 Un\u2019escursione facile, fattibile in una\u00a0 mezza giornata o se siete davvero impavidi immersione totale passerete la notte, come rapiti, il pi\u00f9 vicino possibile alle sue pendici.<\/p><\/div><\/div><\/div>\t\t\t\t\t\t\t\t<\/div>\n\t\t\t\t<\/div>\n\t\t\t\t<div class=\"elementor-element elementor-element-6b9ca4f elementor-widget elementor-widget-image\" data-id=\"6b9ca4f\" data-element_type=\"widget\" data-e-type=\"widget\" data-widget_type=\"image.default\">\n\t\t\t\t<div class=\"elementor-widget-container\">\n\t\t\t\t\t\t\t\t\t\t\t\t\t\t\t<img loading=\"lazy\" decoding=\"async\" width=\"1023\" height=\"682\" src=\"https:\/\/lookingforcharly.com\/wp-content\/uploads\/2020\/08\/bivouac-etna.jpg\" class=\"attachment-full size-full wp-image-2459\" alt=\"\" srcset=\"https:\/\/lookingforcharly.com\/wp-content\/uploads\/2020\/08\/bivouac-etna.jpg 1023w, https:\/\/lookingforcharly.com\/wp-content\/uploads\/2020\/08\/bivouac-etna-300x200.jpg 300w, https:\/\/lookingforcharly.com\/wp-content\/uploads\/2020\/08\/bivouac-etna-768x512.jpg 768w\" sizes=\"(max-width: 1023px) 100vw, 1023px\" \/>\t\t\t\t\t\t\t\t\t\t\t\t\t\t\t<\/div>\n\t\t\t\t<\/div>\n\t\t\t\t<div class=\"elementor-element elementor-element-0a787f8 elementor-widget elementor-widget-text-editor\" data-id=\"0a787f8\" data-element_type=\"widget\" data-e-type=\"widget\" data-widget_type=\"text-editor.default\">\n\t\t\t\t<div class=\"elementor-widget-container\">\n\t\t\t\t\t\t\t\t\t<p style=\"text-align: justify;\">Immaginate, dopo la <strong><span style=\"color: #bfa800;\">notte in\u00a0bivacco<\/span><\/strong>\u00a0sul versante nord, quante cose in pi\u00f9 avrete appreso a proposito dell\u2019Etna. Questi luoghi incontaminati e preservati, vi faranno sentire lontani anni luce da tutto e, se sarete fortunati il vulcano vi mostrer\u00e0 la sua parte migliore, qualche fumarola prima di riprendere il cammino, quasi a voler dimostrare la sua attivit\u00e0 millenaria.<\/p>\t\t\t\t\t\t\t\t<\/div>\n\t\t\t\t<\/div>\n\t\t\t\t<div class=\"elementor-element elementor-element-421b070 elementor-widget elementor-widget-image\" data-id=\"421b070\" data-element_type=\"widget\" data-e-type=\"widget\" data-widget_type=\"image.default\">\n\t\t\t\t<div class=\"elementor-widget-container\">\n\t\t\t\t\t\t\t\t\t\t\t\t\t\t\t<img loading=\"lazy\" decoding=\"async\" width=\"1280\" height=\"960\" src=\"https:\/\/lookingforcharly.com\/wp-content\/uploads\/2020\/08\/e4f9b7_13cebd3f406543759a495aff1613b11cmv2-scaled-1280x960-1.jpg\" class=\"attachment-full size-full wp-image-2462\" alt=\"\" srcset=\"https:\/\/lookingforcharly.com\/wp-content\/uploads\/2020\/08\/e4f9b7_13cebd3f406543759a495aff1613b11cmv2-scaled-1280x960-1.jpg 1280w, https:\/\/lookingforcharly.com\/wp-content\/uploads\/2020\/08\/e4f9b7_13cebd3f406543759a495aff1613b11cmv2-scaled-1280x960-1-300x225.jpg 300w, https:\/\/lookingforcharly.com\/wp-content\/uploads\/2020\/08\/e4f9b7_13cebd3f406543759a495aff1613b11cmv2-scaled-1280x960-1-1024x768.jpg 1024w, https:\/\/lookingforcharly.com\/wp-content\/uploads\/2020\/08\/e4f9b7_13cebd3f406543759a495aff1613b11cmv2-scaled-1280x960-1-768x576.jpg 768w\" sizes=\"(max-width: 1280px) 100vw, 1280px\" \/>\t\t\t\t\t\t\t\t\t\t\t\t\t\t\t<\/div>\n\t\t\t\t<\/div>\n\t\t\t\t<div class=\"elementor-element elementor-element-ab34e9b elementor-widget elementor-widget-text-editor\" data-id=\"ab34e9b\" data-element_type=\"widget\" data-e-type=\"widget\" data-widget_type=\"text-editor.default\">\n\t\t\t\t<div class=\"elementor-widget-container\">\n\t\t\t\t\t\t\t\t\t<div><div><div><p style=\"text-align: justify;\">La salita al fianco nord continua in\u00a04\u00d74\u00a0fino a quando la strada non termina bruscamente.\u00a0Accompagnati da Franco, storica guida esperta dell\u2019Etna, attaccherete il percorso sportivo,\u00a0in sella alle vostre\u00a0<strong><span style=\"color: #bfa800;\">biciclette<\/span><\/strong>, aiutati dalla <strong><span style=\"color: #bfa800;\">pedalata\u00a0assistita<\/span><\/strong>, raggiungerete (quasi senza fatica!)\u00a0i crateri sommitali. Una volta passato il bosco di castagni la vegetazione scomparir\u00e0 completamente, intorno a voi solo masse di\u00a0lava, paesaggio lunare quasi\u00a0apocalittico\u00a0disseminato dei resti delle case investite dalla lava. Il fumo bianco vi accompagner\u00e0 in questo viaggio nel mistero.<\/p><\/div><\/div><\/div>\t\t\t\t\t\t\t\t<\/div>\n\t\t\t\t<\/div>\n\t\t\t\t<div class=\"elementor-element elementor-element-01d494b elementor-widget elementor-widget-image\" data-id=\"01d494b\" data-element_type=\"widget\" data-e-type=\"widget\" data-widget_type=\"image.default\">\n\t\t\t\t<div class=\"elementor-widget-container\">\n\t\t\t\t\t\t\t\t\t\t\t\t\t\t\t<img loading=\"lazy\" decoding=\"async\" width=\"1920\" height=\"1408\" src=\"https:\/\/lookingforcharly.com\/wp-content\/uploads\/2020\/08\/e4f9b7_b3a73b680a164e6aade69bf300959715mv2-scaled-1.jpg\" class=\"attachment-full size-full wp-image-2465\" alt=\"\" srcset=\"https:\/\/lookingforcharly.com\/wp-content\/uploads\/2020\/08\/e4f9b7_b3a73b680a164e6aade69bf300959715mv2-scaled-1.jpg 1920w, https:\/\/lookingforcharly.com\/wp-content\/uploads\/2020\/08\/e4f9b7_b3a73b680a164e6aade69bf300959715mv2-scaled-1-300x220.jpg 300w, https:\/\/lookingforcharly.com\/wp-content\/uploads\/2020\/08\/e4f9b7_b3a73b680a164e6aade69bf300959715mv2-scaled-1-1024x751.jpg 1024w, https:\/\/lookingforcharly.com\/wp-content\/uploads\/2020\/08\/e4f9b7_b3a73b680a164e6aade69bf300959715mv2-scaled-1-768x563.jpg 768w, https:\/\/lookingforcharly.com\/wp-content\/uploads\/2020\/08\/e4f9b7_b3a73b680a164e6aade69bf300959715mv2-scaled-1-1536x1126.jpg 1536w\" sizes=\"(max-width: 1920px) 100vw, 1920px\" \/>\t\t\t\t\t\t\t\t\t\t\t\t\t\t\t<\/div>\n\t\t\t\t<\/div>\n\t\t\t\t<div class=\"elementor-element elementor-element-04064f1 elementor-widget elementor-widget-text-editor\" data-id=\"04064f1\" data-element_type=\"widget\" data-e-type=\"widget\" data-widget_type=\"text-editor.default\">\n\t\t\t\t<div class=\"elementor-widget-container\">\n\t\t\t\t\t\t\t\t\t<p style=\"text-align: justify;\">Attenzione alle vostre biciclette, possono cambiare colore a seconda dei capricci della\u00a0forza natura\u00a0e preparatevi a scendere se il Vulcano dovesse cominciare a ringhiare!!\u00a0<\/p><p style=\"text-align: justify;\">L\u2019autunno offre colori imperdibili dati dal contrasto luminoso della pietra nera vulcanica e quello degli alberi che si tingono di giallo.<\/p>\t\t\t\t\t\t\t\t<\/div>\n\t\t\t\t<\/div>\n\t\t\t\t<div class=\"elementor-element elementor-element-054e533 elementor-widget elementor-widget-text-editor\" data-id=\"054e533\" data-element_type=\"widget\" data-e-type=\"widget\" data-widget_type=\"text-editor.default\">\n\t\t\t\t<div class=\"elementor-widget-container\">\n\t\t\t\t\t\t\t\t\t<h5><span style=\"color: #bfa800;\"><img loading=\"lazy\" decoding=\"async\" class=\"aligncenter\" src=\"http:\/\/lookingforcharly.com\/wp-content\/uploads\/2024\/03\/pictocharly-300x278.png\" alt=\"\" width=\"300\" height=\"278\" \/><\/span><\/h5><div><div><div><div><h5 style=\"text-align: center;\"><strong><span style=\"color: #bfa800;\">Periodo ideale : settembre e ottobre<\/span><\/strong><\/h5><h5 style=\"text-align: center;\"><span style=\"color: #bfa800;\">Per tutte le altre destinazioni, contattateci per conoscere l\u2019aggiornamento delle prescrizioni sanitarie e le nostre condizioni di prenotazione pi\u00f9 flessibili, in modo da poter pianificare una partenza con sicurezza\u00a0ovunque vogliate andare in Europa.<\/span><\/h5><\/div><\/div><\/div><\/div>\t\t\t\t\t\t\t\t<\/div>\n\t\t\t\t<\/div>\n\t\t\t\t<div class=\"elementor-element elementor-element-44ae7a0 elementor-widget-divider--view-line elementor-widget elementor-widget-divider\" data-id=\"44ae7a0\" data-element_type=\"widget\" data-e-type=\"widget\" data-widget_type=\"divider.default\">\n\t\t\t\t<div class=\"elementor-widget-container\">\n\t\t\t\t\t\t\t<div class=\"elementor-divider\">\n\t\t\t<span class=\"elementor-divider-separator\">\n\t\t\t\t\t\t<\/span>\n\t\t<\/div>\n\t\t\t\t\t\t<\/div>\n\t\t\t\t<\/div>\n\t\t\t\t\t<\/div>\n\t\t\t\t<\/div>\n\t\t<div class=\"elementor-element elementor-element-957feb5 e-flex e-con-boxed e-con e-parent\" data-id=\"957feb5\" data-element_type=\"container\" data-e-type=\"container\">\n\t\t\t\t\t<div class=\"e-con-inner\">\n\t\t<div class=\"elementor-element elementor-element-3528335 e-con-full e-flex e-con e-child\" data-id=\"3528335\" data-element_type=\"container\" data-e-type=\"container\">\n\t\t\t\t<div class=\"elementor-element elementor-element-a9a8e01 elementor-widget elementor-widget-heading\" data-id=\"a9a8e01\" data-element_type=\"widget\" data-e-type=\"widget\" data-widget_type=\"heading.default\">\n\t\t\t\t<div class=\"elementor-widget-container\">\n\t\t\t\t\t<h3 class=\"elementor-heading-title elementor-size-default\">Vous aimerez aussi...<\/h3>\t\t\t\t<\/div>\n\t\t\t\t<\/div>\n\t\t\t\t<\/div>\n\t\t\t\t\t<\/div>\n\t\t\t\t<\/div>\n\t\t\t\t<\/div>\n\t\t","protected":false},"excerpt":{"rendered":"<p>Ha fatto un meraviglioso Viaggio&#8230; Looking for Charly continua il suo periplo e si spinge sempre pi\u00f9 a Sud. Attraversiamo lo stretto di Messina tra mito e realt\u00e0. Quaggi\u00f9 troverete una terra mista, ricca delle culture dei suoi diversi occupanti ognuno dei quali ha&#8230;<\/p>\n","protected":false},"author":3,"featured_media":5535,"comment_status":"closed","ping_status":"open","sticky":false,"template":"","format":"standard","meta":{"footnotes":""},"categories":[57],"tags":[],"class_list":["post-4489","post","type-post","status-publish","format-standard","has-post-thumbnail","hentry","category-europa"],"yoast_head":"<!-- This site is optimized with the Yoast SEO plugin v27.1.1 - https:\/\/yoast.com\/product\/yoast-seo-wordpress\/ -->\n<title>Felice chi come Ulisse\u2026<\/title>\n<meta name=\"description\" content=\"Ha fatto un meraviglioso viaggio... Looking for Charly continua il suo viaggio, sempre pi\u00f9 a sud dell&#039;Europa. Benvenuti in Sicilia !\" \/>\n<meta name=\"robots\" content=\"index, follow, max-snippet:-1, max-image-preview:large, max-video-preview:-1\" \/>\n<link rel=\"canonical\" href=\"https:\/\/lookingforcharly.com\/it\/felice-chi-come-ulisse\/\" \/>\n<meta property=\"og:locale\" content=\"it_IT\" \/>\n<meta property=\"og:type\" content=\"article\" \/>\n<meta property=\"og:title\" content=\"Felice chi come Ulisse\u2026\" \/>\n<meta property=\"og:description\" content=\"Ha fatto un meraviglioso viaggio... Looking for Charly continua il suo viaggio, sempre pi\u00f9 a sud dell&#039;Europa. Benvenuti in Sicilia !\" \/>\n<meta property=\"og:url\" content=\"https:\/\/lookingforcharly.com\/it\/felice-chi-come-ulisse\/\" \/>\n<meta property=\"og:site_name\" content=\"Looking For Charly\" \/>\n<meta property=\"article:publisher\" content=\"https:\/\/www.facebook.com\/lookingforcharly\" \/>\n<meta property=\"article:published_time\" content=\"2020-08-19T08:39:00+00:00\" \/>\n<meta property=\"article:modified_time\" content=\"2024-06-18T15:27:45+00:00\" \/>\n<meta property=\"og:image\" content=\"http:\/\/lookingforcharly.com\/wp-content\/uploads\/2020\/08\/moulin-trapani-1024x768.jpg\" \/>\n<meta name=\"author\" content=\"Daphne\" \/>\n<meta name=\"twitter:card\" content=\"summary_large_image\" \/>\n<meta name=\"twitter:label1\" content=\"Written by\" \/>\n\t<meta name=\"twitter:data1\" content=\"Daphne\" \/>\n\t<meta name=\"twitter:label2\" content=\"Est. reading time\" \/>\n\t<meta name=\"twitter:data2\" content=\"12 minutes\" \/>\n<script type=\"application\/ld+json\" class=\"yoast-schema-graph\">{\"@context\":\"https:\/\/schema.org\",\"@graph\":[{\"@type\":\"Article\",\"@id\":\"https:\/\/lookingforcharly.com\/it\/felice-chi-come-ulisse\/#article\",\"isPartOf\":{\"@id\":\"https:\/\/lookingforcharly.com\/it\/felice-chi-come-ulisse\/\"},\"author\":{\"name\":\"Daphne\",\"@id\":\"https:\/\/lookingforcharly.com\/it\/#\/schema\/person\/7fb1ea89bf2ffa5783a7f11778422101\"},\"headline\":\"Felice chi come Ulisse\u2026\",\"datePublished\":\"2020-08-19T08:39:00+00:00\",\"dateModified\":\"2024-06-18T15:27:45+00:00\",\"mainEntityOfPage\":{\"@id\":\"https:\/\/lookingforcharly.com\/it\/felice-chi-come-ulisse\/\"},\"wordCount\":1352,\"publisher\":{\"@id\":\"https:\/\/lookingforcharly.com\/it\/#organization\"},\"image\":{\"@id\":\"https:\/\/lookingforcharly.com\/it\/felice-chi-come-ulisse\/#primaryimage\"},\"thumbnailUrl\":\"https:\/\/lookingforcharly.com\/wp-content\/uploads\/2020\/08\/sterling-lanier-sMM6Ww-oSvk-unsplash.jpg\",\"articleSection\":[\"Europa\"],\"inLanguage\":\"it-IT\"},{\"@type\":\"WebPage\",\"@id\":\"https:\/\/lookingforcharly.com\/it\/felice-chi-come-ulisse\/\",\"url\":\"https:\/\/lookingforcharly.com\/it\/felice-chi-come-ulisse\/\",\"name\":\"Felice chi come Ulisse\u2026\",\"isPartOf\":{\"@id\":\"https:\/\/lookingforcharly.com\/it\/#website\"},\"primaryImageOfPage\":{\"@id\":\"https:\/\/lookingforcharly.com\/it\/felice-chi-come-ulisse\/#primaryimage\"},\"image\":{\"@id\":\"https:\/\/lookingforcharly.com\/it\/felice-chi-come-ulisse\/#primaryimage\"},\"thumbnailUrl\":\"https:\/\/lookingforcharly.com\/wp-content\/uploads\/2020\/08\/sterling-lanier-sMM6Ww-oSvk-unsplash.jpg\",\"datePublished\":\"2020-08-19T08:39:00+00:00\",\"dateModified\":\"2024-06-18T15:27:45+00:00\",\"description\":\"Ha fatto un meraviglioso viaggio... Looking for Charly continua il suo viaggio, sempre pi\u00f9 a sud dell'Europa. Benvenuti in Sicilia !\",\"breadcrumb\":{\"@id\":\"https:\/\/lookingforcharly.com\/it\/felice-chi-come-ulisse\/#breadcrumb\"},\"inLanguage\":\"it-IT\",\"potentialAction\":[{\"@type\":\"ReadAction\",\"target\":[\"https:\/\/lookingforcharly.com\/it\/felice-chi-come-ulisse\/\"]}]},{\"@type\":\"ImageObject\",\"inLanguage\":\"it-IT\",\"@id\":\"https:\/\/lookingforcharly.com\/it\/felice-chi-come-ulisse\/#primaryimage\",\"url\":\"https:\/\/lookingforcharly.com\/wp-content\/uploads\/2020\/08\/sterling-lanier-sMM6Ww-oSvk-unsplash.jpg\",\"contentUrl\":\"https:\/\/lookingforcharly.com\/wp-content\/uploads\/2020\/08\/sterling-lanier-sMM6Ww-oSvk-unsplash.jpg\",\"width\":1920,\"height\":1030,\"caption\":\"Sicile, Traversez le d\u00e9troit de Messine et transportez-vous entre mythe et r\u00e9alit\u00e9.\"},{\"@type\":\"BreadcrumbList\",\"@id\":\"https:\/\/lookingforcharly.com\/it\/felice-chi-come-ulisse\/#breadcrumb\",\"itemListElement\":[{\"@type\":\"ListItem\",\"position\":1,\"name\":\"Accueil\",\"item\":\"https:\/\/lookingforcharly.com\/it\/\"},{\"@type\":\"ListItem\",\"position\":2,\"name\":\"Europa\",\"item\":\"https:\/\/lookingforcharly.com\/it\/europa-it\/\"},{\"@type\":\"ListItem\",\"position\":3,\"name\":\"Felice chi come Ulisse\u2026\"}]},{\"@type\":\"WebSite\",\"@id\":\"https:\/\/lookingforcharly.com\/it\/#website\",\"url\":\"https:\/\/lookingforcharly.com\/it\/\",\"name\":\"Looking For Charly\",\"description\":\"Exp\u00e9riences autour du monde\",\"publisher\":{\"@id\":\"https:\/\/lookingforcharly.com\/it\/#organization\"},\"potentialAction\":[{\"@type\":\"SearchAction\",\"target\":{\"@type\":\"EntryPoint\",\"urlTemplate\":\"https:\/\/lookingforcharly.com\/it\/?s={search_term_string}\"},\"query-input\":{\"@type\":\"PropertyValueSpecification\",\"valueRequired\":true,\"valueName\":\"search_term_string\"}}],\"inLanguage\":\"it-IT\"},{\"@type\":\"Organization\",\"@id\":\"https:\/\/lookingforcharly.com\/it\/#organization\",\"name\":\"Looking For Charly\",\"alternateName\":\"L4C\",\"url\":\"https:\/\/lookingforcharly.com\/it\/\",\"logo\":{\"@type\":\"ImageObject\",\"inLanguage\":\"it-IT\",\"@id\":\"https:\/\/lookingforcharly.com\/it\/#\/schema\/logo\/image\/\",\"url\":\"https:\/\/lookingforcharly.com\/wp-content\/uploads\/2024\/03\/cropped-cropped-Logo-Looking-for-Charly.png\",\"contentUrl\":\"https:\/\/lookingforcharly.com\/wp-content\/uploads\/2024\/03\/cropped-cropped-Logo-Looking-for-Charly.png\",\"width\":512,\"height\":512,\"caption\":\"Looking For Charly\"},\"image\":{\"@id\":\"https:\/\/lookingforcharly.com\/it\/#\/schema\/logo\/image\/\"},\"sameAs\":[\"https:\/\/www.facebook.com\/lookingforcharly\",\"https:\/\/www.instagram.com\/lookingforcharly\/\",\"https:\/\/www.linkedin.com\/company\/looking-for-charly\/\"]},{\"@type\":\"Person\",\"@id\":\"https:\/\/lookingforcharly.com\/it\/#\/schema\/person\/7fb1ea89bf2ffa5783a7f11778422101\",\"name\":\"Daphne\",\"image\":{\"@type\":\"ImageObject\",\"inLanguage\":\"it-IT\",\"@id\":\"https:\/\/lookingforcharly.com\/it\/#\/schema\/person\/image\/\",\"url\":\"https:\/\/secure.gravatar.com\/avatar\/2ca706e3f813d28833c317a19f4cba15b3da298a104b03edf59c6cb7f563cfc5?s=96&d=mm&r=g\",\"contentUrl\":\"https:\/\/secure.gravatar.com\/avatar\/2ca706e3f813d28833c317a19f4cba15b3da298a104b03edf59c6cb7f563cfc5?s=96&d=mm&r=g\",\"caption\":\"Daphne\"},\"url\":\"https:\/\/lookingforcharly.com\/it\/author\/daphne\/\"}]}<\/script>\n<!-- \/ Yoast SEO plugin. -->","yoast_head_json":{"title":"Felice chi come Ulisse\u2026","description":"Ha fatto un meraviglioso viaggio... Looking for Charly continua il suo viaggio, sempre pi\u00f9 a sud dell'Europa. Benvenuti in Sicilia !","robots":{"index":"index","follow":"follow","max-snippet":"max-snippet:-1","max-image-preview":"max-image-preview:large","max-video-preview":"max-video-preview:-1"},"canonical":"https:\/\/lookingforcharly.com\/it\/felice-chi-come-ulisse\/","og_locale":"it_IT","og_type":"article","og_title":"Felice chi come Ulisse\u2026","og_description":"Ha fatto un meraviglioso viaggio... Looking for Charly continua il suo viaggio, sempre pi\u00f9 a sud dell'Europa. Benvenuti in Sicilia !","og_url":"https:\/\/lookingforcharly.com\/it\/felice-chi-come-ulisse\/","og_site_name":"Looking For Charly","article_publisher":"https:\/\/www.facebook.com\/lookingforcharly","article_published_time":"2020-08-19T08:39:00+00:00","article_modified_time":"2024-06-18T15:27:45+00:00","og_image":[{"url":"http:\/\/lookingforcharly.com\/wp-content\/uploads\/2020\/08\/moulin-trapani-1024x768.jpg","type":"","width":"","height":""}],"author":"Daphne","twitter_card":"summary_large_image","twitter_misc":{"Written by":"Daphne","Est. reading time":"12 minutes"},"schema":{"@context":"https:\/\/schema.org","@graph":[{"@type":"Article","@id":"https:\/\/lookingforcharly.com\/it\/felice-chi-come-ulisse\/#article","isPartOf":{"@id":"https:\/\/lookingforcharly.com\/it\/felice-chi-come-ulisse\/"},"author":{"name":"Daphne","@id":"https:\/\/lookingforcharly.com\/it\/#\/schema\/person\/7fb1ea89bf2ffa5783a7f11778422101"},"headline":"Felice chi come Ulisse\u2026","datePublished":"2020-08-19T08:39:00+00:00","dateModified":"2024-06-18T15:27:45+00:00","mainEntityOfPage":{"@id":"https:\/\/lookingforcharly.com\/it\/felice-chi-come-ulisse\/"},"wordCount":1352,"publisher":{"@id":"https:\/\/lookingforcharly.com\/it\/#organization"},"image":{"@id":"https:\/\/lookingforcharly.com\/it\/felice-chi-come-ulisse\/#primaryimage"},"thumbnailUrl":"https:\/\/lookingforcharly.com\/wp-content\/uploads\/2020\/08\/sterling-lanier-sMM6Ww-oSvk-unsplash.jpg","articleSection":["Europa"],"inLanguage":"it-IT"},{"@type":"WebPage","@id":"https:\/\/lookingforcharly.com\/it\/felice-chi-come-ulisse\/","url":"https:\/\/lookingforcharly.com\/it\/felice-chi-come-ulisse\/","name":"Felice chi come Ulisse\u2026","isPartOf":{"@id":"https:\/\/lookingforcharly.com\/it\/#website"},"primaryImageOfPage":{"@id":"https:\/\/lookingforcharly.com\/it\/felice-chi-come-ulisse\/#primaryimage"},"image":{"@id":"https:\/\/lookingforcharly.com\/it\/felice-chi-come-ulisse\/#primaryimage"},"thumbnailUrl":"https:\/\/lookingforcharly.com\/wp-content\/uploads\/2020\/08\/sterling-lanier-sMM6Ww-oSvk-unsplash.jpg","datePublished":"2020-08-19T08:39:00+00:00","dateModified":"2024-06-18T15:27:45+00:00","description":"Ha fatto un meraviglioso viaggio... Looking for Charly continua il suo viaggio, sempre pi\u00f9 a sud dell'Europa. Benvenuti in Sicilia !","breadcrumb":{"@id":"https:\/\/lookingforcharly.com\/it\/felice-chi-come-ulisse\/#breadcrumb"},"inLanguage":"it-IT","potentialAction":[{"@type":"ReadAction","target":["https:\/\/lookingforcharly.com\/it\/felice-chi-come-ulisse\/"]}]},{"@type":"ImageObject","inLanguage":"it-IT","@id":"https:\/\/lookingforcharly.com\/it\/felice-chi-come-ulisse\/#primaryimage","url":"https:\/\/lookingforcharly.com\/wp-content\/uploads\/2020\/08\/sterling-lanier-sMM6Ww-oSvk-unsplash.jpg","contentUrl":"https:\/\/lookingforcharly.com\/wp-content\/uploads\/2020\/08\/sterling-lanier-sMM6Ww-oSvk-unsplash.jpg","width":1920,"height":1030,"caption":"Sicile, Traversez le d\u00e9troit de Messine et transportez-vous entre mythe et r\u00e9alit\u00e9."},{"@type":"BreadcrumbList","@id":"https:\/\/lookingforcharly.com\/it\/felice-chi-come-ulisse\/#breadcrumb","itemListElement":[{"@type":"ListItem","position":1,"name":"Accueil","item":"https:\/\/lookingforcharly.com\/it\/"},{"@type":"ListItem","position":2,"name":"Europa","item":"https:\/\/lookingforcharly.com\/it\/europa-it\/"},{"@type":"ListItem","position":3,"name":"Felice chi come Ulisse\u2026"}]},{"@type":"WebSite","@id":"https:\/\/lookingforcharly.com\/it\/#website","url":"https:\/\/lookingforcharly.com\/it\/","name":"Looking For Charly","description":"Exp\u00e9riences autour du monde","publisher":{"@id":"https:\/\/lookingforcharly.com\/it\/#organization"},"potentialAction":[{"@type":"SearchAction","target":{"@type":"EntryPoint","urlTemplate":"https:\/\/lookingforcharly.com\/it\/?s={search_term_string}"},"query-input":{"@type":"PropertyValueSpecification","valueRequired":true,"valueName":"search_term_string"}}],"inLanguage":"it-IT"},{"@type":"Organization","@id":"https:\/\/lookingforcharly.com\/it\/#organization","name":"Looking For Charly","alternateName":"L4C","url":"https:\/\/lookingforcharly.com\/it\/","logo":{"@type":"ImageObject","inLanguage":"it-IT","@id":"https:\/\/lookingforcharly.com\/it\/#\/schema\/logo\/image\/","url":"https:\/\/lookingforcharly.com\/wp-content\/uploads\/2024\/03\/cropped-cropped-Logo-Looking-for-Charly.png","contentUrl":"https:\/\/lookingforcharly.com\/wp-content\/uploads\/2024\/03\/cropped-cropped-Logo-Looking-for-Charly.png","width":512,"height":512,"caption":"Looking For Charly"},"image":{"@id":"https:\/\/lookingforcharly.com\/it\/#\/schema\/logo\/image\/"},"sameAs":["https:\/\/www.facebook.com\/lookingforcharly","https:\/\/www.instagram.com\/lookingforcharly\/","https:\/\/www.linkedin.com\/company\/looking-for-charly\/"]},{"@type":"Person","@id":"https:\/\/lookingforcharly.com\/it\/#\/schema\/person\/7fb1ea89bf2ffa5783a7f11778422101","name":"Daphne","image":{"@type":"ImageObject","inLanguage":"it-IT","@id":"https:\/\/lookingforcharly.com\/it\/#\/schema\/person\/image\/","url":"https:\/\/secure.gravatar.com\/avatar\/2ca706e3f813d28833c317a19f4cba15b3da298a104b03edf59c6cb7f563cfc5?s=96&d=mm&r=g","contentUrl":"https:\/\/secure.gravatar.com\/avatar\/2ca706e3f813d28833c317a19f4cba15b3da298a104b03edf59c6cb7f563cfc5?s=96&d=mm&r=g","caption":"Daphne"},"url":"https:\/\/lookingforcharly.com\/it\/author\/daphne\/"}]}},"_links":{"self":[{"href":"https:\/\/lookingforcharly.com\/it\/wp-json\/wp\/v2\/posts\/4489","targetHints":{"allow":["GET"]}}],"collection":[{"href":"https:\/\/lookingforcharly.com\/it\/wp-json\/wp\/v2\/posts"}],"about":[{"href":"https:\/\/lookingforcharly.com\/it\/wp-json\/wp\/v2\/types\/post"}],"author":[{"embeddable":true,"href":"https:\/\/lookingforcharly.com\/it\/wp-json\/wp\/v2\/users\/3"}],"replies":[{"embeddable":true,"href":"https:\/\/lookingforcharly.com\/it\/wp-json\/wp\/v2\/comments?post=4489"}],"version-history":[{"count":0,"href":"https:\/\/lookingforcharly.com\/it\/wp-json\/wp\/v2\/posts\/4489\/revisions"}],"wp:featuredmedia":[{"embeddable":true,"href":"https:\/\/lookingforcharly.com\/it\/wp-json\/wp\/v2\/media\/5535"}],"wp:attachment":[{"href":"https:\/\/lookingforcharly.com\/it\/wp-json\/wp\/v2\/media?parent=4489"}],"wp:term":[{"taxonomy":"category","embeddable":true,"href":"https:\/\/lookingforcharly.com\/it\/wp-json\/wp\/v2\/categories?post=4489"},{"taxonomy":"post_tag","embeddable":true,"href":"https:\/\/lookingforcharly.com\/it\/wp-json\/wp\/v2\/tags?post=4489"}],"curies":[{"name":"wp","href":"https:\/\/api.w.org\/{rel}","templated":true}]}}