{"id":4458,"date":"2020-11-05T17:02:00","date_gmt":"2020-11-05T16:02:00","guid":{"rendered":"https:\/\/tipi.beetrip.pro\/il-etait-une-fois-le-baviere\/"},"modified":"2024-06-27T14:20:32","modified_gmt":"2024-06-27T12:20:32","slug":"cera-una-volta-in-baviera","status":"publish","type":"post","link":"https:\/\/lookingforcharly.com\/it\/cera-una-volta-in-baviera\/","title":{"rendered":"C&#8217;era una volta in Baviera"},"content":{"rendered":"\t\t<div data-elementor-type=\"wp-post\" data-elementor-id=\"4458\" class=\"elementor elementor-4458 elementor-2348\" data-elementor-post-type=\"post\">\n\t\t\t\t<div class=\"elementor-element elementor-element-2850888b e-flex e-con-boxed e-con e-parent\" data-id=\"2850888b\" data-element_type=\"container\" data-e-type=\"container\" data-settings=\"{&quot;background_background&quot;:&quot;classic&quot;}\">\n\t\t\t\t\t<div class=\"e-con-inner\">\n\t\t\t\t<div class=\"elementor-element elementor-element-299719b3 elementor-invisible elementor-widget elementor-widget-heading\" data-id=\"299719b3\" data-element_type=\"widget\" data-e-type=\"widget\" data-settings=\"{&quot;_animation&quot;:&quot;fadeIn&quot;}\" data-widget_type=\"heading.default\">\n\t\t\t\t<div class=\"elementor-widget-container\">\n\t\t\t\t\t<h1 class=\"elementor-heading-title elementor-size-default\">C&#8217;era una volta in Baviera<\/h1>\t\t\t\t<\/div>\n\t\t\t\t<\/div>\n\t\t\t\t<div class=\"elementor-element elementor-element-19d877a elementor-widget elementor-widget-post-info\" data-id=\"19d877a\" data-element_type=\"widget\" data-e-type=\"widget\" data-widget_type=\"post-info.default\">\n\t\t\t\t<div class=\"elementor-widget-container\">\n\t\t\t\t\t\t\t<ul class=\"elementor-inline-items elementor-icon-list-items elementor-post-info\">\n\t\t\t\t\t\t\t\t<li class=\"elementor-icon-list-item elementor-repeater-item-e7fd4d6 elementor-inline-item\" itemprop=\"about\">\n\t\t\t\t\t\t\t\t\t\t\t\t\t<span class=\"elementor-icon-list-text elementor-post-info__item elementor-post-info__item--type-terms\">\n\t\t\t\t\t\t\t\t\t\t<span class=\"elementor-post-info__terms-list\">\n\t\t\t\t<a href=\"https:\/\/lookingforcharly.com\/it\/europa\/\" class=\"elementor-post-info__terms-list-item\">Europa<\/a>\t\t\t\t<\/span>\n\t\t\t\t\t<\/span>\n\t\t\t\t\t\t\t\t<\/li>\n\t\t\t\t<li class=\"elementor-icon-list-item elementor-repeater-item-932e776 elementor-inline-item\" itemprop=\"datePublished\">\n\t\t\t\t\t\t\t\t\t\t\t\t\t<span class=\"elementor-icon-list-text elementor-post-info__item elementor-post-info__item--type-date\">\n\t\t\t\t\t\t\t<span class=\"elementor-post-info__item-prefix\">le<\/span>\n\t\t\t\t\t\t\t\t\t\t<time>5 November 2020<\/time>\t\t\t\t\t<\/span>\n\t\t\t\t\t\t\t\t<\/li>\n\t\t\t\t<\/ul>\n\t\t\t\t\t\t<\/div>\n\t\t\t\t<\/div>\n\t\t\t\t\t<\/div>\n\t\t\t\t<\/div>\n\t\t<div class=\"elementor-element elementor-element-9cc6b78 e-flex e-con-boxed e-con e-parent\" data-id=\"9cc6b78\" data-element_type=\"container\" data-e-type=\"container\">\n\t\t\t\t\t<div class=\"e-con-inner\">\n\t\t\t\t<div class=\"elementor-element elementor-element-e13ea5b elementor-widget elementor-widget-text-editor\" data-id=\"e13ea5b\" data-element_type=\"widget\" data-e-type=\"widget\" data-widget_type=\"text-editor.default\">\n\t\t\t\t<div class=\"elementor-widget-container\">\n\t\t\t\t\t\t\t\t\t<div><div><div><div><h5 style=\"text-align: center;\"><em>L\u2019autunno regala alla Baviera colori e luci sorprendenti.\u00a0<\/em><\/h5><h5 style=\"text-align: center;\"><em>Mettete da parte i luoghi comuni sulla Germania, fatta eccezione per la birra considerata molto pi\u00f9 che una semplice bevanda, vi raccontiamo di cultura tra tradizione e modernit\u00e0, di paesaggi panoramici, laghi, vette, castelli che sembrano usciti dalle fiabe e della storia medioevale ricca di leggende.\u00a0Fino ad arrivare ai bavaresi, un popolo allegro e cordiale che vi accoglier\u00e0 calorosamente e condivider\u00e0 con voi gli onnipresenti usi e costumi.\u00a0<\/em><\/h5><h5 style=\"text-align: center;\"><em>Pronti per volare fino a Francoforte e cominciare la vostra scoperta percorrendo le incantevoli colline color dell\u2019oro che si snodano lungo il Reno ?<\/em><\/h5><\/div><\/div><\/div><\/div><h5 style=\"text-align: center;\"><em>Seguici\u2026<\/em><\/h5><h5 style=\"text-align: center;\">\u00a0<\/h5>\t\t\t\t\t\t\t\t<\/div>\n\t\t\t\t<\/div>\n\t\t\t\t<div class=\"elementor-element elementor-element-c7da0ed elementor-widget elementor-widget-heading\" data-id=\"c7da0ed\" data-element_type=\"widget\" data-e-type=\"widget\" data-widget_type=\"heading.default\">\n\t\t\t\t<div class=\"elementor-widget-container\">\n\t\t\t\t\t<h3 class=\"elementor-heading-title elementor-size-default\">Baden-Baden<\/h3>\t\t\t\t<\/div>\n\t\t\t\t<\/div>\n\t\t\t\t<div class=\"elementor-element elementor-element-d8b1f8d elementor-widget elementor-widget-image\" data-id=\"d8b1f8d\" data-element_type=\"widget\" data-e-type=\"widget\" data-widget_type=\"image.default\">\n\t\t\t\t<div class=\"elementor-widget-container\">\n\t\t\t\t\t\t\t\t\t\t\t\t\t\t\t\t<a href=\"http:\/\/lookingforcharly.com\/wp-content\/uploads\/2020\/11\/Baden-Baden-village.jpeg\" data-elementor-open-lightbox=\"yes\" data-elementor-lightbox-title=\"Baden Baden-village\" data-e-action-hash=\"#elementor-action%3Aaction%3Dlightbox%26settings%3DeyJpZCI6MjM1MywidXJsIjoiaHR0cHM6XC9cL2xvb2tpbmdmb3JjaGFybHkuY29tXC93cC1jb250ZW50XC91cGxvYWRzXC8yMDIwXC8xMVwvQmFkZW4tQmFkZW4tdmlsbGFnZS5qcGVnIn0%3D\">\n\t\t\t\t\t\t\t<img fetchpriority=\"high\" decoding=\"async\" width=\"1080\" height=\"1080\" src=\"https:\/\/lookingforcharly.com\/wp-content\/uploads\/2020\/11\/Baden-Baden-village.jpeg\" class=\"attachment-full size-full wp-image-2353\" alt=\"\" srcset=\"https:\/\/lookingforcharly.com\/wp-content\/uploads\/2020\/11\/Baden-Baden-village.jpeg 1080w, https:\/\/lookingforcharly.com\/wp-content\/uploads\/2020\/11\/Baden-Baden-village-300x300.jpeg 300w, https:\/\/lookingforcharly.com\/wp-content\/uploads\/2020\/11\/Baden-Baden-village-1024x1024.jpeg 1024w, https:\/\/lookingforcharly.com\/wp-content\/uploads\/2020\/11\/Baden-Baden-village-150x150.jpeg 150w, https:\/\/lookingforcharly.com\/wp-content\/uploads\/2020\/11\/Baden-Baden-village-768x768.jpeg 768w\" sizes=\"(max-width: 1080px) 100vw, 1080px\" \/>\t\t\t\t\t\t\t\t<\/a>\n\t\t\t\t\t\t\t\t\t\t\t\t\t\t\t<\/div>\n\t\t\t\t<\/div>\n\t\t\t\t<div class=\"elementor-element elementor-element-96dab2e elementor-widget elementor-widget-text-editor\" data-id=\"96dab2e\" data-element_type=\"widget\" data-e-type=\"widget\" data-widget_type=\"text-editor.default\">\n\t\t\t\t<div class=\"elementor-widget-container\">\n\t\t\t\t\t\t\t\t\t<p style=\"text-align: justify;\">Baden-Baden\u00a0appare come un piccolo gioiello incastonato tra le colline. Da qui passa la strada dei vini, Badishe Weinstrasse, che si snoda tra magnifici vigneti e borghi pittoreschi. Le vostre papille gustative non saranno allietate solo dal vino ma anche dalle moltissime locande che troverete durante il tragitto. Sosta e piacere della tavola si incontrano per regalarvi un\u2019esperienza indimenticabile. Le grandi qualit\u00e0 enogastronomiche del luogo hanno valso alla Badishe Weinstrasse\u00a0 il soprannome di Schlemmestrasse (strada del buongustaio).<\/p><p>\u00a0<\/p>\t\t\t\t\t\t\t\t<\/div>\n\t\t\t\t<\/div>\n\t\t\t\t<div class=\"elementor-element elementor-element-aa0dd3c elementor-widget elementor-widget-heading\" data-id=\"aa0dd3c\" data-element_type=\"widget\" data-e-type=\"widget\" data-widget_type=\"heading.default\">\n\t\t\t\t<div class=\"elementor-widget-container\">\n\t\t\t\t\t<h3 class=\"elementor-heading-title elementor-size-default\">La Foresta Nera<\/h3>\t\t\t\t<\/div>\n\t\t\t\t<\/div>\n\t\t\t\t<div class=\"elementor-element elementor-element-c9e1722 elementor-widget elementor-widget-image\" data-id=\"c9e1722\" data-element_type=\"widget\" data-e-type=\"widget\" data-widget_type=\"image.default\">\n\t\t\t\t<div class=\"elementor-widget-container\">\n\t\t\t\t\t\t\t\t\t\t\t\t\t\t\t\t<a href=\"http:\/\/lookingforcharly.com\/wp-content\/uploads\/2020\/11\/la-foret-noire.jpg\" data-elementor-open-lightbox=\"yes\" data-elementor-lightbox-title=\"la for\u00eat noire\" data-e-action-hash=\"#elementor-action%3Aaction%3Dlightbox%26settings%3DeyJpZCI6MjM1NywidXJsIjoiaHR0cHM6XC9cL2xvb2tpbmdmb3JjaGFybHkuY29tXC93cC1jb250ZW50XC91cGxvYWRzXC8yMDIwXC8xMVwvbGEtZm9yZXQtbm9pcmUuanBnIn0%3D\">\n\t\t\t\t\t\t\t<img decoding=\"async\" width=\"1280\" height=\"854\" src=\"https:\/\/lookingforcharly.com\/wp-content\/uploads\/2020\/11\/la-foret-noire.jpg\" class=\"attachment-full size-full wp-image-2357\" alt=\"\" srcset=\"https:\/\/lookingforcharly.com\/wp-content\/uploads\/2020\/11\/la-foret-noire.jpg 1280w, https:\/\/lookingforcharly.com\/wp-content\/uploads\/2020\/11\/la-foret-noire-300x200.jpg 300w, https:\/\/lookingforcharly.com\/wp-content\/uploads\/2020\/11\/la-foret-noire-1024x683.jpg 1024w, https:\/\/lookingforcharly.com\/wp-content\/uploads\/2020\/11\/la-foret-noire-768x512.jpg 768w\" sizes=\"(max-width: 1280px) 100vw, 1280px\" \/>\t\t\t\t\t\t\t\t<\/a>\n\t\t\t\t\t\t\t\t\t\t\t\t\t\t\t<\/div>\n\t\t\t\t<\/div>\n\t\t\t\t<div class=\"elementor-element elementor-element-c695db4 elementor-widget elementor-widget-text-editor\" data-id=\"c695db4\" data-element_type=\"widget\" data-e-type=\"widget\" data-widget_type=\"text-editor.default\">\n\t\t\t\t<div class=\"elementor-widget-container\">\n\t\t\t\t\t\t\t\t\t<div><div><div><p style=\"text-align: justify;\">Lungo le strade ripide della For\u00eat-Noire,\u00a0i paesaggi che cambiano continuamente vi lasceranno senza fiato. Percorrerete paesaggi selvaggi che ospitano, riserve naturali, fattorie e animali.<\/p><p>\u00a0<\/p><\/div><\/div><\/div>\t\t\t\t\t\t\t\t<\/div>\n\t\t\t\t<\/div>\n\t\t\t\t<div class=\"elementor-element elementor-element-d77fa70 elementor-widget elementor-widget-heading\" data-id=\"d77fa70\" data-element_type=\"widget\" data-e-type=\"widget\" data-widget_type=\"heading.default\">\n\t\t\t\t<div class=\"elementor-widget-container\">\n\t\t\t\t\t<h3 class=\"elementor-heading-title elementor-size-default\">Lago di Costanza<\/h3>\t\t\t\t<\/div>\n\t\t\t\t<\/div>\n\t\t\t\t<div class=\"elementor-element elementor-element-e59e3ff elementor-widget elementor-widget-image\" data-id=\"e59e3ff\" data-element_type=\"widget\" data-e-type=\"widget\" data-widget_type=\"image.default\">\n\t\t\t\t<div class=\"elementor-widget-container\">\n\t\t\t\t\t\t\t\t\t\t\t\t\t\t\t\t<a href=\"http:\/\/lookingforcharly.com\/wp-content\/uploads\/2020\/11\/lake-constance-lindau.jpg\" data-elementor-open-lightbox=\"yes\" data-elementor-lightbox-title=\"lake-constance-lindau\" data-e-action-hash=\"#elementor-action%3Aaction%3Dlightbox%26settings%3DeyJpZCI6MjM2MCwidXJsIjoiaHR0cHM6XC9cL2xvb2tpbmdmb3JjaGFybHkuY29tXC93cC1jb250ZW50XC91cGxvYWRzXC8yMDIwXC8xMVwvbGFrZS1jb25zdGFuY2UtbGluZGF1LmpwZyJ9\">\n\t\t\t\t\t\t\t<img decoding=\"async\" width=\"1068\" height=\"618\" src=\"https:\/\/lookingforcharly.com\/wp-content\/uploads\/2020\/11\/lake-constance-lindau.jpg\" class=\"attachment-full size-full wp-image-2360\" alt=\"\" srcset=\"https:\/\/lookingforcharly.com\/wp-content\/uploads\/2020\/11\/lake-constance-lindau.jpg 1068w, https:\/\/lookingforcharly.com\/wp-content\/uploads\/2020\/11\/lake-constance-lindau-300x174.jpg 300w, https:\/\/lookingforcharly.com\/wp-content\/uploads\/2020\/11\/lake-constance-lindau-1024x593.jpg 1024w, https:\/\/lookingforcharly.com\/wp-content\/uploads\/2020\/11\/lake-constance-lindau-768x444.jpg 768w\" sizes=\"(max-width: 1068px) 100vw, 1068px\" \/>\t\t\t\t\t\t\t\t<\/a>\n\t\t\t\t\t\t\t\t\t\t\t\t\t\t\t<\/div>\n\t\t\t\t<\/div>\n\t\t\t\t<div class=\"elementor-element elementor-element-624c97f elementor-widget elementor-widget-text-editor\" data-id=\"624c97f\" data-element_type=\"widget\" data-e-type=\"widget\" data-widget_type=\"text-editor.default\">\n\t\t\t\t<div class=\"elementor-widget-container\">\n\t\t\t\t\t\t\t\t\t<p style=\"text-align: justify;\">Le frontiere austriaca, tedesca e svizzera sono linee invisibili ma ben marcate al centro del\u00a0lago di Costanza.\u00a0Costellato di piccole isole, le pi\u00f9 grandi sono Reichenau, Mainau e Lindau, quest\u2019ultima vale davvero la pena di essere visitata, con il suo centro ornato da vecchie case e dalle strade pedonali in pav\u00e9, passando per la piazza del mercato e ritrovarvi a godere delle luci del tramonto nell\u2019affascinante porto.<\/p><p>\u00a0<\/p>\t\t\t\t\t\t\t\t<\/div>\n\t\t\t\t<\/div>\n\t\t\t\t<div class=\"elementor-element elementor-element-528fee3 elementor-widget elementor-widget-heading\" data-id=\"528fee3\" data-element_type=\"widget\" data-e-type=\"widget\" data-widget_type=\"heading.default\">\n\t\t\t\t<div class=\"elementor-widget-container\">\n\t\t\t\t\t<h3 class=\"elementor-heading-title elementor-size-default\">Neuschwanstein et Hohenschwangau<\/h3>\t\t\t\t<\/div>\n\t\t\t\t<\/div>\n\t\t\t\t<div class=\"elementor-element elementor-element-f115dfe elementor-widget elementor-widget-image\" data-id=\"f115dfe\" data-element_type=\"widget\" data-e-type=\"widget\" data-widget_type=\"image.default\">\n\t\t\t\t<div class=\"elementor-widget-container\">\n\t\t\t\t\t\t\t\t\t\t\t\t\t\t\t\t<a href=\"http:\/\/lookingforcharly.com\/wp-content\/uploads\/2020\/11\/chateau-de-neuschwanstein.jpeg\" data-elementor-open-lightbox=\"yes\" data-elementor-lightbox-title=\"chateau de neuschwanstein\" data-e-action-hash=\"#elementor-action%3Aaction%3Dlightbox%26settings%3DeyJpZCI6MjM2MywidXJsIjoiaHR0cHM6XC9cL2xvb2tpbmdmb3JjaGFybHkuY29tXC93cC1jb250ZW50XC91cGxvYWRzXC8yMDIwXC8xMVwvY2hhdGVhdS1kZS1uZXVzY2h3YW5zdGVpbi5qcGVnIn0%3D\">\n\t\t\t\t\t\t\t<img loading=\"lazy\" decoding=\"async\" width=\"1280\" height=\"1280\" src=\"https:\/\/lookingforcharly.com\/wp-content\/uploads\/2020\/11\/chateau-de-neuschwanstein.jpeg\" class=\"attachment-full size-full wp-image-2363\" alt=\"\" srcset=\"https:\/\/lookingforcharly.com\/wp-content\/uploads\/2020\/11\/chateau-de-neuschwanstein.jpeg 1280w, https:\/\/lookingforcharly.com\/wp-content\/uploads\/2020\/11\/chateau-de-neuschwanstein-300x300.jpeg 300w, https:\/\/lookingforcharly.com\/wp-content\/uploads\/2020\/11\/chateau-de-neuschwanstein-1024x1024.jpeg 1024w, https:\/\/lookingforcharly.com\/wp-content\/uploads\/2020\/11\/chateau-de-neuschwanstein-150x150.jpeg 150w, https:\/\/lookingforcharly.com\/wp-content\/uploads\/2020\/11\/chateau-de-neuschwanstein-768x768.jpeg 768w\" sizes=\"(max-width: 1280px) 100vw, 1280px\" \/>\t\t\t\t\t\t\t\t<\/a>\n\t\t\t\t\t\t\t\t\t\t\t\t\t\t\t<\/div>\n\t\t\t\t<\/div>\n\t\t\t\t<div class=\"elementor-element elementor-element-6e2eb52 elementor-widget elementor-widget-text-editor\" data-id=\"6e2eb52\" data-element_type=\"widget\" data-e-type=\"widget\" data-widget_type=\"text-editor.default\">\n\t\t\t\t<div class=\"elementor-widget-container\">\n\t\t\t\t\t\t\t\t\t<div><div><div><p style=\"text-align: justify;\">La prossima tappa vi tele trasporter\u00e0 direttamente all\u2019interno dell\u2019atmosfera di Dunjeons &amp; Dragons, catapultati in cima ad una collina inaccessibile, imprigionati in un palazzo ispirato ad antiche fortezze costruite per volont\u00e0 di Luigi II di Baviera nei suoi sogni pi\u00f9 folli. L\u2019emblematico Neuschwanstein impressionante per il volume e per la finezza, la grazia e l\u2019eleganza delle sue torri. Walt Disney\u00a0affascinato dalla magnificenza e dalla bellezza del castello di Neuschwanstein decise di prenderlo come esempio per uno dei suoi film d\u2019animazione \u201cLa bella addormentata nel bosco\u201d. Questo castello \u00e8 anche presente in tutti i parchi Disney del mondo.<\/p><p>\u00a0<\/p><\/div><\/div><\/div>\t\t\t\t\t\t\t\t<\/div>\n\t\t\t\t<\/div>\n\t\t\t\t<div class=\"elementor-element elementor-element-4459b94 elementor-widget elementor-widget-heading\" data-id=\"4459b94\" data-element_type=\"widget\" data-e-type=\"widget\" data-widget_type=\"heading.default\">\n\t\t\t\t<div class=\"elementor-widget-container\">\n\t\t\t\t\t<h3 class=\"elementor-heading-title elementor-size-default\">Alpi Bavaresi<\/h3>\t\t\t\t<\/div>\n\t\t\t\t<\/div>\n\t\t\t\t<div class=\"elementor-element elementor-element-9432130 elementor-widget elementor-widget-image\" data-id=\"9432130\" data-element_type=\"widget\" data-e-type=\"widget\" data-widget_type=\"image.default\">\n\t\t\t\t<div class=\"elementor-widget-container\">\n\t\t\t\t\t\t\t\t\t\t\t\t\t\t\t\t<a href=\"http:\/\/lookingforcharly.com\/wp-content\/uploads\/2020\/11\/village-de-grainau.jpeg\" data-elementor-open-lightbox=\"yes\" data-elementor-lightbox-title=\"village de grainau\" data-e-action-hash=\"#elementor-action%3Aaction%3Dlightbox%26settings%3DeyJpZCI6MjM2NiwidXJsIjoiaHR0cHM6XC9cL2xvb2tpbmdmb3JjaGFybHkuY29tXC93cC1jb250ZW50XC91cGxvYWRzXC8yMDIwXC8xMVwvdmlsbGFnZS1kZS1ncmFpbmF1LmpwZWcifQ%3D%3D\">\n\t\t\t\t\t\t\t<img loading=\"lazy\" decoding=\"async\" width=\"1136\" height=\"1136\" src=\"https:\/\/lookingforcharly.com\/wp-content\/uploads\/2020\/11\/village-de-grainau.jpeg\" class=\"attachment-full size-full wp-image-2366\" alt=\"\" srcset=\"https:\/\/lookingforcharly.com\/wp-content\/uploads\/2020\/11\/village-de-grainau.jpeg 1136w, https:\/\/lookingforcharly.com\/wp-content\/uploads\/2020\/11\/village-de-grainau-300x300.jpeg 300w, https:\/\/lookingforcharly.com\/wp-content\/uploads\/2020\/11\/village-de-grainau-1024x1024.jpeg 1024w, https:\/\/lookingforcharly.com\/wp-content\/uploads\/2020\/11\/village-de-grainau-150x150.jpeg 150w, https:\/\/lookingforcharly.com\/wp-content\/uploads\/2020\/11\/village-de-grainau-768x768.jpeg 768w\" sizes=\"(max-width: 1136px) 100vw, 1136px\" \/>\t\t\t\t\t\t\t\t<\/a>\n\t\t\t\t\t\t\t\t\t\t\t\t\t\t\t<\/div>\n\t\t\t\t<\/div>\n\t\t\t\t<div class=\"elementor-element elementor-element-02441a0 elementor-widget elementor-widget-text-editor\" data-id=\"02441a0\" data-element_type=\"widget\" data-e-type=\"widget\" data-widget_type=\"text-editor.default\">\n\t\t\t\t<div class=\"elementor-widget-container\">\n\t\t\t\t\t\t\t\t\t<div><div><div style=\"text-align: justify;\">Sempre pi\u00f9 in alto! Tra laghi cristallini e strade sinuose, verso le vette delle Alpi Bavaresi che possono raggiungere anche i 3.000 metri di altitudine. Ci troviamo nel parco naturale del <strong><span style=\"color: #bfa800;\">Garmisch-Partenkirchen<\/span><\/strong>, barriera e confine naturale tra Austria e Germania, dove si trova il Zugspitze, la cima pi\u00f9 alta, da qui, godrete della miglior vista sulla catena montuosa. Ma non vi preoccupate, non dovete per forza scalare la vetta, la teleferica che parte dal villaggio di <strong><span style=\"color: #bfa800;\">Grainau<\/span><\/strong> vi porter\u00e0 in pochi minuti alla piattaforma di osservazione !<\/div><div>\u00a0<\/div><div>\u00a0<\/div><\/div><\/div>\t\t\t\t\t\t\t\t<\/div>\n\t\t\t\t<\/div>\n\t\t\t\t<div class=\"elementor-element elementor-element-d5de249 elementor-widget elementor-widget-heading\" data-id=\"d5de249\" data-element_type=\"widget\" data-e-type=\"widget\" data-widget_type=\"heading.default\">\n\t\t\t\t<div class=\"elementor-widget-container\">\n\t\t\t\t\t<h3 class=\"elementor-heading-title elementor-size-default\">Tra barca e treno<\/h3>\t\t\t\t<\/div>\n\t\t\t\t<\/div>\n\t\t\t\t<div class=\"elementor-element elementor-element-3ae778a elementor-widget elementor-widget-image\" data-id=\"3ae778a\" data-element_type=\"widget\" data-e-type=\"widget\" data-widget_type=\"image.default\">\n\t\t\t\t<div class=\"elementor-widget-container\">\n\t\t\t\t\t\t\t\t\t\t\t\t\t\t\t\t<a href=\"http:\/\/lookingforcharly.com\/wp-content\/uploads\/2020\/11\/shutterstock_1189894867-1-1280x1280-1.jpg\" data-elementor-open-lightbox=\"yes\" data-elementor-lightbox-title=\"shutterstock_1189894867-1-1280x1280\" data-e-action-hash=\"#elementor-action%3Aaction%3Dlightbox%26settings%3DeyJpZCI6MjM2OSwidXJsIjoiaHR0cHM6XC9cL2xvb2tpbmdmb3JjaGFybHkuY29tXC93cC1jb250ZW50XC91cGxvYWRzXC8yMDIwXC8xMVwvc2h1dHRlcnN0b2NrXzExODk4OTQ4NjctMS0xMjgweDEyODAtMS5qcGcifQ%3D%3D\">\n\t\t\t\t\t\t\t<img loading=\"lazy\" decoding=\"async\" width=\"1280\" height=\"1280\" src=\"https:\/\/lookingforcharly.com\/wp-content\/uploads\/2020\/11\/shutterstock_1189894867-1-1280x1280-1.jpg\" class=\"attachment-full size-full wp-image-2369\" alt=\"\" srcset=\"https:\/\/lookingforcharly.com\/wp-content\/uploads\/2020\/11\/shutterstock_1189894867-1-1280x1280-1.jpg 1280w, https:\/\/lookingforcharly.com\/wp-content\/uploads\/2020\/11\/shutterstock_1189894867-1-1280x1280-1-300x300.jpg 300w, https:\/\/lookingforcharly.com\/wp-content\/uploads\/2020\/11\/shutterstock_1189894867-1-1280x1280-1-1024x1024.jpg 1024w, https:\/\/lookingforcharly.com\/wp-content\/uploads\/2020\/11\/shutterstock_1189894867-1-1280x1280-1-150x150.jpg 150w, https:\/\/lookingforcharly.com\/wp-content\/uploads\/2020\/11\/shutterstock_1189894867-1-1280x1280-1-768x768.jpg 768w\" sizes=\"(max-width: 1280px) 100vw, 1280px\" \/>\t\t\t\t\t\t\t\t<\/a>\n\t\t\t\t\t\t\t\t\t\t\t\t\t\t\t<\/div>\n\t\t\t\t<\/div>\n\t\t\t\t<div class=\"elementor-element elementor-element-6d18326 elementor-widget elementor-widget-text-editor\" data-id=\"6d18326\" data-element_type=\"widget\" data-e-type=\"widget\" data-widget_type=\"text-editor.default\">\n\t\t\t\t<div class=\"elementor-widget-container\">\n\t\t\t\t\t\t\t\t\t<p style=\"text-align: justify;\">Racchiuso tra la vegetazione lussureggiante, il lago di Chiem riposa pacifico come fosse un mare interno. Una gita in barca vi far\u00e0 conoscere da vicino la storia del mitico Luigi II, il pi\u00f9 enigmatico dei re della Baviera. La sua stravaganza e l\u2019amore per le belle arti gli valse il nome di \u201cRe delle fiabe\u201d ed il castello di <strong><span style=\"color: #bfa800;\">Herrenchiemsee<\/span><\/strong>, considerato una delle sue pi\u00f9 grandi realizzazioni ne \u00e8 la prova.<\/p><p style=\"text-align: justify;\">Attraversando l\u2019altopiano dell<strong><span style=\"color: #bfa800;\">\u2019Obersalzberg<\/span><\/strong> l\u2019incontro con l storia moderna \u00e8 violento ed inevitabile. Raggiungibile mediante la Kehlsteinstra\u00dfe, una strada lunga 6,5\u00a0km ad un solo tornante il nido dell\u2019aquila, rifugio estivo di Adolf Hitler, noto anche come\u00a0<strong><span style=\"color: #bfa800;\">Kehlsteinhaus<\/span><\/strong> \u00e8 proprio davanti ai vostri occhi. La vista, tanto vasta quanto chiara a nord lascia intravedere Salisburgo, la vecchia citt\u00e0 di principi ed arcivescovi.<\/p><p style=\"text-align: justify;\">A <strong><span style=\"color: #bfa800;\">Berchtesgaden<\/span><\/strong> farete l\u2019esperienza di un salto nel passato, indossate la tuta protettiva e salite a bordo del treno che attraversa i meandri della miniera di sale, lo scivolo di legno vi far\u00e0 sprofondare sottoterra fino ad arrivare al lago salato, dove concluderete questa bizzarra esperienza con una crociera \u2026si, ma su di una zattera.<\/p><p>\u00a0<\/p>\t\t\t\t\t\t\t\t<\/div>\n\t\t\t\t<\/div>\n\t\t\t\t<div class=\"elementor-element elementor-element-006fc30 elementor-widget elementor-widget-heading\" data-id=\"006fc30\" data-element_type=\"widget\" data-e-type=\"widget\" data-widget_type=\"heading.default\">\n\t\t\t\t<div class=\"elementor-widget-container\">\n\t\t\t\t\t<h3 class=\"elementor-heading-title elementor-size-default\">Salszburg<\/h3>\t\t\t\t<\/div>\n\t\t\t\t<\/div>\n\t\t\t\t<div class=\"elementor-element elementor-element-0bc7a42 elementor-widget elementor-widget-image\" data-id=\"0bc7a42\" data-element_type=\"widget\" data-e-type=\"widget\" data-widget_type=\"image.default\">\n\t\t\t\t<div class=\"elementor-widget-container\">\n\t\t\t\t\t\t\t\t\t\t\t\t\t\t\t<img decoding=\"async\" src=\"https:\/\/lookingforcharly.com\/wp-content\/uploads\/2020\/11\/salzburg.jpg\" title=\"salzburg\" alt=\"salzburg\" loading=\"lazy\" \/>\t\t\t\t\t\t\t\t\t\t\t\t\t\t\t<\/div>\n\t\t\t\t<\/div>\n\t\t\t\t<div class=\"elementor-element elementor-element-9a25eed elementor-widget elementor-widget-text-editor\" data-id=\"9a25eed\" data-element_type=\"widget\" data-e-type=\"widget\" data-widget_type=\"text-editor.default\">\n\t\t\t\t<div class=\"elementor-widget-container\">\n\t\t\t\t\t\t\t\t\t<div><div><div><p style=\"text-align: justify;\"><span style=\"color: #bfa800;\"><strong>Lo spirito di Mozart<\/strong> <\/span>sembra infestare ogni vicolo del quartiere storico. Benvenuti a Salisburgo e nel suo incredibile centro storico che \u00e8 patrimonio mondiale dell\u2019UNESCO. Le belle piazzette ornate di fontane e meridiane, il susseguirsi dei negozi d\u2019antiquariato nei vicoli tipici, la <strong><span style=\"color: #bfa800;\">fortezza di Hohensalzburg<\/span><\/strong> che svetta imponente sopra di voi, le carrozze trainate dai cavalli, vi daranno l\u2019impressione che tutto si stia svolgendo in un\u2019altra epoca.<\/p><p style=\"text-align: justify;\">Seguite le orme dei principi arcivescovi fino all\u2019abbazia di San Pietro, meravigliosamente bucolica con il suo cimitero coperto di vegetazione.<\/p><p>\u00a0<\/p><\/div><\/div><\/div>\t\t\t\t\t\t\t\t<\/div>\n\t\t\t\t<\/div>\n\t\t\t\t<div class=\"elementor-element elementor-element-3237dcc elementor-widget elementor-widget-heading\" data-id=\"3237dcc\" data-element_type=\"widget\" data-e-type=\"widget\" data-widget_type=\"heading.default\">\n\t\t\t\t<div class=\"elementor-widget-container\">\n\t\t\t\t\t<h3 class=\"elementor-heading-title elementor-size-default\">Munich<\/h3>\t\t\t\t<\/div>\n\t\t\t\t<\/div>\n\t\t\t\t<div class=\"elementor-element elementor-element-453f5dc elementor-widget elementor-widget-image\" data-id=\"453f5dc\" data-element_type=\"widget\" data-e-type=\"widget\" data-widget_type=\"image.default\">\n\t\t\t\t<div class=\"elementor-widget-container\">\n\t\t\t\t\t\t\t\t\t\t\t\t\t\t\t<img decoding=\"async\" src=\"https:\/\/lookingforcharly.com\/wp-content\/uploads\/2020\/11\/munich.jpg\" title=\"munich\" alt=\"munich\" loading=\"lazy\" \/>\t\t\t\t\t\t\t\t\t\t\t\t\t\t\t<\/div>\n\t\t\t\t<\/div>\n\t\t\t\t<div class=\"elementor-element elementor-element-5f6061e elementor-widget elementor-widget-text-editor\" data-id=\"5f6061e\" data-element_type=\"widget\" data-e-type=\"widget\" data-widget_type=\"text-editor.default\">\n\t\t\t\t<div class=\"elementor-widget-container\">\n\t\t\t\t\t\t\t\t\t<p style=\"text-align: justify;\">Questo assaggio di terra celtica terminer\u00e0 intorno ai luoghi della cultura di Monaco, capitale bavarese, con la sua moltitudine di teatri e musei e la sua comunit\u00e0 multietnica che vi apparir\u00e0 come una citt\u00e0 molto attraente.<\/p>\t\t\t\t\t\t\t\t<\/div>\n\t\t\t\t<\/div>\n\t\t\t\t<div class=\"elementor-element elementor-element-054e533 elementor-widget elementor-widget-text-editor\" data-id=\"054e533\" data-element_type=\"widget\" data-e-type=\"widget\" data-widget_type=\"text-editor.default\">\n\t\t\t\t<div class=\"elementor-widget-container\">\n\t\t\t\t\t\t\t\t\t<p><img loading=\"lazy\" decoding=\"async\" class=\"alignnone size-medium wp-image-273\" src=\"http:\/\/lookingforcharly.com\/wp-content\/uploads\/2024\/03\/pictocharly-300x278.png\" alt=\"\" width=\"300\" height=\"278\" srcset=\"https:\/\/lookingforcharly.com\/wp-content\/uploads\/2024\/03\/pictocharly-300x278.png 300w, https:\/\/lookingforcharly.com\/wp-content\/uploads\/2024\/03\/pictocharly.png 642w\" sizes=\"(max-width: 300px) 100vw, 300px\" \/><\/p><div><h5 style=\"text-align: center;\"><strong><span style=\"color: #bfa800;\">Contattateci per altri suggerimenti bavaresi, pi\u00f9 che mai lontani dalla folla e sempre accompagnati da guide esperte locali ed appassionate.<\/span><\/strong><\/h5><\/div>\t\t\t\t\t\t\t\t<\/div>\n\t\t\t\t<\/div>\n\t\t\t\t<div class=\"elementor-element elementor-element-44ae7a0 elementor-widget-divider--view-line elementor-widget elementor-widget-divider\" data-id=\"44ae7a0\" data-element_type=\"widget\" data-e-type=\"widget\" data-widget_type=\"divider.default\">\n\t\t\t\t<div class=\"elementor-widget-container\">\n\t\t\t\t\t\t\t<div class=\"elementor-divider\">\n\t\t\t<span class=\"elementor-divider-separator\">\n\t\t\t\t\t\t<\/span>\n\t\t<\/div>\n\t\t\t\t\t\t<\/div>\n\t\t\t\t<\/div>\n\t\t\t\t\t<\/div>\n\t\t\t\t<\/div>\n\t\t<div class=\"elementor-element elementor-element-957feb5 e-flex e-con-boxed e-con e-parent\" data-id=\"957feb5\" data-element_type=\"container\" data-e-type=\"container\">\n\t\t\t\t\t<div class=\"e-con-inner\">\n\t\t<div class=\"elementor-element elementor-element-3528335 e-con-full e-flex e-con e-child\" data-id=\"3528335\" data-element_type=\"container\" data-e-type=\"container\">\n\t\t\t\t<div class=\"elementor-element elementor-element-a9a8e01 elementor-widget elementor-widget-heading\" data-id=\"a9a8e01\" data-element_type=\"widget\" data-e-type=\"widget\" data-widget_type=\"heading.default\">\n\t\t\t\t<div class=\"elementor-widget-container\">\n\t\t\t\t\t<h3 class=\"elementor-heading-title elementor-size-default\">Vous aimerez aussi...<\/h3>\t\t\t\t<\/div>\n\t\t\t\t<\/div>\n\t\t\t\t<\/div>\n\t\t\t\t\t<\/div>\n\t\t\t\t<\/div>\n\t\t\t\t<\/div>\n\t\t","protected":false},"excerpt":{"rendered":"<p>L&#8217;autunno regala ai paesaggi bavaresi colori e luminosit\u00e0 eccezionali, per non parlare della cordialit\u00e0 della sua gente con usanze ben consolidate.<\/p>\n","protected":false},"author":3,"featured_media":2351,"comment_status":"closed","ping_status":"open","sticky":false,"template":"","format":"standard","meta":{"footnotes":""},"categories":[57],"tags":[],"class_list":["post-4458","post","type-post","status-publish","format-standard","has-post-thumbnail","hentry","category-europa"],"yoast_head":"<!-- This site is optimized with the Yoast SEO plugin v27.1.1 - https:\/\/yoast.com\/product\/yoast-seo-wordpress\/ -->\n<title>C&#039;era una volta in Baviera<\/title>\n<meta name=\"description\" content=\"L&#039;autunno regala ai paesaggi bavaresi colori e luminosit\u00e0 eccezionali, per non parlare della cordialit\u00e0 della sua gente con usanze ben consolidate.\" \/>\n<meta name=\"robots\" content=\"index, follow, max-snippet:-1, max-image-preview:large, max-video-preview:-1\" \/>\n<link rel=\"canonical\" href=\"https:\/\/lookingforcharly.com\/it\/cera-una-volta-in-baviera\/\" \/>\n<meta property=\"og:locale\" content=\"it_IT\" \/>\n<meta property=\"og:type\" content=\"article\" \/>\n<meta property=\"og:title\" content=\"C&#039;era una volta in Baviera\" \/>\n<meta property=\"og:description\" content=\"L&#039;autunno regala ai paesaggi bavaresi colori e luminosit\u00e0 eccezionali, per non parlare della cordialit\u00e0 della sua gente con usanze ben consolidate.\" \/>\n<meta property=\"og:url\" content=\"https:\/\/lookingforcharly.com\/it\/cera-una-volta-in-baviera\/\" \/>\n<meta property=\"og:site_name\" content=\"Looking For Charly\" \/>\n<meta property=\"article:publisher\" content=\"https:\/\/www.facebook.com\/lookingforcharly\" \/>\n<meta property=\"article:published_time\" content=\"2020-11-05T16:02:00+00:00\" \/>\n<meta property=\"article:modified_time\" content=\"2024-06-27T12:20:32+00:00\" \/>\n<meta property=\"og:image\" content=\"http:\/\/lookingforcharly.com\/wp-content\/uploads\/2024\/05\/La-Baviere-1024x769.jpg\" \/>\n<meta name=\"author\" content=\"Daphne\" \/>\n<meta name=\"twitter:card\" content=\"summary_large_image\" \/>\n<meta name=\"twitter:label1\" content=\"Written by\" \/>\n\t<meta name=\"twitter:data1\" content=\"Daphne\" \/>\n\t<meta name=\"twitter:label2\" content=\"Est. reading time\" \/>\n\t<meta name=\"twitter:data2\" content=\"7 minutes\" \/>\n<script type=\"application\/ld+json\" class=\"yoast-schema-graph\">{\"@context\":\"https:\/\/schema.org\",\"@graph\":[{\"@type\":\"Article\",\"@id\":\"https:\/\/lookingforcharly.com\/it\/cera-una-volta-in-baviera\/#article\",\"isPartOf\":{\"@id\":\"https:\/\/lookingforcharly.com\/it\/cera-una-volta-in-baviera\/\"},\"author\":{\"name\":\"Daphne\",\"@id\":\"https:\/\/lookingforcharly.com\/it\/#\/schema\/person\/7fb1ea89bf2ffa5783a7f11778422101\"},\"headline\":\"C&#8217;era una volta in Baviera\",\"datePublished\":\"2020-11-05T16:02:00+00:00\",\"dateModified\":\"2024-06-27T12:20:32+00:00\",\"mainEntityOfPage\":{\"@id\":\"https:\/\/lookingforcharly.com\/it\/cera-una-volta-in-baviera\/\"},\"wordCount\":828,\"publisher\":{\"@id\":\"https:\/\/lookingforcharly.com\/it\/#organization\"},\"image\":{\"@id\":\"https:\/\/lookingforcharly.com\/it\/cera-una-volta-in-baviera\/#primaryimage\"},\"thumbnailUrl\":\"https:\/\/lookingforcharly.com\/wp-content\/uploads\/2024\/05\/La-Baviere.jpg\",\"articleSection\":[\"Europa\"],\"inLanguage\":\"it-IT\"},{\"@type\":\"WebPage\",\"@id\":\"https:\/\/lookingforcharly.com\/it\/cera-una-volta-in-baviera\/\",\"url\":\"https:\/\/lookingforcharly.com\/it\/cera-una-volta-in-baviera\/\",\"name\":\"C'era una volta in Baviera\",\"isPartOf\":{\"@id\":\"https:\/\/lookingforcharly.com\/it\/#website\"},\"primaryImageOfPage\":{\"@id\":\"https:\/\/lookingforcharly.com\/it\/cera-una-volta-in-baviera\/#primaryimage\"},\"image\":{\"@id\":\"https:\/\/lookingforcharly.com\/it\/cera-una-volta-in-baviera\/#primaryimage\"},\"thumbnailUrl\":\"https:\/\/lookingforcharly.com\/wp-content\/uploads\/2024\/05\/La-Baviere.jpg\",\"datePublished\":\"2020-11-05T16:02:00+00:00\",\"dateModified\":\"2024-06-27T12:20:32+00:00\",\"description\":\"L'autunno regala ai paesaggi bavaresi colori e luminosit\u00e0 eccezionali, per non parlare della cordialit\u00e0 della sua gente con usanze ben consolidate.\",\"breadcrumb\":{\"@id\":\"https:\/\/lookingforcharly.com\/it\/cera-una-volta-in-baviera\/#breadcrumb\"},\"inLanguage\":\"it-IT\",\"potentialAction\":[{\"@type\":\"ReadAction\",\"target\":[\"https:\/\/lookingforcharly.com\/it\/cera-una-volta-in-baviera\/\"]}]},{\"@type\":\"ImageObject\",\"inLanguage\":\"it-IT\",\"@id\":\"https:\/\/lookingforcharly.com\/it\/cera-una-volta-in-baviera\/#primaryimage\",\"url\":\"https:\/\/lookingforcharly.com\/wp-content\/uploads\/2024\/05\/La-Baviere.jpg\",\"contentUrl\":\"https:\/\/lookingforcharly.com\/wp-content\/uploads\/2024\/05\/La-Baviere.jpg\",\"width\":1280,\"height\":961},{\"@type\":\"BreadcrumbList\",\"@id\":\"https:\/\/lookingforcharly.com\/it\/cera-una-volta-in-baviera\/#breadcrumb\",\"itemListElement\":[{\"@type\":\"ListItem\",\"position\":1,\"name\":\"Accueil\",\"item\":\"https:\/\/lookingforcharly.com\/it\/\"},{\"@type\":\"ListItem\",\"position\":2,\"name\":\"Europa\",\"item\":\"https:\/\/lookingforcharly.com\/it\/europa\/\"},{\"@type\":\"ListItem\",\"position\":3,\"name\":\"C&rsquo;era una volta in Baviera\"}]},{\"@type\":\"WebSite\",\"@id\":\"https:\/\/lookingforcharly.com\/it\/#website\",\"url\":\"https:\/\/lookingforcharly.com\/it\/\",\"name\":\"Looking For Charly\",\"description\":\"Exp\u00e9riences autour du monde\",\"publisher\":{\"@id\":\"https:\/\/lookingforcharly.com\/it\/#organization\"},\"potentialAction\":[{\"@type\":\"SearchAction\",\"target\":{\"@type\":\"EntryPoint\",\"urlTemplate\":\"https:\/\/lookingforcharly.com\/it\/?s={search_term_string}\"},\"query-input\":{\"@type\":\"PropertyValueSpecification\",\"valueRequired\":true,\"valueName\":\"search_term_string\"}}],\"inLanguage\":\"it-IT\"},{\"@type\":\"Organization\",\"@id\":\"https:\/\/lookingforcharly.com\/it\/#organization\",\"name\":\"Looking For Charly\",\"alternateName\":\"L4C\",\"url\":\"https:\/\/lookingforcharly.com\/it\/\",\"logo\":{\"@type\":\"ImageObject\",\"inLanguage\":\"it-IT\",\"@id\":\"https:\/\/lookingforcharly.com\/it\/#\/schema\/logo\/image\/\",\"url\":\"https:\/\/lookingforcharly.com\/wp-content\/uploads\/2024\/03\/cropped-cropped-Logo-Looking-for-Charly.png\",\"contentUrl\":\"https:\/\/lookingforcharly.com\/wp-content\/uploads\/2024\/03\/cropped-cropped-Logo-Looking-for-Charly.png\",\"width\":512,\"height\":512,\"caption\":\"Looking For Charly\"},\"image\":{\"@id\":\"https:\/\/lookingforcharly.com\/it\/#\/schema\/logo\/image\/\"},\"sameAs\":[\"https:\/\/www.facebook.com\/lookingforcharly\",\"https:\/\/www.instagram.com\/lookingforcharly\/\",\"https:\/\/www.linkedin.com\/company\/looking-for-charly\/\"]},{\"@type\":\"Person\",\"@id\":\"https:\/\/lookingforcharly.com\/it\/#\/schema\/person\/7fb1ea89bf2ffa5783a7f11778422101\",\"name\":\"Daphne\",\"image\":{\"@type\":\"ImageObject\",\"inLanguage\":\"it-IT\",\"@id\":\"https:\/\/lookingforcharly.com\/it\/#\/schema\/person\/image\/\",\"url\":\"https:\/\/secure.gravatar.com\/avatar\/2ca706e3f813d28833c317a19f4cba15b3da298a104b03edf59c6cb7f563cfc5?s=96&d=mm&r=g\",\"contentUrl\":\"https:\/\/secure.gravatar.com\/avatar\/2ca706e3f813d28833c317a19f4cba15b3da298a104b03edf59c6cb7f563cfc5?s=96&d=mm&r=g\",\"caption\":\"Daphne\"},\"url\":\"https:\/\/lookingforcharly.com\/it\/author\/daphne\/\"}]}<\/script>\n<!-- \/ Yoast SEO plugin. -->","yoast_head_json":{"title":"C'era una volta in Baviera","description":"L'autunno regala ai paesaggi bavaresi colori e luminosit\u00e0 eccezionali, per non parlare della cordialit\u00e0 della sua gente con usanze ben consolidate.","robots":{"index":"index","follow":"follow","max-snippet":"max-snippet:-1","max-image-preview":"max-image-preview:large","max-video-preview":"max-video-preview:-1"},"canonical":"https:\/\/lookingforcharly.com\/it\/cera-una-volta-in-baviera\/","og_locale":"it_IT","og_type":"article","og_title":"C'era una volta in Baviera","og_description":"L'autunno regala ai paesaggi bavaresi colori e luminosit\u00e0 eccezionali, per non parlare della cordialit\u00e0 della sua gente con usanze ben consolidate.","og_url":"https:\/\/lookingforcharly.com\/it\/cera-una-volta-in-baviera\/","og_site_name":"Looking For Charly","article_publisher":"https:\/\/www.facebook.com\/lookingforcharly","article_published_time":"2020-11-05T16:02:00+00:00","article_modified_time":"2024-06-27T12:20:32+00:00","og_image":[{"url":"http:\/\/lookingforcharly.com\/wp-content\/uploads\/2024\/05\/La-Baviere-1024x769.jpg","type":"","width":"","height":""}],"author":"Daphne","twitter_card":"summary_large_image","twitter_misc":{"Written by":"Daphne","Est. reading time":"7 minutes"},"schema":{"@context":"https:\/\/schema.org","@graph":[{"@type":"Article","@id":"https:\/\/lookingforcharly.com\/it\/cera-una-volta-in-baviera\/#article","isPartOf":{"@id":"https:\/\/lookingforcharly.com\/it\/cera-una-volta-in-baviera\/"},"author":{"name":"Daphne","@id":"https:\/\/lookingforcharly.com\/it\/#\/schema\/person\/7fb1ea89bf2ffa5783a7f11778422101"},"headline":"C&#8217;era una volta in Baviera","datePublished":"2020-11-05T16:02:00+00:00","dateModified":"2024-06-27T12:20:32+00:00","mainEntityOfPage":{"@id":"https:\/\/lookingforcharly.com\/it\/cera-una-volta-in-baviera\/"},"wordCount":828,"publisher":{"@id":"https:\/\/lookingforcharly.com\/it\/#organization"},"image":{"@id":"https:\/\/lookingforcharly.com\/it\/cera-una-volta-in-baviera\/#primaryimage"},"thumbnailUrl":"https:\/\/lookingforcharly.com\/wp-content\/uploads\/2024\/05\/La-Baviere.jpg","articleSection":["Europa"],"inLanguage":"it-IT"},{"@type":"WebPage","@id":"https:\/\/lookingforcharly.com\/it\/cera-una-volta-in-baviera\/","url":"https:\/\/lookingforcharly.com\/it\/cera-una-volta-in-baviera\/","name":"C'era una volta in Baviera","isPartOf":{"@id":"https:\/\/lookingforcharly.com\/it\/#website"},"primaryImageOfPage":{"@id":"https:\/\/lookingforcharly.com\/it\/cera-una-volta-in-baviera\/#primaryimage"},"image":{"@id":"https:\/\/lookingforcharly.com\/it\/cera-una-volta-in-baviera\/#primaryimage"},"thumbnailUrl":"https:\/\/lookingforcharly.com\/wp-content\/uploads\/2024\/05\/La-Baviere.jpg","datePublished":"2020-11-05T16:02:00+00:00","dateModified":"2024-06-27T12:20:32+00:00","description":"L'autunno regala ai paesaggi bavaresi colori e luminosit\u00e0 eccezionali, per non parlare della cordialit\u00e0 della sua gente con usanze ben consolidate.","breadcrumb":{"@id":"https:\/\/lookingforcharly.com\/it\/cera-una-volta-in-baviera\/#breadcrumb"},"inLanguage":"it-IT","potentialAction":[{"@type":"ReadAction","target":["https:\/\/lookingforcharly.com\/it\/cera-una-volta-in-baviera\/"]}]},{"@type":"ImageObject","inLanguage":"it-IT","@id":"https:\/\/lookingforcharly.com\/it\/cera-una-volta-in-baviera\/#primaryimage","url":"https:\/\/lookingforcharly.com\/wp-content\/uploads\/2024\/05\/La-Baviere.jpg","contentUrl":"https:\/\/lookingforcharly.com\/wp-content\/uploads\/2024\/05\/La-Baviere.jpg","width":1280,"height":961},{"@type":"BreadcrumbList","@id":"https:\/\/lookingforcharly.com\/it\/cera-una-volta-in-baviera\/#breadcrumb","itemListElement":[{"@type":"ListItem","position":1,"name":"Accueil","item":"https:\/\/lookingforcharly.com\/it\/"},{"@type":"ListItem","position":2,"name":"Europa","item":"https:\/\/lookingforcharly.com\/it\/europa\/"},{"@type":"ListItem","position":3,"name":"C&rsquo;era una volta in Baviera"}]},{"@type":"WebSite","@id":"https:\/\/lookingforcharly.com\/it\/#website","url":"https:\/\/lookingforcharly.com\/it\/","name":"Looking For Charly","description":"Exp\u00e9riences autour du monde","publisher":{"@id":"https:\/\/lookingforcharly.com\/it\/#organization"},"potentialAction":[{"@type":"SearchAction","target":{"@type":"EntryPoint","urlTemplate":"https:\/\/lookingforcharly.com\/it\/?s={search_term_string}"},"query-input":{"@type":"PropertyValueSpecification","valueRequired":true,"valueName":"search_term_string"}}],"inLanguage":"it-IT"},{"@type":"Organization","@id":"https:\/\/lookingforcharly.com\/it\/#organization","name":"Looking For Charly","alternateName":"L4C","url":"https:\/\/lookingforcharly.com\/it\/","logo":{"@type":"ImageObject","inLanguage":"it-IT","@id":"https:\/\/lookingforcharly.com\/it\/#\/schema\/logo\/image\/","url":"https:\/\/lookingforcharly.com\/wp-content\/uploads\/2024\/03\/cropped-cropped-Logo-Looking-for-Charly.png","contentUrl":"https:\/\/lookingforcharly.com\/wp-content\/uploads\/2024\/03\/cropped-cropped-Logo-Looking-for-Charly.png","width":512,"height":512,"caption":"Looking For Charly"},"image":{"@id":"https:\/\/lookingforcharly.com\/it\/#\/schema\/logo\/image\/"},"sameAs":["https:\/\/www.facebook.com\/lookingforcharly","https:\/\/www.instagram.com\/lookingforcharly\/","https:\/\/www.linkedin.com\/company\/looking-for-charly\/"]},{"@type":"Person","@id":"https:\/\/lookingforcharly.com\/it\/#\/schema\/person\/7fb1ea89bf2ffa5783a7f11778422101","name":"Daphne","image":{"@type":"ImageObject","inLanguage":"it-IT","@id":"https:\/\/lookingforcharly.com\/it\/#\/schema\/person\/image\/","url":"https:\/\/secure.gravatar.com\/avatar\/2ca706e3f813d28833c317a19f4cba15b3da298a104b03edf59c6cb7f563cfc5?s=96&d=mm&r=g","contentUrl":"https:\/\/secure.gravatar.com\/avatar\/2ca706e3f813d28833c317a19f4cba15b3da298a104b03edf59c6cb7f563cfc5?s=96&d=mm&r=g","caption":"Daphne"},"url":"https:\/\/lookingforcharly.com\/it\/author\/daphne\/"}]}},"_links":{"self":[{"href":"https:\/\/lookingforcharly.com\/it\/wp-json\/wp\/v2\/posts\/4458","targetHints":{"allow":["GET"]}}],"collection":[{"href":"https:\/\/lookingforcharly.com\/it\/wp-json\/wp\/v2\/posts"}],"about":[{"href":"https:\/\/lookingforcharly.com\/it\/wp-json\/wp\/v2\/types\/post"}],"author":[{"embeddable":true,"href":"https:\/\/lookingforcharly.com\/it\/wp-json\/wp\/v2\/users\/3"}],"replies":[{"embeddable":true,"href":"https:\/\/lookingforcharly.com\/it\/wp-json\/wp\/v2\/comments?post=4458"}],"version-history":[{"count":0,"href":"https:\/\/lookingforcharly.com\/it\/wp-json\/wp\/v2\/posts\/4458\/revisions"}],"wp:featuredmedia":[{"embeddable":true,"href":"https:\/\/lookingforcharly.com\/it\/wp-json\/wp\/v2\/media\/2351"}],"wp:attachment":[{"href":"https:\/\/lookingforcharly.com\/it\/wp-json\/wp\/v2\/media?parent=4458"}],"wp:term":[{"taxonomy":"category","embeddable":true,"href":"https:\/\/lookingforcharly.com\/it\/wp-json\/wp\/v2\/categories?post=4458"},{"taxonomy":"post_tag","embeddable":true,"href":"https:\/\/lookingforcharly.com\/it\/wp-json\/wp\/v2\/tags?post=4458"}],"curies":[{"name":"wp","href":"https:\/\/api.w.org\/{rel}","templated":true}]}}