{"id":4402,"date":"2021-12-22T10:25:00","date_gmt":"2021-12-22T09:25:00","guid":{"rendered":"https:\/\/tipi.beetrip.pro\/the-place-to-bling\/"},"modified":"2024-06-27T13:34:37","modified_gmt":"2024-06-27T11:34:37","slug":"the-place-to-bling-2","status":"publish","type":"post","link":"https:\/\/lookingforcharly.com\/it\/the-place-to-bling-2\/","title":{"rendered":"The Place to bling !"},"content":{"rendered":"\t\t<div data-elementor-type=\"wp-post\" data-elementor-id=\"4402\" class=\"elementor elementor-4402 elementor-2089\" data-elementor-post-type=\"post\">\n\t\t\t\t<div class=\"elementor-element elementor-element-2850888b e-flex e-con-boxed e-con e-parent\" data-id=\"2850888b\" data-element_type=\"container\" data-e-type=\"container\" data-settings=\"{&quot;background_background&quot;:&quot;classic&quot;}\">\n\t\t\t\t\t<div class=\"e-con-inner\">\n\t\t\t\t<div class=\"elementor-element elementor-element-299719b3 elementor-invisible elementor-widget elementor-widget-heading\" data-id=\"299719b3\" data-element_type=\"widget\" data-e-type=\"widget\" data-settings=\"{&quot;_animation&quot;:&quot;fadeIn&quot;}\" data-widget_type=\"heading.default\">\n\t\t\t\t<div class=\"elementor-widget-container\">\n\t\t\t\t\t<h1 class=\"elementor-heading-title elementor-size-default\">The Place to bling !<\/h1>\t\t\t\t<\/div>\n\t\t\t\t<\/div>\n\t\t\t\t<div class=\"elementor-element elementor-element-19d877a elementor-widget elementor-widget-post-info\" data-id=\"19d877a\" data-element_type=\"widget\" data-e-type=\"widget\" data-widget_type=\"post-info.default\">\n\t\t\t\t<div class=\"elementor-widget-container\">\n\t\t\t\t\t\t\t<ul class=\"elementor-inline-items elementor-icon-list-items elementor-post-info\">\n\t\t\t\t\t\t\t\t<li class=\"elementor-icon-list-item elementor-repeater-item-e7fd4d6 elementor-inline-item\" itemprop=\"about\">\n\t\t\t\t\t\t\t\t\t\t\t\t\t<span class=\"elementor-icon-list-text elementor-post-info__item elementor-post-info__item--type-terms\">\n\t\t\t\t\t\t\t\t\t\t<span class=\"elementor-post-info__terms-list\">\n\t\t\t\t<a href=\"https:\/\/lookingforcharly.com\/it\/medio-oriente\/\" class=\"elementor-post-info__terms-list-item\">Medio Oriente<\/a>\t\t\t\t<\/span>\n\t\t\t\t\t<\/span>\n\t\t\t\t\t\t\t\t<\/li>\n\t\t\t\t<li class=\"elementor-icon-list-item elementor-repeater-item-932e776 elementor-inline-item\" itemprop=\"datePublished\">\n\t\t\t\t\t\t\t\t\t\t\t\t\t<span class=\"elementor-icon-list-text elementor-post-info__item elementor-post-info__item--type-date\">\n\t\t\t\t\t\t\t<span class=\"elementor-post-info__item-prefix\">le<\/span>\n\t\t\t\t\t\t\t\t\t\t<time>22 December 2021<\/time>\t\t\t\t\t<\/span>\n\t\t\t\t\t\t\t\t<\/li>\n\t\t\t\t<\/ul>\n\t\t\t\t\t\t<\/div>\n\t\t\t\t<\/div>\n\t\t\t\t\t<\/div>\n\t\t\t\t<\/div>\n\t\t<div class=\"elementor-element elementor-element-9cc6b78 e-flex e-con-boxed e-con e-parent\" data-id=\"9cc6b78\" data-element_type=\"container\" data-e-type=\"container\">\n\t\t\t\t\t<div class=\"e-con-inner\">\n\t\t\t\t<div class=\"elementor-element elementor-element-e13ea5b elementor-widget elementor-widget-text-editor\" data-id=\"e13ea5b\" data-element_type=\"widget\" data-e-type=\"widget\" data-widget_type=\"text-editor.default\">\n\t\t\t\t<div class=\"elementor-widget-container\">\n\t\t\t\t\t\t\t\t\t<div><h5 style=\"text-align: center;\"><em>Pronti a partire per un viaggio intorno al mondo che ci insegna a progettare un futuro migliore ?<\/em><\/h5><h5 style=\"text-align: center;\"><span style=\"color: #bfa800;\"><strong><em>Per queste feste vi accompagnamo alla scoperta dell\u2019Expo 2020 di Dubai !<\/em><\/strong><\/span><\/h5><h5 style=\"text-align: center;\"><span style=\"color: #bfa800;\"><strong><em>Non vi siete ancora organizzati ? Affrettatevi ! Non vi resta che qualche mese per scoprirla.<\/em><\/strong><\/span><\/h5><h5 style=\"text-align: center;\"><em>Vere e proprie \u00ab olimpiadi dell\u2019architettura e del commercio\u00bb, come ci spiega uno degli organizzatori del \u201cPavillon fran\u00e7ais\u201d, che si svolgono come un concorso di bellezza !<\/em><\/h5><\/div><div><div><h5 style=\"text-align: center;\"><em>Con il titolo \u201cConnecting minds, creating the future\u201d, la manifestazione si propone come una gigantesca vetrina del mondo che verr\u00e0.<\/em><\/h5><h5 style=\"text-align: center;\"><em>Il Team di Charly vi accompagna nel ventre di questa celebrazione popolare organizzata per la prima volta in Medio Oriente.<\/em><\/h5><p>\u00a0<\/p><\/div><\/div>\t\t\t\t\t\t\t\t<\/div>\n\t\t\t\t<\/div>\n\t\t\t\t<div class=\"elementor-element elementor-element-d8b1f8d elementor-widget elementor-widget-image\" data-id=\"d8b1f8d\" data-element_type=\"widget\" data-e-type=\"widget\" data-widget_type=\"image.default\">\n\t\t\t\t<div class=\"elementor-widget-container\">\n\t\t\t\t\t\t\t\t\t\t\t\t\t\t\t\t<a href=\"http:\/\/lookingforcharly.com\/wp-content\/uploads\/2021\/12\/expo-vue-du-ciel-1.png\" data-elementor-open-lightbox=\"yes\" data-elementor-lightbox-title=\"expo-vue-du-ciel\" data-e-action-hash=\"#elementor-action%3Aaction%3Dlightbox%26settings%3DeyJpZCI6MjEwNywidXJsIjoiaHR0cHM6XC9cL2xvb2tpbmdmb3JjaGFybHkuY29tXC93cC1jb250ZW50XC91cGxvYWRzXC8yMDIxXC8xMlwvZXhwby12dWUtZHUtY2llbC0xLnBuZyJ9\">\n\t\t\t\t\t\t\t<img fetchpriority=\"high\" decoding=\"async\" width=\"699\" height=\"385\" src=\"https:\/\/lookingforcharly.com\/wp-content\/uploads\/2021\/12\/expo-vue-du-ciel-1.png\" class=\"attachment-full size-full wp-image-2107\" alt=\"\" srcset=\"https:\/\/lookingforcharly.com\/wp-content\/uploads\/2021\/12\/expo-vue-du-ciel-1.png 699w, https:\/\/lookingforcharly.com\/wp-content\/uploads\/2021\/12\/expo-vue-du-ciel-1-300x165.png 300w\" sizes=\"(max-width: 699px) 100vw, 699px\" \/>\t\t\t\t\t\t\t\t<\/a>\n\t\t\t\t\t\t\t\t\t\t\t\t\t\t\t<\/div>\n\t\t\t\t<\/div>\n\t\t\t\t<div class=\"elementor-element elementor-element-c7da0ed elementor-widget elementor-widget-heading\" data-id=\"c7da0ed\" data-element_type=\"widget\" data-e-type=\"widget\" data-widget_type=\"heading.default\">\n\t\t\t\t<div class=\"elementor-widget-container\">\n\t\t\t\t\t<h3 class=\"elementor-heading-title elementor-size-default\">Ma, che cosa \u00e8 l\u2019Esposizione Universale ?<\/h3>\t\t\t\t<\/div>\n\t\t\t\t<\/div>\n\t\t\t\t<div class=\"elementor-element elementor-element-c695db4 elementor-widget elementor-widget-text-editor\" data-id=\"c695db4\" data-element_type=\"widget\" data-e-type=\"widget\" data-widget_type=\"text-editor.default\">\n\t\t\t\t<div class=\"elementor-widget-container\">\n\t\t\t\t\t\t\t\t\t<div style=\"text-align: justify;\"><div class=\"et_pb_row et_pb_row_1\"><div class=\"et_pb_column et_pb_column_4_4 et_pb_column_1  et_pb_css_mix_blend_mode_passthrough et-last-child\"><div class=\"et_pb_module et_pb_image et_pb_image_0\">\u00a0<\/div><div><div><div><p>Prima di tutto \u00e8 un immenso luogo di incontro, un appuntamento fisso ogni 5 anni. \u201cL\u2019Esposizione Universale \u00e8 una manifestazione di natura non commerciale, mirata a creare una piattaforma per un dialogo internazionale tra i cittadini, i Paesi e le istituzioni intorno a un tema d\u2019attualit\u00e0 e di interesse universale\u201d, cos\u00ec il sito ufficiale dell\u2019Expo definisce questa espressione.\u00a0<\/p><p>Un evento che permette di approfondire successi e traguardi raggiunti dall\u2019umanit\u00e0. Un momento di condivisione e sensibilizzazione del popolo su un tema specifico e di interesse comune.<\/p><p>Opportunity, Mobility e Sustainability. I tre padiglioni tematici. Con le loro esposizioni multimediali, ad altissimo contenuto tecnologico, sono il biglietto da visita di questo Expo 2020 nonch\u00e9 le tre aree in cui \u00e8 suddivisa l\u2019esposizione. Non c\u2019\u00e8 un ordine in cui vedere il tutto: certo \u00e8 che il Mobility Pavilion, Alif ovvero la prima lettera dell\u2019alfabeto arabo, \u00e8 quello dall\u2019architettura pi\u00f9 ardita e interessante, firmato dell\u2019archistar Norman Foster. Le curve e sinuosit\u00e0 sono gi\u00e0 l\u2019introduzione a un viaggio nel futuro. Edizione posticipata dal 2020 al 2021, \u00e8 il pi\u00f9 grande evento aperto al pubblico dopo la crisi sanitaria e coincide con il Giubileo d\u2019oro degli Emirati Arabi Uniti (i primi 50 anni di vita del paese). I grandi nomi dell\u2019architettura mondiale si danno appuntamento a Dubai e si misurano a colpi di arte e creativit\u00e0.<\/p><\/div><\/div><\/div><\/div><\/div><div><p><span style=\"color: #bfa800;\"><strong>La nostra esperta Simonetta ci svela, dopo aver visitato l\u2019Esposizione Universale in lungo ed in largo, i padiglioni da non perdere assolutamente :<\/strong><\/span><\/p><p>\u00a0<\/p><\/div><\/div>\t\t\t\t\t\t\t\t<\/div>\n\t\t\t\t<\/div>\n\t\t\t\t<div class=\"elementor-element elementor-element-c9e1722 elementor-widget elementor-widget-image\" data-id=\"c9e1722\" data-element_type=\"widget\" data-e-type=\"widget\" data-widget_type=\"image.default\">\n\t\t\t\t<div class=\"elementor-widget-container\">\n\t\t\t\t\t\t\t\t\t\t\t\t\t\t\t\t<a href=\"http:\/\/lookingforcharly.com\/wp-content\/uploads\/2021\/12\/Saudi-Pavilion-@Alefa-Press-1.jpeg\" data-elementor-open-lightbox=\"yes\" data-elementor-lightbox-title=\"Saudi-Pavilion-@Alefa-Press-1\" data-e-action-hash=\"#elementor-action%3Aaction%3Dlightbox%26settings%3DeyJpZCI6MjExMCwidXJsIjoiaHR0cHM6XC9cL2xvb2tpbmdmb3JjaGFybHkuY29tXC93cC1jb250ZW50XC91cGxvYWRzXC8yMDIxXC8xMlwvU2F1ZGktUGF2aWxpb24tQEFsZWZhLVByZXNzLTEuanBlZyJ9\">\n\t\t\t\t\t\t\t<img decoding=\"async\" width=\"1200\" height=\"707\" src=\"https:\/\/lookingforcharly.com\/wp-content\/uploads\/2021\/12\/Saudi-Pavilion-@Alefa-Press-1.jpeg\" class=\"attachment-full size-full wp-image-2110\" alt=\"\" srcset=\"https:\/\/lookingforcharly.com\/wp-content\/uploads\/2021\/12\/Saudi-Pavilion-@Alefa-Press-1.jpeg 1200w, https:\/\/lookingforcharly.com\/wp-content\/uploads\/2021\/12\/Saudi-Pavilion-@Alefa-Press-1-300x177.jpeg 300w, https:\/\/lookingforcharly.com\/wp-content\/uploads\/2021\/12\/Saudi-Pavilion-@Alefa-Press-1-1024x603.jpeg 1024w, https:\/\/lookingforcharly.com\/wp-content\/uploads\/2021\/12\/Saudi-Pavilion-@Alefa-Press-1-768x452.jpeg 768w\" sizes=\"(max-width: 1200px) 100vw, 1200px\" \/>\t\t\t\t\t\t\t\t<\/a>\n\t\t\t\t\t\t\t\t\t\t\t\t\t\t\t<\/div>\n\t\t\t\t<\/div>\n\t\t\t\t<div class=\"elementor-element elementor-element-36e685f elementor-widget elementor-widget-text-editor\" data-id=\"36e685f\" data-element_type=\"widget\" data-e-type=\"widget\" data-widget_type=\"text-editor.default\">\n\t\t\t\t<div class=\"elementor-widget-container\">\n\t\t\t\t\t\t\t\t\t<p><em>Saudi Pavilion @Alefa Press<\/em><\/p>\n\t\t\t\t\t\t\t\t<\/div>\n\t\t\t\t<\/div>\n\t\t\t\t<div class=\"elementor-element elementor-element-624c97f elementor-widget elementor-widget-text-editor\" data-id=\"624c97f\" data-element_type=\"widget\" data-e-type=\"widget\" data-widget_type=\"text-editor.default\">\n\t\t\t\t<div class=\"elementor-widget-container\">\n\t\t\t\t\t\t\t\t\t<div><p style=\"text-align: justify;\"><strong><span style=\"color: #bfa800;\">Arabia Saoudita :<\/span><\/strong> ha vinto numerosi premi ancora prima di aprire al pubblico, con 13 000 m2, \u00e8 il pavillon pi\u00f9 grande dopo quello dei padroni di casa, gli Emirati Arabi Uniti. Dotato di un pavimento interattivo con 7.798 luci, un display a LED di 68 metri che proietta cinque ecosistemi che vanno dai mari, ai deserti, alle montagne su uno schermo curvo. La visita all\u2019interno \u00e8 organizzata come un viaggio digitale iper-immersivo nella storia e nella cultura dell\u2019Arabia Saudita.<\/p><p style=\"text-align: justify;\">Il Padiglione \u00e8 stato progettato da Boris Micka Associate e ha utilizzato il 41% di materiali provenienti da fonti sostenibili e l\u201982% dei rifiuti edili \u00e8 stato riciclato.<\/p><p style=\"text-align: justify;\">Un parallelepipedo che parte ben ancorato a terra ma che punta verso il futuro, una forma semplice ma incisiva che racconta un po\u2019 le aspirazioni di un Paese che si vuole aprire al mondo. La facciata in vetro funge anche da tettoia, creando l\u2019ombra per i visitatori in coda, gli schermi integrati, spenti durante il giorno, fanno da specchio e riflettono l\u2019intera piazza. Imperdibile !<\/p><p>\u00a0<\/p><\/div>\t\t\t\t\t\t\t\t<\/div>\n\t\t\t\t<\/div>\n\t\t\t\t<div class=\"elementor-element elementor-element-e59e3ff elementor-widget elementor-widget-image\" data-id=\"e59e3ff\" data-element_type=\"widget\" data-e-type=\"widget\" data-widget_type=\"image.default\">\n\t\t\t\t<div class=\"elementor-widget-container\">\n\t\t\t\t\t\t\t\t\t\t\t\t\t\t\t\t<a href=\"http:\/\/lookingforcharly.com\/wp-content\/uploads\/2021\/12\/German-Pavillon\u00a9-www.keller-fotografie.de_-1.jpeg\" data-elementor-open-lightbox=\"yes\" data-elementor-lightbox-title=\"German-Pavillon\u00a9-www.keller-fotografie.de_-1\" data-e-action-hash=\"#elementor-action%3Aaction%3Dlightbox%26settings%3DeyJpZCI6MjExMywidXJsIjoiaHR0cHM6XC9cL2xvb2tpbmdmb3JjaGFybHkuY29tXC93cC1jb250ZW50XC91cGxvYWRzXC8yMDIxXC8xMlwvR2VybWFuLVBhdmlsbG9uXHUwMGE5LXd3dy5rZWxsZXItZm90b2dyYWZpZS5kZV8tMS5qcGVnIn0%3D\">\n\t\t\t\t\t\t\t<img decoding=\"async\" width=\"870\" height=\"544\" src=\"https:\/\/lookingforcharly.com\/wp-content\/uploads\/2021\/12\/German-Pavillon\u00a9-www.keller-fotografie.de_-1.jpeg\" class=\"attachment-full size-full wp-image-2113\" alt=\"\" srcset=\"https:\/\/lookingforcharly.com\/wp-content\/uploads\/2021\/12\/German-Pavillon\u00a9-www.keller-fotografie.de_-1.jpeg 870w, https:\/\/lookingforcharly.com\/wp-content\/uploads\/2021\/12\/German-Pavillon\u00a9-www.keller-fotografie.de_-1-300x188.jpeg 300w, https:\/\/lookingforcharly.com\/wp-content\/uploads\/2021\/12\/German-Pavillon\u00a9-www.keller-fotografie.de_-1-768x480.jpeg 768w\" sizes=\"(max-width: 870px) 100vw, 870px\" \/>\t\t\t\t\t\t\t\t<\/a>\n\t\t\t\t\t\t\t\t\t\t\t\t\t\t\t<\/div>\n\t\t\t\t<\/div>\n\t\t\t\t<div class=\"elementor-element elementor-element-6e2eb52 elementor-widget elementor-widget-text-editor\" data-id=\"6e2eb52\" data-element_type=\"widget\" data-e-type=\"widget\" data-widget_type=\"text-editor.default\">\n\t\t\t\t<div class=\"elementor-widget-container\">\n\t\t\t\t\t\t\t\t\t<div>\n<div>\n<div>\n<p><em>\u00a9keller-fotografie.de<\/em><\/p>\n<\/div>\n<\/div>\n<\/div>\n\t\t\t\t\t\t\t\t<\/div>\n\t\t\t\t<\/div>\n\t\t\t\t<div class=\"elementor-element elementor-element-482a838 elementor-widget elementor-widget-text-editor\" data-id=\"482a838\" data-element_type=\"widget\" data-e-type=\"widget\" data-widget_type=\"text-editor.default\">\n\t\t\t\t<div class=\"elementor-widget-container\">\n\t\t\t\t\t\t\t\t\t<p style=\"text-align: justify;\"><strong><span style=\"color: #bfa800;\">Padiglione Germania<\/span><\/strong>\u00a0ntitolato \u201cCampus Germany\u201d e progettato come fosse un campus universitario, impostato su conoscenza e ricerca allo scopo di presentare un\u2019immagine moderna di un paese rivolto verso l\u2019avvenire. La Germania \u00e8 leader mondiale della sostenibilit\u00e0, sono loro che l\u2019hanno inventata e qui \u00e8 nata la rivoluzione energetica. Sarete guidati e informati durante il percorso da un sistema di assistenza intelligente chiamato \u201cIAMU\u201d, che \u00e8 stato\u00a0 presentato per la prima volta proprio qui, all\u2019Expo di Dubai. All\u2019entrata del Padiglione il gioco comincia, raccogliete\u00a0 una palina, tra le 155.000 presenti, contenente un messaggio sulla sostenibilit\u00e0, che poi scoprirete solo percorrendo tutto il Padiglione.\u00a0\u201cCi concentriamo pi\u00f9 sulla qualit\u00e0 e non la quantit\u00e0, perch\u00e9 per noi \u00e8 pi\u00f9 importante che il messaggio del padiglione sia comprensibile, che le persone abbiano tempo per provare tutte le esperienze e le innovazioni tecnologiche che mostriamo\u201d, ha detto in conferenza stampa\u00a0il vice commissario generale per la Germania a Expo e direttore del padiglione tedesco, Sebastian Rosito.<\/p><p style=\"text-align: justify;\">Progettato da LAVA (Laboratory for Visionary Architecture), questa visita sar\u00e0 un vero e proprio viaggio interattivo attraverso il mondo della sostenibilit\u00e0. Incredibile !<\/p><p>\u00a0<\/p>\t\t\t\t\t\t\t\t<\/div>\n\t\t\t\t<\/div>\n\t\t\t\t<div class=\"elementor-element elementor-element-f115dfe elementor-widget elementor-widget-image\" data-id=\"f115dfe\" data-element_type=\"widget\" data-e-type=\"widget\" data-widget_type=\"image.default\">\n\t\t\t\t<div class=\"elementor-widget-container\">\n\t\t\t\t\t\t\t\t\t\t\t\t\t\t\t\t<a href=\"http:\/\/lookingforcharly.com\/wp-content\/uploads\/2021\/12\/Maroc@OUALALOU___CHOI_and_Metrochrome-1.jpeg\" data-elementor-open-lightbox=\"yes\" data-elementor-lightbox-title=\"Maroc@OUALALOU___CHOI_and_Metrochrome-1\" data-e-action-hash=\"#elementor-action%3Aaction%3Dlightbox%26settings%3DeyJpZCI6MjExNiwidXJsIjoiaHR0cHM6XC9cL2xvb2tpbmdmb3JjaGFybHkuY29tXC93cC1jb250ZW50XC91cGxvYWRzXC8yMDIxXC8xMlwvTWFyb2NAT1VBTEFMT1VfX19DSE9JX2FuZF9NZXRyb2Nocm9tZS0xLmpwZWcifQ%3D%3D\">\n\t\t\t\t\t\t\t<img loading=\"lazy\" decoding=\"async\" width=\"929\" height=\"1000\" src=\"https:\/\/lookingforcharly.com\/wp-content\/uploads\/2021\/12\/Maroc@OUALALOU___CHOI_and_Metrochrome-1.jpeg\" class=\"attachment-full size-full wp-image-2116\" alt=\"\" srcset=\"https:\/\/lookingforcharly.com\/wp-content\/uploads\/2021\/12\/Maroc@OUALALOU___CHOI_and_Metrochrome-1.jpeg 929w, https:\/\/lookingforcharly.com\/wp-content\/uploads\/2021\/12\/Maroc@OUALALOU___CHOI_and_Metrochrome-1-279x300.jpeg 279w, https:\/\/lookingforcharly.com\/wp-content\/uploads\/2021\/12\/Maroc@OUALALOU___CHOI_and_Metrochrome-1-768x827.jpeg 768w\" sizes=\"(max-width: 929px) 100vw, 929px\" \/>\t\t\t\t\t\t\t\t<\/a>\n\t\t\t\t\t\t\t\t\t\t\t\t\t\t\t<\/div>\n\t\t\t\t<\/div>\n\t\t\t\t<div class=\"elementor-element elementor-element-02441a0 elementor-widget elementor-widget-text-editor\" data-id=\"02441a0\" data-element_type=\"widget\" data-e-type=\"widget\" data-widget_type=\"text-editor.default\">\n\t\t\t\t<div class=\"elementor-widget-container\">\n\t\t\t\t\t\t\t\t\t<div>\n<div>\n<div>\n<div><em>@OUALALOU&amp;CHOI&amp;Metrochrome<\/em><\/div>\n<\/div>\n<\/div>\n<\/div>\n\t\t\t\t\t\t\t\t<\/div>\n\t\t\t\t<\/div>\n\t\t\t\t<div class=\"elementor-element elementor-element-1dfff04 elementor-widget elementor-widget-text-editor\" data-id=\"1dfff04\" data-element_type=\"widget\" data-e-type=\"widget\" data-widget_type=\"text-editor.default\">\n\t\t\t\t<div class=\"elementor-widget-container\">\n\t\t\t\t\t\t\t\t\t<div><p style=\"text-align: justify;\">Salite fino al settimo piano, la vista da lass\u00f9 \u00e8 incredibile! Il padiglione pi\u00f9 alto di tutta l\u2019Expo, quello\u00a0del\u00a0<strong><span style=\"color: #bfa800;\">Marocco<\/span><\/strong>, ci mostra la visione strategica verso un mondo pi\u00f9 sostenibile per il futuro del pianeta. L\u2019immersione nel paese qui \u00e8 davvero totale, tutto ruota intorno ad un prodigo albero di\u00a0argan, emblema del patrimonio naturale e culturale del paese. L\u2019albero, che produce il famoso olio usato nella cosmesi,\u00a0cattura CO2, combatte la desertificazione, promuove il lavoro delle donne e offre un modello di agricoltura sostenibile e solidale.\u00a0<\/p><p style=\"text-align: justify;\">Un padiglione bellissimo, realizzato in un materiale tanto antico quanto innovativo: la terra cruda, per rendere omaggio al savoir faire artigianale e alle tecniche di costruzione tradizionali, tutte idonee alla sostenibilit\u00e0 che l\u2019architettura contemporanea ricerca. L\u2019idea, sostenuta dal progettista e architetto Tarik Oualalou, mira infatti a enfatizzare la terra cruda come efficace isolante, in grado di contribuire attivamente al condizionamento dell\u2019edificio.<\/p><p style=\"text-align: justify;\">Il Marocco punta a mostrare al pubblico il suo impegno per un futuro sostenibile. Progettato come un villaggio costruito in argilla, al suo interno troverete anche una riproduzione delle medine cos\u00ec da vivere la sensazione di trovarsi davvero in Marocco! Esotico !<\/p><p>\u00a0<\/p><\/div>\t\t\t\t\t\t\t\t<\/div>\n\t\t\t\t<\/div>\n\t\t\t\t<div class=\"elementor-element elementor-element-9432130 elementor-widget elementor-widget-image\" data-id=\"9432130\" data-element_type=\"widget\" data-e-type=\"widget\" data-widget_type=\"image.default\">\n\t\t\t\t<div class=\"elementor-widget-container\">\n\t\t\t\t\t\t\t\t\t\t\t\t\t\t\t\t<a href=\"http:\/\/lookingforcharly.com\/wp-content\/uploads\/2021\/12\/@calatrava.com_-1280x548-1.png\" data-elementor-open-lightbox=\"yes\" data-elementor-lightbox-title=\"@calatrava.com_-1280x548\" data-e-action-hash=\"#elementor-action%3Aaction%3Dlightbox%26settings%3DeyJpZCI6MjExOSwidXJsIjoiaHR0cHM6XC9cL2xvb2tpbmdmb3JjaGFybHkuY29tXC93cC1jb250ZW50XC91cGxvYWRzXC8yMDIxXC8xMlwvQGNhbGF0cmF2YS5jb21fLTEyODB4NTQ4LTEucG5nIn0%3D\">\n\t\t\t\t\t\t\t<img loading=\"lazy\" decoding=\"async\" width=\"1280\" height=\"548\" src=\"https:\/\/lookingforcharly.com\/wp-content\/uploads\/2021\/12\/@calatrava.com_-1280x548-1.png\" class=\"attachment-full size-full wp-image-2119\" alt=\"\" srcset=\"https:\/\/lookingforcharly.com\/wp-content\/uploads\/2021\/12\/@calatrava.com_-1280x548-1.png 1280w, https:\/\/lookingforcharly.com\/wp-content\/uploads\/2021\/12\/@calatrava.com_-1280x548-1-300x128.png 300w, https:\/\/lookingforcharly.com\/wp-content\/uploads\/2021\/12\/@calatrava.com_-1280x548-1-1024x438.png 1024w, https:\/\/lookingforcharly.com\/wp-content\/uploads\/2021\/12\/@calatrava.com_-1280x548-1-768x329.png 768w\" sizes=\"(max-width: 1280px) 100vw, 1280px\" \/>\t\t\t\t\t\t\t\t<\/a>\n\t\t\t\t\t\t\t\t\t\t\t\t\t\t\t<\/div>\n\t\t\t\t<\/div>\n\t\t\t\t<div class=\"elementor-element elementor-element-6d18326 elementor-widget elementor-widget-text-editor\" data-id=\"6d18326\" data-element_type=\"widget\" data-e-type=\"widget\" data-widget_type=\"text-editor.default\">\n\t\t\t\t<div class=\"elementor-widget-container\">\n\t\t\t\t\t\t\t\t\t<p><em>@calatrava.com<\/em><\/p>\n\t\t\t\t\t\t\t\t<\/div>\n\t\t\t\t<\/div>\n\t\t\t\t<div class=\"elementor-element elementor-element-aa4042b elementor-widget elementor-widget-text-editor\" data-id=\"aa4042b\" data-element_type=\"widget\" data-e-type=\"widget\" data-widget_type=\"text-editor.default\">\n\t\t\t\t<div class=\"elementor-widget-container\">\n\t\t\t\t\t\t\t\t\t<p style=\"text-align: justify;\"><strong><span style=\"color: #bfa800;\">il Padiglione del paese ospitante<\/span><\/strong>, creato dal visionario architetto Santiago Calatrava, \u00e8 forse il primo della lista di Charly. Ispirato alla forma del falco in volo, simbolo nazionale del paese per il suo spirito coraggioso ed audace.<\/p><p style=\"text-align: justify;\">All\u2019interno scoprirete il passato culturale del paese e gli obiettivi futuri degli Emirati Arabi Uniti, per costruire una societ\u00e0 sviluppata, culturale e pacifica. Un padiglione da 15.000 m2, totalmente composto da materiali locali eco sostenibili e durevoli. Minimizza lo spreco di energia e di consumo d\u2019acqua e ottimizza al suo interno la qualit\u00e0 dell\u2019aria. Il falco, di un bianco abbagliante \u00e8 circondato da un meraviglioso giardino composto da migliaia di piante e alberi tipici della zona. Emozionante !<\/p><p>\u00a0<\/p>\t\t\t\t\t\t\t\t<\/div>\n\t\t\t\t<\/div>\n\t\t\t\t<div class=\"elementor-element elementor-element-015e1a9 elementor-widget elementor-widget-image\" data-id=\"015e1a9\" data-element_type=\"widget\" data-e-type=\"widget\" data-widget_type=\"image.default\">\n\t\t\t\t<div class=\"elementor-widget-container\">\n\t\t\t\t\t\t\t\t\t\t\t\t\t\t\t<img decoding=\"async\" src=\"https:\/\/lookingforcharly.com\/wp-content\/uploads\/2021\/12\/Netherlands-Pavilion-EXPO-2020-Dubai-@Jeroen-Musch-V8-Architects.jpg-1.webp\" title=\"Netherlands-Pavilion-EXPO-2020-Dubai-@Jeroen-Musch-V8-Architects.jpg-1\" alt=\"Netherlands-Pavilion-EXPO-2020-Dubai-@Jeroen-Musch-V8-Architects.jpg-1\" loading=\"lazy\" \/>\t\t\t\t\t\t\t\t\t\t\t\t\t\t\t<\/div>\n\t\t\t\t<\/div>\n\t\t\t\t<div class=\"elementor-element elementor-element-9a25eed elementor-widget elementor-widget-text-editor\" data-id=\"9a25eed\" data-element_type=\"widget\" data-e-type=\"widget\" data-widget_type=\"text-editor.default\">\n\t\t\t\t<div class=\"elementor-widget-container\">\n\t\t\t\t\t\t\t\t\t<div>\n<div>\n<div>\n<div><em>@V8-Architects\u00a9Jeroen-Musch<\/em><\/div>\n<\/div>\n<\/div>\n<\/div>\n\t\t\t\t\t\t\t\t<\/div>\n\t\t\t\t<\/div>\n\t\t\t\t<div class=\"elementor-element elementor-element-46e4119 elementor-widget elementor-widget-text-editor\" data-id=\"46e4119\" data-element_type=\"widget\" data-e-type=\"widget\" data-widget_type=\"text-editor.default\">\n\t\t\t\t<div class=\"elementor-widget-container\">\n\t\t\t\t\t\t\t\t\t<p style=\"text-align: justify;\">Imagin un sistema circolare temporaneo capace di produrre da solo acqua, energia e cibo, ma che una volta dismesso non lascer\u00e0 traccia di s\u00e9: ecco cos\u2019\u00e8 il <strong><span style=\"color: #bfa800;\">Padiglione dei Paesi Bassi<\/span><\/strong> per Expo 2020, il biotopo che collega acqua, energia e cibo. L\u2019 innovatore e artista olandese Ap Verheggen e il suo team sono le persone che stanno dietro alla tecnologia SunGlacier, che rende possibile l\u2019impresa water-from-air ossia creare una bottiglia d\u2019acqua utilizzando esclusivamente l\u2019aria.<\/p><p style=\"text-align: justify;\">La tecnologia acqua-aria ad energia solare consentir\u00e0 di produrre cibo in futuro senza dipendere da piogge, fiumi o altre fonti tradizionali di acqua.<\/p><p style=\"text-align: justify;\">Un sistema climatico temporaneo e circolare in cui l\u2019acqua viene raccolta dall\u2019aria, l\u2019energia \u00e8 prodotta dal sole e le piante commestibili sono coltivate in loco. Il Padiglione olandese \u00e8 concepito come una vetrina della sostenibilit\u00e0 che vi offrir\u00e0 un\u2019esperienza sensoriale unica. Rassicurante!<\/p><div>\u00a0<\/div>\t\t\t\t\t\t\t\t<\/div>\n\t\t\t\t<\/div>\n\t\t\t\t<div class=\"elementor-element elementor-element-0bc7a42 elementor-widget elementor-widget-image\" data-id=\"0bc7a42\" data-element_type=\"widget\" data-e-type=\"widget\" data-widget_type=\"image.default\">\n\t\t\t\t<div class=\"elementor-widget-container\">\n\t\t\t\t\t\t\t\t\t\t\t\t\t\t\t<img decoding=\"async\" src=\"https:\/\/lookingforcharly.com\/wp-content\/uploads\/2021\/12\/@HubBrussels-1.jpeg\" title=\"@HubBrussels-1\" alt=\"@HubBrussels-1\" loading=\"lazy\" \/>\t\t\t\t\t\t\t\t\t\t\t\t\t\t\t<\/div>\n\t\t\t\t<\/div>\n\t\t\t\t<div class=\"elementor-element elementor-element-66d5c93 elementor-widget elementor-widget-text-editor\" data-id=\"66d5c93\" data-element_type=\"widget\" data-e-type=\"widget\" data-widget_type=\"text-editor.default\">\n\t\t\t\t<div class=\"elementor-widget-container\">\n\t\t\t\t\t\t\t\t\t<div>\n<div>\n<div>\n<div><em>@HubBrussels<\/em><\/div>\n<\/div>\n<\/div>\n<\/div>\n\t\t\t\t\t\t\t\t<\/div>\n\t\t\t\t<\/div>\n\t\t\t\t<div class=\"elementor-element elementor-element-1b6d490 elementor-widget elementor-widget-text-editor\" data-id=\"1b6d490\" data-element_type=\"widget\" data-e-type=\"widget\" data-widget_type=\"text-editor.default\">\n\t\t\t\t<div class=\"elementor-widget-container\">\n\t\t\t\t\t\t\t\t\t<div><p>Si chiama Green Arch il <strong><span style=\"color: #bfa800;\">Padiglione del Belgio<\/span><\/strong> progettato da Callebaut, con il quale il Paese mostrer\u00e0 al mondo come saranno mobilit\u00e0 e citt\u00e0 smart nel 2050. Godetevi una birra fresca sulla sua terrazza al calar del sole, che sparir\u00e0 proprio dietro il \u00abGyronef\u00bb, l\u2019elicottero di Bob et Bobette, realizzato con rottami metallici riciclati. La scultura, fa parte del progetto W.A.S.T.E. \u2013 Will Art Save The Ecosystem \u2013 progetto che, sensibilizza attraverso l\u2019arte all\u2019economia circolare.<\/p><p>Il padiglione \u00e8 un esempio di architettura che segue i principi dell\u2019economia circolare, essendo realizzato con materiali riciclati recuperati in loco ed \u00e8 stato concepito per essere facilmente trasportato e smontato alla fine dell\u2019evento.<br \/>E\u2019 stato progettato sotto forma di arco verde che copre un\u2019area di 500 metri quadrati, per offrire ai visitatori uno spaccato delle future realizzazioni industriali e tecniche del paese. Sorprendente !\u00a0<\/p><p>\u00a0<\/p><\/div>\t\t\t\t\t\t\t\t<\/div>\n\t\t\t\t<\/div>\n\t\t\t\t<div class=\"elementor-element elementor-element-fec0e96 elementor-widget elementor-widget-image\" data-id=\"fec0e96\" data-element_type=\"widget\" data-e-type=\"widget\" data-widget_type=\"image.default\">\n\t\t\t\t<div class=\"elementor-widget-container\">\n\t\t\t\t\t\t\t\t\t\t\t\t\t\t\t<img decoding=\"async\" src=\"https:\/\/lookingforcharly.com\/wp-content\/uploads\/2021\/12\/@FosterPartnersMobility-1-1280x719-1.jpeg\" title=\"@FosterPartnersMobility-1-1280&#215;719\" alt=\"@FosterPartnersMobility-1-1280x719\" loading=\"lazy\" \/>\t\t\t\t\t\t\t\t\t\t\t\t\t\t\t<\/div>\n\t\t\t\t<\/div>\n\t\t\t\t<div class=\"elementor-element elementor-element-93658ca elementor-widget elementor-widget-text-editor\" data-id=\"93658ca\" data-element_type=\"widget\" data-e-type=\"widget\" data-widget_type=\"text-editor.default\">\n\t\t\t\t<div class=\"elementor-widget-container\">\n\t\t\t\t\t\t\t\t\t<p><em>@Foster+Partners<\/em><\/p>\n\t\t\t\t\t\t\t\t<\/div>\n\t\t\t\t<\/div>\n\t\t\t\t<div class=\"elementor-element elementor-element-5ede98e elementor-widget elementor-widget-text-editor\" data-id=\"5ede98e\" data-element_type=\"widget\" data-e-type=\"widget\" data-widget_type=\"text-editor.default\">\n\t\t\t\t<div class=\"elementor-widget-container\">\n\t\t\t\t\t\t\t\t\t<p style=\"text-align: justify;\">Alif il <strong><span style=\"color: #bfa800;\">padiglione della \u00ab mobilit\u00e0 \u00bb<\/span><\/strong>, immaginato dal pluripremiato e mitico studio Foster &amp; Partners, ospita al suo interno il pi\u00f9 largo ascensore mai realizzato al mondo. Pu\u00f2\u2019 trasportare fino a 160 passeggeri a viaggio e contribuisce a condividere il messaggio pi\u00f9 importante che sta alla base del concept di questa tematica; la proiezione di uno scambio di beni, servizi e idee sempre pi\u00f9 rapido e continuo.<\/p><p style=\"text-align: justify;\">Vi sentirete piccoli piccoli al cospetto di figure fotorealistiche alte nove metri che rappresentano un antico navigatore; Ahmad Ibn Majid \u201cIl Leone del Mare\u201d, o i celebre Ibn Battuta, grande viaggiatore del XIV secolo, che scrisse un libro sulle sue avventure, \u201cLa Ri\u1e25la\u201d (\u201cI viaggi\u201d). Il Padiglione della Mobilit\u00e0 rende omaggio a queste \u201cgigantesche\u201d personalit\u00e0 arabe che hanno contribuito a guidare la mobilit\u00e0 globale attraverso i secoli fino ad arrivare ai giorni nostri.<\/p><p style=\"text-align: justify;\">Se la pandemia ha contribuito a sottolineare quanto le connessioni siano importanti e fondamentali per vivere le relazioni di ogni giorno, cos\u00ec il padiglione della Mobilit\u00e0 definisce e si confronta sugli orizzonti che ci guidano verso il progresso nello spostamento fisico ma anche e soprattutto nello scambio di idee e informazioni, per renderci una comunit\u00e0 globale sempre pi\u00f9 connessa. Veicoli in auto-drive, viaggi spaziali, la narrazione da parte degli Emirati Arabi Uniti della missione su Marte e tanto altro, fanno di questo padiglione un vero e proprio salto nel tempo. Futuristico !<\/p><p>\u00a0<\/p>\t\t\t\t\t\t\t\t<\/div>\n\t\t\t\t<\/div>\n\t\t\t\t<div class=\"elementor-element elementor-element-2c8d220 elementor-widget elementor-widget-image\" data-id=\"2c8d220\" data-element_type=\"widget\" data-e-type=\"widget\" data-widget_type=\"image.default\">\n\t\t\t\t<div class=\"elementor-widget-container\">\n\t\t\t\t\t\t\t\t\t\t\t\t\t\t\t<img decoding=\"async\" src=\"https:\/\/lookingforcharly.com\/wp-content\/uploads\/2021\/12\/dubai-Expo-dome-principal-1.jpg\" title=\"dubai-Expo-dome-principal-1\" alt=\"dubai-Expo-dome-principal-1\" loading=\"lazy\" \/>\t\t\t\t\t\t\t\t\t\t\t\t\t\t\t<\/div>\n\t\t\t\t<\/div>\n\t\t\t\t<div class=\"elementor-element elementor-element-bb32d7d elementor-widget elementor-widget-text-editor\" data-id=\"bb32d7d\" data-element_type=\"widget\" data-e-type=\"widget\" data-widget_type=\"text-editor.default\">\n\t\t\t\t<div class=\"elementor-widget-container\">\n\t\t\t\t\t\t\t\t\t<div><div><div><p style=\"text-align: justify;\">E se tutto questo non vi basta, vi consigliamo una pausa rinfrescante al Water Feature per poi ripartire alla conquista dei padiglioni Giappone, Finlandia, Regno Unito, Singapore, Australia e (ovviamente di parte) il Padiglione Italia, disegnato da Carlo Ratti, Italo Rota e Mario Gatto, nato dall\u2019idea di mettere in scena con creativit\u00e0 e innovazione \u201cla bellezza che unisce le persone\u201d.<\/p><p style=\"text-align: justify;\">Viaggiare per molti di noi significa profumo di paesi lontani, tra l\u2019eccesso di Dubai e l\u2019originalit\u00e0 dei vari padiglioni (pi\u00f9 di 191 paesi partecipanti), questa fuga vi soddisfer\u00e0. Ma, se cos\u00ec\u2019 non fosse, volare da Dubai verso Oman o Zanzibar \u00e8 facile e comodo, per finire in bellezza tra relax e natura.<\/p><p style=\"text-align: justify;\">Perch\u00e9 sia possibile tutto ci\u00f2\u2019, gli emirati devono restare aperti, connessi con il resto del mondo e mantenere il controllo sanitario. Le due compagnie aeree di bandiera, Emirates ed Etihad, offrono un entrata all\u2019Expo 2020 a tutti i loro passeggeri.<\/p><p style=\"text-align: justify;\">Per accedere agli Emirati Arabi Uniti dovrete essere vaccinati e avere un test PCR negativo fatto prima della partenza.<\/p><p style=\"text-align: justify;\">L\u2019Expo si trova a qualche km da Dubai e a circa 45 minuti da Abu Dhabi &#8211; Orari: da sabato a mercoled\u00ec: dalle 10.00 a mezzanotte \/\/ gioved\u00ec e venerd\u00ec dalle 10.00 alle 2 del mattino.<\/p><p style=\"text-align: justify;\">Realizzato nell\u2019ottica un\u2019eredit\u00e0 significativa e misurabile a lungo termine, il 31 marzo 2022 il sito dell\u2019Expo diventer\u00e0 Distretto 2020 : un luogo di riferimento di una comunit\u00e0 mondiale, costruita sull\u2019eredit\u00e0 di Expo 2020.<\/p><p style=\"text-align: justify;\">E visto che siamo in tema natalizio e dovremmo essere tutti pi\u00f9 buoni, come il Direttore dell\u2019Expo Bureau, anche noi esprimiamo un desiderio: \u201cispirare le generazioni future continuando a piantare i semi per creare un futuro migliore\u201d ! Alea jacta est\u2026..<\/p><p style=\"text-align: center;\"><strong><span style=\"color: #bfa800;\">E soprattutto continuate a credere in Babbo Natale !<\/span><\/strong><\/p><\/div><\/div><\/div>\t\t\t\t\t\t\t\t<\/div>\n\t\t\t\t<\/div>\n\t\t\t\t<div class=\"elementor-element elementor-element-054e533 elementor-widget elementor-widget-text-editor\" data-id=\"054e533\" data-element_type=\"widget\" data-e-type=\"widget\" data-widget_type=\"text-editor.default\">\n\t\t\t\t<div class=\"elementor-widget-container\">\n\t\t\t\t\t\t\t\t\t<p><img loading=\"lazy\" decoding=\"async\" class=\"alignnone size-medium wp-image-273\" src=\"http:\/\/lookingforcharly.com\/wp-content\/uploads\/2024\/03\/pictocharly-300x278.png\" alt=\"\" width=\"300\" height=\"278\" srcset=\"https:\/\/lookingforcharly.com\/wp-content\/uploads\/2024\/03\/pictocharly-300x278.png 300w, https:\/\/lookingforcharly.com\/wp-content\/uploads\/2024\/03\/pictocharly.png 642w\" sizes=\"(max-width: 300px) 100vw, 300px\" \/><\/p>\n\t\t\t\t\t\t\t\t<\/div>\n\t\t\t\t<\/div>\n\t\t\t\t<div class=\"elementor-element elementor-element-44ae7a0 elementor-widget-divider--view-line elementor-widget elementor-widget-divider\" data-id=\"44ae7a0\" data-element_type=\"widget\" data-e-type=\"widget\" data-widget_type=\"divider.default\">\n\t\t\t\t<div class=\"elementor-widget-container\">\n\t\t\t\t\t\t\t<div class=\"elementor-divider\">\n\t\t\t<span class=\"elementor-divider-separator\">\n\t\t\t\t\t\t<\/span>\n\t\t<\/div>\n\t\t\t\t\t\t<\/div>\n\t\t\t\t<\/div>\n\t\t\t\t\t<\/div>\n\t\t\t\t<\/div>\n\t\t<div class=\"elementor-element elementor-element-957feb5 e-flex e-con-boxed e-con e-parent\" data-id=\"957feb5\" data-element_type=\"container\" data-e-type=\"container\">\n\t\t\t\t\t<div class=\"e-con-inner\">\n\t\t<div class=\"elementor-element elementor-element-3528335 e-con-full e-flex e-con e-child\" data-id=\"3528335\" data-element_type=\"container\" data-e-type=\"container\">\n\t\t\t\t<div class=\"elementor-element elementor-element-a9a8e01 elementor-widget elementor-widget-heading\" data-id=\"a9a8e01\" data-element_type=\"widget\" data-e-type=\"widget\" data-widget_type=\"heading.default\">\n\t\t\t\t<div class=\"elementor-widget-container\">\n\t\t\t\t\t<h3 class=\"elementor-heading-title elementor-size-default\">Vous aimerez aussi...<\/h3>\t\t\t\t<\/div>\n\t\t\t\t<\/div>\n\t\t\t\t<\/div>\n\t\t\t\t\t<\/div>\n\t\t\t\t<\/div>\n\t\t\t\t<\/div>\n\t\t","protected":false},"excerpt":{"rendered":"<p>\u00c8 arrivato il momento dello scintillio e dello sfarzo. Ma in che forma dovresti indossare i tuoi abiti festivi? Ti suggeriamo qui di attraversare<br \/>\nle porte di \u201cExpo 2020 Dubai\u201d.<\/p>\n","protected":false},"author":3,"featured_media":5456,"comment_status":"closed","ping_status":"open","sticky":false,"template":"","format":"standard","meta":{"footnotes":""},"categories":[75],"tags":[],"class_list":["post-4402","post","type-post","status-publish","format-standard","has-post-thumbnail","hentry","category-medio-oriente"],"yoast_head":"<!-- This site is optimized with the Yoast SEO plugin v27.1.1 - https:\/\/yoast.com\/product\/yoast-seo-wordpress\/ -->\n<title>The Place to bling !<\/title>\n<meta name=\"description\" content=\"Pronti a partire per un viaggio intorno al mondo che ci insegna a progettare un futuro migliore? Non ci sei ancora organizzato? Decollo per Expo 2020 Dubai.\" \/>\n<meta name=\"robots\" content=\"index, follow, max-snippet:-1, max-image-preview:large, max-video-preview:-1\" \/>\n<link rel=\"canonical\" href=\"https:\/\/lookingforcharly.com\/it\/the-place-to-bling-2\/\" \/>\n<meta property=\"og:locale\" content=\"it_IT\" \/>\n<meta property=\"og:type\" content=\"article\" \/>\n<meta property=\"og:title\" content=\"The Place to bling !\" \/>\n<meta property=\"og:description\" content=\"Pronti a partire per un viaggio intorno al mondo che ci insegna a progettare un futuro migliore? Non ci sei ancora organizzato? Decollo per Expo 2020 Dubai.\" \/>\n<meta property=\"og:url\" content=\"https:\/\/lookingforcharly.com\/it\/the-place-to-bling-2\/\" \/>\n<meta property=\"og:site_name\" content=\"Looking For Charly\" \/>\n<meta property=\"article:publisher\" content=\"https:\/\/www.facebook.com\/lookingforcharly\" \/>\n<meta property=\"article:published_time\" content=\"2021-12-22T09:25:00+00:00\" \/>\n<meta property=\"article:modified_time\" content=\"2024-06-27T11:34:37+00:00\" \/>\n<meta property=\"og:image\" content=\"http:\/\/lookingforcharly.com\/wp-content\/uploads\/2024\/05\/dubai-expo-2020-1024x683.webp\" \/>\n<meta name=\"author\" content=\"Daphne\" \/>\n<meta name=\"twitter:card\" content=\"summary_large_image\" \/>\n<meta name=\"twitter:label1\" content=\"Written by\" \/>\n\t<meta name=\"twitter:data1\" content=\"Daphne\" \/>\n\t<meta name=\"twitter:label2\" content=\"Est. reading time\" \/>\n\t<meta name=\"twitter:data2\" content=\"1 minute\" \/>\n<script type=\"application\/ld+json\" class=\"yoast-schema-graph\">{\"@context\":\"https:\/\/schema.org\",\"@graph\":[{\"@type\":\"Article\",\"@id\":\"https:\/\/lookingforcharly.com\/it\/the-place-to-bling-2\/#article\",\"isPartOf\":{\"@id\":\"https:\/\/lookingforcharly.com\/it\/the-place-to-bling-2\/\"},\"author\":{\"name\":\"Daphne\",\"@id\":\"https:\/\/lookingforcharly.com\/it\/#\/schema\/person\/7fb1ea89bf2ffa5783a7f11778422101\"},\"headline\":\"The Place to bling !\",\"datePublished\":\"2021-12-22T09:25:00+00:00\",\"dateModified\":\"2024-06-27T11:34:37+00:00\",\"mainEntityOfPage\":{\"@id\":\"https:\/\/lookingforcharly.com\/it\/the-place-to-bling-2\/\"},\"wordCount\":1843,\"publisher\":{\"@id\":\"https:\/\/lookingforcharly.com\/it\/#organization\"},\"image\":{\"@id\":\"https:\/\/lookingforcharly.com\/it\/the-place-to-bling-2\/#primaryimage\"},\"thumbnailUrl\":\"https:\/\/lookingforcharly.com\/wp-content\/uploads\/2021\/12\/unnamed.jpg\",\"articleSection\":[\"Medio Oriente\"],\"inLanguage\":\"it-IT\"},{\"@type\":\"WebPage\",\"@id\":\"https:\/\/lookingforcharly.com\/it\/the-place-to-bling-2\/\",\"url\":\"https:\/\/lookingforcharly.com\/it\/the-place-to-bling-2\/\",\"name\":\"The Place to bling !\",\"isPartOf\":{\"@id\":\"https:\/\/lookingforcharly.com\/it\/#website\"},\"primaryImageOfPage\":{\"@id\":\"https:\/\/lookingforcharly.com\/it\/the-place-to-bling-2\/#primaryimage\"},\"image\":{\"@id\":\"https:\/\/lookingforcharly.com\/it\/the-place-to-bling-2\/#primaryimage\"},\"thumbnailUrl\":\"https:\/\/lookingforcharly.com\/wp-content\/uploads\/2021\/12\/unnamed.jpg\",\"datePublished\":\"2021-12-22T09:25:00+00:00\",\"dateModified\":\"2024-06-27T11:34:37+00:00\",\"description\":\"Pronti a partire per un viaggio intorno al mondo che ci insegna a progettare un futuro migliore? Non ci sei ancora organizzato? Decollo per Expo 2020 Dubai.\",\"breadcrumb\":{\"@id\":\"https:\/\/lookingforcharly.com\/it\/the-place-to-bling-2\/#breadcrumb\"},\"inLanguage\":\"it-IT\",\"potentialAction\":[{\"@type\":\"ReadAction\",\"target\":[\"https:\/\/lookingforcharly.com\/it\/the-place-to-bling-2\/\"]}]},{\"@type\":\"ImageObject\",\"inLanguage\":\"it-IT\",\"@id\":\"https:\/\/lookingforcharly.com\/it\/the-place-to-bling-2\/#primaryimage\",\"url\":\"https:\/\/lookingforcharly.com\/wp-content\/uploads\/2021\/12\/unnamed.jpg\",\"contentUrl\":\"https:\/\/lookingforcharly.com\/wp-content\/uploads\/2021\/12\/unnamed.jpg\",\"width\":1000,\"height\":667,\"caption\":\"Expo 2020 Lake in Dubai. World exhibition. Aerial view. Dubai, UAE - June 2021\"},{\"@type\":\"BreadcrumbList\",\"@id\":\"https:\/\/lookingforcharly.com\/it\/the-place-to-bling-2\/#breadcrumb\",\"itemListElement\":[{\"@type\":\"ListItem\",\"position\":1,\"name\":\"Accueil\",\"item\":\"https:\/\/lookingforcharly.com\/it\/\"},{\"@type\":\"ListItem\",\"position\":2,\"name\":\"Medio Oriente\",\"item\":\"https:\/\/lookingforcharly.com\/it\/medio-oriente-it\/\"},{\"@type\":\"ListItem\",\"position\":3,\"name\":\"The Place to bling !\"}]},{\"@type\":\"WebSite\",\"@id\":\"https:\/\/lookingforcharly.com\/it\/#website\",\"url\":\"https:\/\/lookingforcharly.com\/it\/\",\"name\":\"Looking For Charly\",\"description\":\"Exp\u00e9riences autour du monde\",\"publisher\":{\"@id\":\"https:\/\/lookingforcharly.com\/it\/#organization\"},\"potentialAction\":[{\"@type\":\"SearchAction\",\"target\":{\"@type\":\"EntryPoint\",\"urlTemplate\":\"https:\/\/lookingforcharly.com\/it\/?s={search_term_string}\"},\"query-input\":{\"@type\":\"PropertyValueSpecification\",\"valueRequired\":true,\"valueName\":\"search_term_string\"}}],\"inLanguage\":\"it-IT\"},{\"@type\":\"Organization\",\"@id\":\"https:\/\/lookingforcharly.com\/it\/#organization\",\"name\":\"Looking For Charly\",\"alternateName\":\"L4C\",\"url\":\"https:\/\/lookingforcharly.com\/it\/\",\"logo\":{\"@type\":\"ImageObject\",\"inLanguage\":\"it-IT\",\"@id\":\"https:\/\/lookingforcharly.com\/it\/#\/schema\/logo\/image\/\",\"url\":\"https:\/\/lookingforcharly.com\/wp-content\/uploads\/2024\/03\/cropped-cropped-Logo-Looking-for-Charly.png\",\"contentUrl\":\"https:\/\/lookingforcharly.com\/wp-content\/uploads\/2024\/03\/cropped-cropped-Logo-Looking-for-Charly.png\",\"width\":512,\"height\":512,\"caption\":\"Looking For Charly\"},\"image\":{\"@id\":\"https:\/\/lookingforcharly.com\/it\/#\/schema\/logo\/image\/\"},\"sameAs\":[\"https:\/\/www.facebook.com\/lookingforcharly\",\"https:\/\/www.instagram.com\/lookingforcharly\/\",\"https:\/\/www.linkedin.com\/company\/looking-for-charly\/\"]},{\"@type\":\"Person\",\"@id\":\"https:\/\/lookingforcharly.com\/it\/#\/schema\/person\/7fb1ea89bf2ffa5783a7f11778422101\",\"name\":\"Daphne\",\"image\":{\"@type\":\"ImageObject\",\"inLanguage\":\"it-IT\",\"@id\":\"https:\/\/lookingforcharly.com\/it\/#\/schema\/person\/image\/\",\"url\":\"https:\/\/secure.gravatar.com\/avatar\/2ca706e3f813d28833c317a19f4cba15b3da298a104b03edf59c6cb7f563cfc5?s=96&d=mm&r=g\",\"contentUrl\":\"https:\/\/secure.gravatar.com\/avatar\/2ca706e3f813d28833c317a19f4cba15b3da298a104b03edf59c6cb7f563cfc5?s=96&d=mm&r=g\",\"caption\":\"Daphne\"},\"url\":\"https:\/\/lookingforcharly.com\/it\/author\/daphne\/\"}]}<\/script>\n<!-- \/ Yoast SEO plugin. -->","yoast_head_json":{"title":"The Place to bling !","description":"Pronti a partire per un viaggio intorno al mondo che ci insegna a progettare un futuro migliore? Non ci sei ancora organizzato? Decollo per Expo 2020 Dubai.","robots":{"index":"index","follow":"follow","max-snippet":"max-snippet:-1","max-image-preview":"max-image-preview:large","max-video-preview":"max-video-preview:-1"},"canonical":"https:\/\/lookingforcharly.com\/it\/the-place-to-bling-2\/","og_locale":"it_IT","og_type":"article","og_title":"The Place to bling !","og_description":"Pronti a partire per un viaggio intorno al mondo che ci insegna a progettare un futuro migliore? Non ci sei ancora organizzato? Decollo per Expo 2020 Dubai.","og_url":"https:\/\/lookingforcharly.com\/it\/the-place-to-bling-2\/","og_site_name":"Looking For Charly","article_publisher":"https:\/\/www.facebook.com\/lookingforcharly","article_published_time":"2021-12-22T09:25:00+00:00","article_modified_time":"2024-06-27T11:34:37+00:00","og_image":[{"url":"http:\/\/lookingforcharly.com\/wp-content\/uploads\/2024\/05\/dubai-expo-2020-1024x683.webp","type":"","width":"","height":""}],"author":"Daphne","twitter_card":"summary_large_image","twitter_misc":{"Written by":"Daphne","Est. reading time":"1 minute"},"schema":{"@context":"https:\/\/schema.org","@graph":[{"@type":"Article","@id":"https:\/\/lookingforcharly.com\/it\/the-place-to-bling-2\/#article","isPartOf":{"@id":"https:\/\/lookingforcharly.com\/it\/the-place-to-bling-2\/"},"author":{"name":"Daphne","@id":"https:\/\/lookingforcharly.com\/it\/#\/schema\/person\/7fb1ea89bf2ffa5783a7f11778422101"},"headline":"The Place to bling !","datePublished":"2021-12-22T09:25:00+00:00","dateModified":"2024-06-27T11:34:37+00:00","mainEntityOfPage":{"@id":"https:\/\/lookingforcharly.com\/it\/the-place-to-bling-2\/"},"wordCount":1843,"publisher":{"@id":"https:\/\/lookingforcharly.com\/it\/#organization"},"image":{"@id":"https:\/\/lookingforcharly.com\/it\/the-place-to-bling-2\/#primaryimage"},"thumbnailUrl":"https:\/\/lookingforcharly.com\/wp-content\/uploads\/2021\/12\/unnamed.jpg","articleSection":["Medio Oriente"],"inLanguage":"it-IT"},{"@type":"WebPage","@id":"https:\/\/lookingforcharly.com\/it\/the-place-to-bling-2\/","url":"https:\/\/lookingforcharly.com\/it\/the-place-to-bling-2\/","name":"The Place to bling !","isPartOf":{"@id":"https:\/\/lookingforcharly.com\/it\/#website"},"primaryImageOfPage":{"@id":"https:\/\/lookingforcharly.com\/it\/the-place-to-bling-2\/#primaryimage"},"image":{"@id":"https:\/\/lookingforcharly.com\/it\/the-place-to-bling-2\/#primaryimage"},"thumbnailUrl":"https:\/\/lookingforcharly.com\/wp-content\/uploads\/2021\/12\/unnamed.jpg","datePublished":"2021-12-22T09:25:00+00:00","dateModified":"2024-06-27T11:34:37+00:00","description":"Pronti a partire per un viaggio intorno al mondo che ci insegna a progettare un futuro migliore? Non ci sei ancora organizzato? Decollo per Expo 2020 Dubai.","breadcrumb":{"@id":"https:\/\/lookingforcharly.com\/it\/the-place-to-bling-2\/#breadcrumb"},"inLanguage":"it-IT","potentialAction":[{"@type":"ReadAction","target":["https:\/\/lookingforcharly.com\/it\/the-place-to-bling-2\/"]}]},{"@type":"ImageObject","inLanguage":"it-IT","@id":"https:\/\/lookingforcharly.com\/it\/the-place-to-bling-2\/#primaryimage","url":"https:\/\/lookingforcharly.com\/wp-content\/uploads\/2021\/12\/unnamed.jpg","contentUrl":"https:\/\/lookingforcharly.com\/wp-content\/uploads\/2021\/12\/unnamed.jpg","width":1000,"height":667,"caption":"Expo 2020 Lake in Dubai. World exhibition. Aerial view. Dubai, UAE - June 2021"},{"@type":"BreadcrumbList","@id":"https:\/\/lookingforcharly.com\/it\/the-place-to-bling-2\/#breadcrumb","itemListElement":[{"@type":"ListItem","position":1,"name":"Accueil","item":"https:\/\/lookingforcharly.com\/it\/"},{"@type":"ListItem","position":2,"name":"Medio Oriente","item":"https:\/\/lookingforcharly.com\/it\/medio-oriente-it\/"},{"@type":"ListItem","position":3,"name":"The Place to bling !"}]},{"@type":"WebSite","@id":"https:\/\/lookingforcharly.com\/it\/#website","url":"https:\/\/lookingforcharly.com\/it\/","name":"Looking For Charly","description":"Exp\u00e9riences autour du monde","publisher":{"@id":"https:\/\/lookingforcharly.com\/it\/#organization"},"potentialAction":[{"@type":"SearchAction","target":{"@type":"EntryPoint","urlTemplate":"https:\/\/lookingforcharly.com\/it\/?s={search_term_string}"},"query-input":{"@type":"PropertyValueSpecification","valueRequired":true,"valueName":"search_term_string"}}],"inLanguage":"it-IT"},{"@type":"Organization","@id":"https:\/\/lookingforcharly.com\/it\/#organization","name":"Looking For Charly","alternateName":"L4C","url":"https:\/\/lookingforcharly.com\/it\/","logo":{"@type":"ImageObject","inLanguage":"it-IT","@id":"https:\/\/lookingforcharly.com\/it\/#\/schema\/logo\/image\/","url":"https:\/\/lookingforcharly.com\/wp-content\/uploads\/2024\/03\/cropped-cropped-Logo-Looking-for-Charly.png","contentUrl":"https:\/\/lookingforcharly.com\/wp-content\/uploads\/2024\/03\/cropped-cropped-Logo-Looking-for-Charly.png","width":512,"height":512,"caption":"Looking For Charly"},"image":{"@id":"https:\/\/lookingforcharly.com\/it\/#\/schema\/logo\/image\/"},"sameAs":["https:\/\/www.facebook.com\/lookingforcharly","https:\/\/www.instagram.com\/lookingforcharly\/","https:\/\/www.linkedin.com\/company\/looking-for-charly\/"]},{"@type":"Person","@id":"https:\/\/lookingforcharly.com\/it\/#\/schema\/person\/7fb1ea89bf2ffa5783a7f11778422101","name":"Daphne","image":{"@type":"ImageObject","inLanguage":"it-IT","@id":"https:\/\/lookingforcharly.com\/it\/#\/schema\/person\/image\/","url":"https:\/\/secure.gravatar.com\/avatar\/2ca706e3f813d28833c317a19f4cba15b3da298a104b03edf59c6cb7f563cfc5?s=96&d=mm&r=g","contentUrl":"https:\/\/secure.gravatar.com\/avatar\/2ca706e3f813d28833c317a19f4cba15b3da298a104b03edf59c6cb7f563cfc5?s=96&d=mm&r=g","caption":"Daphne"},"url":"https:\/\/lookingforcharly.com\/it\/author\/daphne\/"}]}},"_links":{"self":[{"href":"https:\/\/lookingforcharly.com\/it\/wp-json\/wp\/v2\/posts\/4402","targetHints":{"allow":["GET"]}}],"collection":[{"href":"https:\/\/lookingforcharly.com\/it\/wp-json\/wp\/v2\/posts"}],"about":[{"href":"https:\/\/lookingforcharly.com\/it\/wp-json\/wp\/v2\/types\/post"}],"author":[{"embeddable":true,"href":"https:\/\/lookingforcharly.com\/it\/wp-json\/wp\/v2\/users\/3"}],"replies":[{"embeddable":true,"href":"https:\/\/lookingforcharly.com\/it\/wp-json\/wp\/v2\/comments?post=4402"}],"version-history":[{"count":0,"href":"https:\/\/lookingforcharly.com\/it\/wp-json\/wp\/v2\/posts\/4402\/revisions"}],"wp:featuredmedia":[{"embeddable":true,"href":"https:\/\/lookingforcharly.com\/it\/wp-json\/wp\/v2\/media\/5456"}],"wp:attachment":[{"href":"https:\/\/lookingforcharly.com\/it\/wp-json\/wp\/v2\/media?parent=4402"}],"wp:term":[{"taxonomy":"category","embeddable":true,"href":"https:\/\/lookingforcharly.com\/it\/wp-json\/wp\/v2\/categories?post=4402"},{"taxonomy":"post_tag","embeddable":true,"href":"https:\/\/lookingforcharly.com\/it\/wp-json\/wp\/v2\/tags?post=4402"}],"curies":[{"name":"wp","href":"https:\/\/api.w.org\/{rel}","templated":true}]}}