{"id":4263,"date":"2022-09-23T12:13:00","date_gmt":"2022-09-23T10:13:00","guid":{"rendered":"https:\/\/tipi.beetrip.pro\/viva-mexico\/"},"modified":"2025-02-28T18:27:29","modified_gmt":"2025-02-28T17:27:29","slug":"viva-mexico-2","status":"publish","type":"post","link":"https:\/\/lookingforcharly.com\/it\/viva-mexico-2\/","title":{"rendered":"Viva Mexico"},"content":{"rendered":"\t\t<div data-elementor-type=\"wp-post\" data-elementor-id=\"4263\" class=\"elementor elementor-4263 elementor-1970\" data-elementor-post-type=\"post\">\n\t\t\t\t<div class=\"elementor-element elementor-element-2850888b e-flex e-con-boxed e-con e-parent\" data-id=\"2850888b\" data-element_type=\"container\" data-e-type=\"container\" data-settings=\"{&quot;background_background&quot;:&quot;classic&quot;}\">\n\t\t\t\t\t<div class=\"e-con-inner\">\n\t\t\t\t<div class=\"elementor-element elementor-element-299719b3 elementor-invisible elementor-widget elementor-widget-heading\" data-id=\"299719b3\" data-element_type=\"widget\" data-e-type=\"widget\" data-settings=\"{&quot;_animation&quot;:&quot;fadeIn&quot;}\" data-widget_type=\"heading.default\">\n\t\t\t\t<div class=\"elementor-widget-container\">\n\t\t\t\t\t<h1 class=\"elementor-heading-title elementor-size-default\">Viva Mexico<\/h1>\t\t\t\t<\/div>\n\t\t\t\t<\/div>\n\t\t\t\t<div class=\"elementor-element elementor-element-19d877a elementor-widget elementor-widget-post-info\" data-id=\"19d877a\" data-element_type=\"widget\" data-e-type=\"widget\" data-widget_type=\"post-info.default\">\n\t\t\t\t<div class=\"elementor-widget-container\">\n\t\t\t\t\t\t\t<ul class=\"elementor-inline-items elementor-icon-list-items elementor-post-info\">\n\t\t\t\t\t\t\t\t<li class=\"elementor-icon-list-item elementor-repeater-item-e7fd4d6 elementor-inline-item\" itemprop=\"about\">\n\t\t\t\t\t\t\t\t\t\t\t\t\t<span class=\"elementor-icon-list-text elementor-post-info__item elementor-post-info__item--type-terms\">\n\t\t\t\t\t\t\t\t\t\t<span class=\"elementor-post-info__terms-list\">\n\t\t\t\t<a href=\"https:\/\/lookingforcharly.com\/it\/america-latina-it\/\" class=\"elementor-post-info__terms-list-item\">America Latina<\/a>\t\t\t\t<\/span>\n\t\t\t\t\t<\/span>\n\t\t\t\t\t\t\t\t<\/li>\n\t\t\t\t<li class=\"elementor-icon-list-item elementor-repeater-item-932e776 elementor-inline-item\" itemprop=\"datePublished\">\n\t\t\t\t\t\t\t\t\t\t\t\t\t<span class=\"elementor-icon-list-text elementor-post-info__item elementor-post-info__item--type-date\">\n\t\t\t\t\t\t\t<span class=\"elementor-post-info__item-prefix\">le<\/span>\n\t\t\t\t\t\t\t\t\t\t<time>23 September 2022<\/time>\t\t\t\t\t<\/span>\n\t\t\t\t\t\t\t\t<\/li>\n\t\t\t\t<\/ul>\n\t\t\t\t\t\t<\/div>\n\t\t\t\t<\/div>\n\t\t\t\t\t<\/div>\n\t\t\t\t<\/div>\n\t\t<div class=\"elementor-element elementor-element-9cc6b78 e-flex e-con-boxed e-con e-parent\" data-id=\"9cc6b78\" data-element_type=\"container\" data-e-type=\"container\">\n\t\t\t\t\t<div class=\"e-con-inner\">\n\t\t\t\t<div class=\"elementor-element elementor-element-e13ea5b elementor-widget elementor-widget-text-editor\" data-id=\"e13ea5b\" data-element_type=\"widget\" data-e-type=\"widget\" data-widget_type=\"text-editor.default\">\n\t\t\t\t<div class=\"elementor-widget-container\">\n\t\t\t\t\t\t\t\t\t<p style=\"text-align: center;\" data-mce-style=\"text-align: center;\"><em><strong>Un mix esplosivo di tradizioni indigene preispaniche e coloniali, una fonte inesauribile di musei e siti storici, una serie di citt\u00e0 vivaci dall&#8217;immensa costa del Pacifico alle spiagge dei Caraibi,<\/strong><\/em><br \/><em><strong>Il Messico \u00e8 la fusione di un Paese ricco dove la popolazione vi accoglie con dinamismo.<\/strong><\/em><br \/><em><strong>Dalla fine di ottobre, la destinazione \u00e8 ideale per famiglie, amanti della cultura, golfisti, subacquei e amanti del sole.<\/strong><\/em><\/p>\n<p style=\"text-align: center;\" data-mce-style=\"text-align: center;\"><em><strong>Tradotto con DeepL.com (versione gratuita)<\/strong><\/em><\/p>\n\t\t\t\t\t\t\t\t<\/div>\n\t\t\t\t<\/div>\n\t\t\t\t<div class=\"elementor-element elementor-element-d8b1f8d elementor-widget elementor-widget-image\" data-id=\"d8b1f8d\" data-element_type=\"widget\" data-e-type=\"widget\" data-widget_type=\"image.default\">\n\t\t\t\t<div class=\"elementor-widget-container\">\n\t\t\t\t\t\t\t\t\t\t\t\t\t\t\t\t<a href=\"http:\/\/lookingforcharly.com\/wp-content\/uploads\/2022\/09\/asdrubal-luna.png\" data-elementor-open-lightbox=\"yes\" data-elementor-lightbox-title=\"asdrubal-luna\" data-e-action-hash=\"#elementor-action%3Aaction%3Dlightbox%26settings%3DeyJpZCI6MTk3NSwidXJsIjoiaHR0cHM6XC9cL2xvb2tpbmdmb3JjaGFybHkuY29tXC93cC1jb250ZW50XC91cGxvYWRzXC8yMDIyXC8wOVwvYXNkcnViYWwtbHVuYS5wbmcifQ%3D%3D\">\n\t\t\t\t\t\t\t<img fetchpriority=\"high\" decoding=\"async\" width=\"1068\" height=\"763\" src=\"https:\/\/lookingforcharly.com\/wp-content\/uploads\/2022\/09\/asdrubal-luna.png\" class=\"attachment-full size-full wp-image-1975\" alt=\"\" srcset=\"https:\/\/lookingforcharly.com\/wp-content\/uploads\/2022\/09\/asdrubal-luna.png 1068w, https:\/\/lookingforcharly.com\/wp-content\/uploads\/2022\/09\/asdrubal-luna-300x214.png 300w, https:\/\/lookingforcharly.com\/wp-content\/uploads\/2022\/09\/asdrubal-luna-1024x732.png 1024w, https:\/\/lookingforcharly.com\/wp-content\/uploads\/2022\/09\/asdrubal-luna-768x549.png 768w\" sizes=\"(max-width: 1068px) 100vw, 1068px\" \/>\t\t\t\t\t\t\t\t<\/a>\n\t\t\t\t\t\t\t\t\t\t\t\t\t\t\t<\/div>\n\t\t\t\t<\/div>\n\t\t\t\t<div class=\"elementor-element elementor-element-c7da0ed elementor-widget elementor-widget-heading\" data-id=\"c7da0ed\" data-element_type=\"widget\" data-e-type=\"widget\" data-widget_type=\"heading.default\">\n\t\t\t\t<div class=\"elementor-widget-container\">\n\t\t\t\t\t<h3 class=\"elementor-heading-title elementor-size-default\">\u00ab Baja California \u00bb<\/h3>\t\t\t\t<\/div>\n\t\t\t\t<\/div>\n\t\t\t\t<div class=\"elementor-element elementor-element-c695db4 elementor-widget elementor-widget-text-editor\" data-id=\"c695db4\" data-element_type=\"widget\" data-e-type=\"widget\" data-widget_type=\"text-editor.default\">\n\t\t\t\t<div class=\"elementor-widget-container\">\n\t\t\t\t\t\t\t\t\t<p>Sulla costa del Pacifico, lasciatevi trasportare dalla forza dell&#8217;oceano o perdetevi nei paesaggi desertici ricchi di cactus. La bellezza naturale della Baja California vi sedurr\u00e0 con la diversit\u00e0 della sua fauna, accessibile a tutti, e della flora che costeggia il Mar di Cortez. Da dicembre ad aprile, potrete osservare le megattere che migrano leggiadre verso queste acque calde e le balene grigie che danno alla luce i loro piccoli. Los Cabos \u00e8 una boccata d&#8217;aria fresca rispetto alla Riviera orientale.<\/p>\n\t\t\t\t\t\t\t\t<\/div>\n\t\t\t\t<\/div>\n\t\t\t\t<div class=\"elementor-element elementor-element-c9e1722 elementor-widget elementor-widget-image\" data-id=\"c9e1722\" data-element_type=\"widget\" data-e-type=\"widget\" data-widget_type=\"image.default\">\n\t\t\t\t<div class=\"elementor-widget-container\">\n\t\t\t\t\t\t\t\t\t\t\t\t\t\t\t\t<a href=\"http:\/\/lookingforcharly.com\/wp-content\/uploads\/2022\/09\/baleine.png\" data-elementor-open-lightbox=\"yes\" data-elementor-lightbox-title=\"baleine\" data-e-action-hash=\"#elementor-action%3Aaction%3Dlightbox%26settings%3DeyJpZCI6MTk3OCwidXJsIjoiaHR0cHM6XC9cL2xvb2tpbmdmb3JjaGFybHkuY29tXC93cC1jb250ZW50XC91cGxvYWRzXC8yMDIyXC8wOVwvYmFsZWluZS5wbmcifQ%3D%3D\">\n\t\t\t\t\t\t\t<img decoding=\"async\" width=\"827\" height=\"515\" src=\"https:\/\/lookingforcharly.com\/wp-content\/uploads\/2022\/09\/baleine.png\" class=\"attachment-full size-full wp-image-1978\" alt=\"\" srcset=\"https:\/\/lookingforcharly.com\/wp-content\/uploads\/2022\/09\/baleine.png 827w, https:\/\/lookingforcharly.com\/wp-content\/uploads\/2022\/09\/baleine-300x187.png 300w, https:\/\/lookingforcharly.com\/wp-content\/uploads\/2022\/09\/baleine-768x478.png 768w\" sizes=\"(max-width: 827px) 100vw, 827px\" \/>\t\t\t\t\t\t\t\t<\/a>\n\t\t\t\t\t\t\t\t\t\t\t\t\t\t\t<\/div>\n\t\t\t\t<\/div>\n\t\t\t\t<div class=\"elementor-element elementor-element-d77fa70 elementor-widget elementor-widget-heading\" data-id=\"d77fa70\" data-element_type=\"widget\" data-e-type=\"widget\" data-widget_type=\"heading.default\">\n\t\t\t\t<div class=\"elementor-widget-container\">\n\t\t\t\t\t<h3 class=\"elementor-heading-title elementor-size-default\">L'acquario del mondo<\/h3>\t\t\t\t<\/div>\n\t\t\t\t<\/div>\n\t\t\t\t<div class=\"elementor-element elementor-element-624c97f elementor-widget elementor-widget-text-editor\" data-id=\"624c97f\" data-element_type=\"widget\" data-e-type=\"widget\" data-widget_type=\"text-editor.default\">\n\t\t\t\t<div class=\"elementor-widget-container\">\n\t\t\t\t\t\t\t\t\t<p>Il programma prevede anche l&#8217;osservazione di tartarughe giganti, immersioni con leoni marini dispettosi e giochi tra barriere coralline ricche di pesci multicolori. Famosa per essere stata definita da Jacques Cousteau \u201cl&#8217;acquario del mondo\u201d, questa regione si rivela una pepita dove ognuno trover\u00e0 la propria isola di felicit\u00e0.<\/p>\n<p>Per fare un salto nel passato, soggiornate in una delle prime missioni spagnole trasformata in un hotel di charme e scoprite le pitture rupestri delle civilt\u00e0 precolombiane rimaste.<\/p>\n\t\t\t\t\t\t\t\t<\/div>\n\t\t\t\t<\/div>\n\t\t\t\t<div class=\"elementor-element elementor-element-e59e3ff elementor-widget elementor-widget-image\" data-id=\"e59e3ff\" data-element_type=\"widget\" data-e-type=\"widget\" data-widget_type=\"image.default\">\n\t\t\t\t<div class=\"elementor-widget-container\">\n\t\t\t\t\t\t\t\t\t\t\t\t\t\t\t\t<a href=\"http:\/\/lookingforcharly.com\/wp-content\/uploads\/2022\/09\/viceroy-los-cabos.jpeg\" data-elementor-open-lightbox=\"yes\" data-elementor-lightbox-title=\"viceroy los cabos\" data-e-action-hash=\"#elementor-action%3Aaction%3Dlightbox%26settings%3DeyJpZCI6MTk4MSwidXJsIjoiaHR0cHM6XC9cL2xvb2tpbmdmb3JjaGFybHkuY29tXC93cC1jb250ZW50XC91cGxvYWRzXC8yMDIyXC8wOVwvdmljZXJveS1sb3MtY2Fib3MuanBlZyJ9\">\n\t\t\t\t\t\t\t<img decoding=\"async\" width=\"1280\" height=\"818\" src=\"https:\/\/lookingforcharly.com\/wp-content\/uploads\/2022\/09\/viceroy-los-cabos.jpeg\" class=\"attachment-full size-full wp-image-1981\" alt=\"\" srcset=\"https:\/\/lookingforcharly.com\/wp-content\/uploads\/2022\/09\/viceroy-los-cabos.jpeg 1280w, https:\/\/lookingforcharly.com\/wp-content\/uploads\/2022\/09\/viceroy-los-cabos-300x192.jpeg 300w, https:\/\/lookingforcharly.com\/wp-content\/uploads\/2022\/09\/viceroy-los-cabos-1024x654.jpeg 1024w, https:\/\/lookingforcharly.com\/wp-content\/uploads\/2022\/09\/viceroy-los-cabos-768x491.jpeg 768w\" sizes=\"(max-width: 1280px) 100vw, 1280px\" \/>\t\t\t\t\t\t\t\t<\/a>\n\t\t\t\t\t\t\t\t\t\t\t\t\t\t\t<\/div>\n\t\t\t\t<\/div>\n\t\t\t\t<div class=\"elementor-element elementor-element-528fee3 elementor-widget elementor-widget-heading\" data-id=\"528fee3\" data-element_type=\"widget\" data-e-type=\"widget\" data-widget_type=\"heading.default\">\n\t\t\t\t<div class=\"elementor-widget-container\">\n\t\t\t\t\t<h3 class=\"elementor-heading-title elementor-size-default\">Viceroy Los Cabos<\/h3>\t\t\t\t<\/div>\n\t\t\t\t<\/div>\n\t\t\t\t<div class=\"elementor-element elementor-element-02441a0 elementor-widget elementor-widget-text-editor\" data-id=\"02441a0\" data-element_type=\"widget\" data-e-type=\"widget\" data-widget_type=\"text-editor.default\">\n\t\t\t\t<div class=\"elementor-widget-container\">\n\t\t\t\t\t\t\t\t\t<p>Il Viceroy Los Cabos \u00e8 un&#8217;icona architettonica ultra-moderna e ultra-lusso. Con linee pure, ombre profonde e \u201cscatole galleggianti\u201d, gli spazi si riflettono in miraggi acquatici. https:\/\/www.viceroyhotelsandresorts.com\/los-cabos<\/p>\n<p>L&#8217;hotel contribuisce alla tutela dell&#8217;ambiente utilizzando prodotti progettati nel rispetto dell&#8217;ambiente. Gli elementi effimeri sono biodegradabili e realizzati con materiali riciclati. L&#8217;azienda agricola locale Cabo Organics rallegra i menu e l&#8217;offerta gastronomica.<\/p>\n\t\t\t\t\t\t\t\t<\/div>\n\t\t\t\t<\/div>\n\t\t\t\t<div class=\"elementor-element elementor-element-9432130 elementor-widget elementor-widget-image\" data-id=\"9432130\" data-element_type=\"widget\" data-e-type=\"widget\" data-widget_type=\"image.default\">\n\t\t\t\t<div class=\"elementor-widget-container\">\n\t\t\t\t\t\t\t\t\t\t\t\t\t\t\t\t<a href=\"http:\/\/lookingforcharly.com\/wp-content\/uploads\/2022\/09\/fete-des-morts-mexique.jpg\" data-elementor-open-lightbox=\"yes\" data-elementor-lightbox-title=\"f\u00eate des morts mexique\" data-e-action-hash=\"#elementor-action%3Aaction%3Dlightbox%26settings%3DeyJpZCI6MTk4NCwidXJsIjoiaHR0cHM6XC9cL2xvb2tpbmdmb3JjaGFybHkuY29tXC93cC1jb250ZW50XC91cGxvYWRzXC8yMDIyXC8wOVwvZmV0ZS1kZXMtbW9ydHMtbWV4aXF1ZS5qcGcifQ%3D%3D\">\n\t\t\t\t\t\t\t<img loading=\"lazy\" decoding=\"async\" width=\"1000\" height=\"667\" src=\"https:\/\/lookingforcharly.com\/wp-content\/uploads\/2022\/09\/fete-des-morts-mexique.jpg\" class=\"attachment-full size-full wp-image-1984\" alt=\"\" srcset=\"https:\/\/lookingforcharly.com\/wp-content\/uploads\/2022\/09\/fete-des-morts-mexique.jpg 1000w, https:\/\/lookingforcharly.com\/wp-content\/uploads\/2022\/09\/fete-des-morts-mexique-300x200.jpg 300w, https:\/\/lookingforcharly.com\/wp-content\/uploads\/2022\/09\/fete-des-morts-mexique-768x512.jpg 768w\" sizes=\"(max-width: 1000px) 100vw, 1000px\" \/>\t\t\t\t\t\t\t\t<\/a>\n\t\t\t\t\t\t\t\t\t\t\t\t\t\t\t<\/div>\n\t\t\t\t<\/div>\n\t\t\t\t<div class=\"elementor-element elementor-element-d5de249 elementor-widget elementor-widget-heading\" data-id=\"d5de249\" data-element_type=\"widget\" data-e-type=\"widget\" data-widget_type=\"heading.default\">\n\t\t\t\t<div class=\"elementor-widget-container\">\n\t\t\t\t\t<h3 class=\"elementor-heading-title elementor-size-default\">D\u00eda de los Muertos o nel giorno di Ognissanti<\/h3>\t\t\t\t<\/div>\n\t\t\t\t<\/div>\n\t\t\t\t<div class=\"elementor-element elementor-element-6d18326 elementor-widget elementor-widget-text-editor\" data-id=\"6d18326\" data-element_type=\"widget\" data-e-type=\"widget\" data-widget_type=\"text-editor.default\">\n\t\t\t\t<div class=\"elementor-widget-container\">\n\t\t\t\t\t\t\t\t\t<p>La festa pi\u00f9 tradizionale del Paese, che si svolge tra la fine di ottobre e l&#8217;inizio di novembre, riunisce tutta la popolazione per onorare i defunti.<\/p>\n<p>Una miscela di rituali latini, religione e cultura spagnola, questa festa \u00e8 un&#8217;occasione di gioia. \u00c8 un momento di riflessione gioiosa per le famiglie, non una spaventosa mascherata come Halloween nei Paesi anglofoni. Questo tributo annuale, il pi\u00f9 sacro del Paese, \u00e8 caratterizzato da una serie di usanze, come la preparazione di teschi fatti di dolci colorati, o il pan de muerto &#8211; pane dei morti &#8211; una preparazione morbida ricoperta di zucchero semolato e decorata con ossa di pasta.<\/p>\n<p>Una festa di colori riempie le strade e i negozi del Messico, con fiori, candele tremolanti e ghirlande luminose. La musica gioca un ruolo importante nei festeggiamenti, cos\u00ec come la Catrina e il suo famoso trucco, il personaggio pi\u00f9 emblematico, uno scheletro elegantemente vestito che parodia l&#8217;alta societ\u00e0 messicana.<\/p>\n<p>E poich\u00e9 nessuna celebrazione \u00e8 completa senza buon cibo, le famiglie preparano i piatti preferiti dei loro cari defunti per riportarli sulla terra e mantenere vivo il loro ricordo.<\/p>\n<p>Viaggiare in questo periodo dell&#8217;anno vi permetter\u00e0 di immergervi completamente nell&#8217;esperienza sensoriale, di partecipare agli spettacoli e di ammirare gli altari rappresentativi allestiti appositamente per l&#8217;occasione.<\/p>\n<p>Questo omaggio alle anime defunte \u00e8 stato riconosciuto dall&#8217;UNESCO come patrimonio culturale immateriale dell&#8217;umanit\u00e0. Le persone sono incoraggiate a godersi la vita e ad avere una visione diversa della morte.<\/p>\n\t\t\t\t\t\t\t\t<\/div>\n\t\t\t\t<\/div>\n\t\t\t\t<div class=\"elementor-element elementor-element-0bc7a42 elementor-widget elementor-widget-image\" data-id=\"0bc7a42\" data-element_type=\"widget\" data-e-type=\"widget\" data-widget_type=\"image.default\">\n\t\t\t\t<div class=\"elementor-widget-container\">\n\t\t\t\t\t\t\t\t\t\t\t\t\t\t\t<img decoding=\"async\" src=\"https:\/\/lookingforcharly.com\/wp-content\/uploads\/2022\/09\/andaz-mayakoba.jpeg\" title=\"andaz mayakoba\" alt=\"andaz mayakoba\" loading=\"lazy\" \/>\t\t\t\t\t\t\t\t\t\t\t\t\t\t\t<\/div>\n\t\t\t\t<\/div>\n\t\t\t\t<div class=\"elementor-element elementor-element-006fc30 elementor-widget elementor-widget-heading\" data-id=\"006fc30\" data-element_type=\"widget\" data-e-type=\"widget\" data-widget_type=\"heading.default\">\n\t\t\t\t<div class=\"elementor-widget-container\">\n\t\t\t\t\t<h3 class=\"elementor-heading-title elementor-size-default\">Andaz Mayakoba<\/h3>\t\t\t\t<\/div>\n\t\t\t\t<\/div>\n\t\t\t\t<div class=\"elementor-element elementor-element-9a25eed elementor-widget elementor-widget-text-editor\" data-id=\"9a25eed\" data-element_type=\"widget\" data-e-type=\"widget\" data-widget_type=\"text-editor.default\">\n\t\t\t\t<div class=\"elementor-widget-container\">\n\t\t\t\t\t\t\t\t\t<p style=\"text-align: justify;\" data-mce-style=\"text-align: justify;\">L&#8217;Andaz Mayakoba si trova nel cuore della Riviera Maya, tra le mangrovie e l&#8217;oceano. Questa selezionata oasi di pace, dove la natura incontra l&#8217;innovazione, rispetta gli standard ambientali e sostenibili. I viaggiatori qui hanno l&#8217;imbarazzo della scelta tra sapori locali e attivit\u00e0 culturali indigene. La struttura \u00e8 coinvolta in un santuario dedicato alle tartarughe marine, che ne consente la protezione durante la stagione della nidificazione.<\/p>\n\t\t\t\t\t\t\t\t<\/div>\n\t\t\t\t<\/div>\n\t\t\t\t<div class=\"elementor-element elementor-element-054e533 elementor-widget elementor-widget-text-editor\" data-id=\"054e533\" data-element_type=\"widget\" data-e-type=\"widget\" data-widget_type=\"text-editor.default\">\n\t\t\t\t<div class=\"elementor-widget-container\">\n\t\t\t\t\t\t\t\t\t<p><img loading=\"lazy\" decoding=\"async\" class=\"alignnone size-medium wp-image-273\" src=\"http:\/\/lookingforcharly.com\/wp-content\/uploads\/2024\/03\/pictocharly-300x278.png\" alt=\"\" width=\"300\" height=\"278\" data-mce-src=\"http:\/\/lookingforcharly.com\/wp-content\/uploads\/2024\/03\/pictocharly-300x278.png\" srcset=\"https:\/\/lookingforcharly.com\/wp-content\/uploads\/2024\/03\/pictocharly-300x278.png 300w, https:\/\/lookingforcharly.com\/wp-content\/uploads\/2024\/03\/pictocharly.png 642w\" sizes=\"(max-width: 300px) 100vw, 300px\" \/><\/p>\n<div class=\"et_pb_row et_pb_row_7\">\n<div class=\"et_pb_column et_pb_column_4_4 et_pb_column_7 et_pb_css_mix_blend_mode_passthrough et-last-child\">\n<div class=\"et_pb_module et_pb_text et_pb_text_7 et_pb_text_align_left et_pb_bg_layout_light\">\n<div class=\"et_pb_text_inner\">\n<p>Come arrivare<\/p>\n<p>Periodi migliori: da novembre a giugno<\/p>\n<p>Voli diretti da : Milano, Parigi, Bruxelles<\/p>\n<p>Durata approssimativa del volo: 12 ore<\/p>\n<p>Durata del soggiorno consigliata: da 10 a 14 giorni<\/p>\n<\/div>\n<\/div>\n<\/div>\n<\/div>\n\t\t\t\t\t\t\t\t<\/div>\n\t\t\t\t<\/div>\n\t\t\t\t<div class=\"elementor-element elementor-element-44ae7a0 elementor-widget-divider--view-line elementor-widget elementor-widget-divider\" data-id=\"44ae7a0\" data-element_type=\"widget\" data-e-type=\"widget\" data-widget_type=\"divider.default\">\n\t\t\t\t<div class=\"elementor-widget-container\">\n\t\t\t\t\t\t\t<div class=\"elementor-divider\">\n\t\t\t<span class=\"elementor-divider-separator\">\n\t\t\t\t\t\t<\/span>\n\t\t<\/div>\n\t\t\t\t\t\t<\/div>\n\t\t\t\t<\/div>\n\t\t\t\t\t<\/div>\n\t\t\t\t<\/div>\n\t\t<div class=\"elementor-element elementor-element-957feb5 e-flex e-con-boxed e-con e-parent\" data-id=\"957feb5\" data-element_type=\"container\" data-e-type=\"container\">\n\t\t\t\t\t<div class=\"e-con-inner\">\n\t\t<div class=\"elementor-element elementor-element-3528335 e-con-full e-flex e-con e-child\" data-id=\"3528335\" data-element_type=\"container\" data-e-type=\"container\">\n\t\t\t\t<div class=\"elementor-element elementor-element-a9a8e01 elementor-widget elementor-widget-heading\" data-id=\"a9a8e01\" data-element_type=\"widget\" data-e-type=\"widget\" data-widget_type=\"heading.default\">\n\t\t\t\t<div class=\"elementor-widget-container\">\n\t\t\t\t\t<h3 class=\"elementor-heading-title elementor-size-default\">Vous aimerez aussi...<\/h3>\t\t\t\t<\/div>\n\t\t\t\t<\/div>\n\t\t\t\t<\/div>\n\t\t\t\t\t<\/div>\n\t\t\t\t<\/div>\n\t\t\t\t<\/div>\n\t\t","protected":false},"excerpt":{"rendered":"<p>Un mix esplosivo di tradizioni indigene preispaniche e coloniali, fonte inesauribile di musei e siti storici, una moltitudine di citt\u00e0 vivaci, dall\u2019immensa costa del Pacifico alle spiagge dei Caraibi, il Messico \u00e8 un paese ricco di cultura, vivace, dove la popolazione vi accoglier\u00e0 calorosamente.<\/p>\n","protected":false},"author":3,"featured_media":2249,"comment_status":"closed","ping_status":"open","sticky":false,"template":"","format":"standard","meta":{"footnotes":""},"categories":[100],"tags":[],"class_list":["post-4263","post","type-post","status-publish","format-standard","has-post-thumbnail","hentry","category-america-latina-it"],"yoast_head":"<!-- This site is optimized with the Yoast SEO plugin v27.1.1 - https:\/\/yoast.com\/product\/yoast-seo-wordpress\/ -->\n<title>Viva Mexico<\/title>\n<meta name=\"description\" content=\"Il Messico \u00e8 la fusione di un paese ricco e di un ambiente naturale attraente. Tra tradizione e modernit\u00e0, oceano e palude di mangrovie, ecco una panoramica di questo affascinante Paese.\" \/>\n<meta name=\"robots\" content=\"index, follow, max-snippet:-1, max-image-preview:large, max-video-preview:-1\" \/>\n<link rel=\"canonical\" href=\"https:\/\/lookingforcharly.com\/it\/viva-mexico-2\/\" \/>\n<meta property=\"og:locale\" content=\"it_IT\" \/>\n<meta property=\"og:type\" content=\"article\" \/>\n<meta property=\"og:title\" content=\"Viva Mexico\" \/>\n<meta property=\"og:description\" content=\"Il Messico \u00e8 la fusione di un paese ricco e di un ambiente naturale attraente. Tra tradizione e modernit\u00e0, oceano e palude di mangrovie, ecco una panoramica di questo affascinante Paese.\" \/>\n<meta property=\"og:url\" content=\"https:\/\/lookingforcharly.com\/it\/viva-mexico-2\/\" \/>\n<meta property=\"og:site_name\" content=\"Looking For Charly\" \/>\n<meta property=\"article:publisher\" content=\"https:\/\/www.facebook.com\/lookingforcharly\" \/>\n<meta property=\"article:published_time\" content=\"2022-09-23T10:13:00+00:00\" \/>\n<meta property=\"article:modified_time\" content=\"2025-02-28T17:27:29+00:00\" \/>\n<meta property=\"og:image\" content=\"http:\/\/lookingforcharly.com\/wp-content\/uploads\/2022\/09\/brett-sayles-frida-kahlo-1024x682.jpg\" \/>\n<meta name=\"author\" content=\"Daphne\" \/>\n<meta name=\"twitter:card\" content=\"summary_large_image\" \/>\n<meta name=\"twitter:label1\" content=\"Written by\" \/>\n\t<meta name=\"twitter:data1\" content=\"Daphne\" \/>\n\t<meta name=\"twitter:label2\" content=\"Est. reading time\" \/>\n\t<meta name=\"twitter:data2\" content=\"5 minutes\" \/>\n<script type=\"application\/ld+json\" class=\"yoast-schema-graph\">{\"@context\":\"https:\/\/schema.org\",\"@graph\":[{\"@type\":\"Article\",\"@id\":\"https:\/\/lookingforcharly.com\/it\/viva-mexico-2\/#article\",\"isPartOf\":{\"@id\":\"https:\/\/lookingforcharly.com\/it\/viva-mexico-2\/\"},\"author\":{\"name\":\"Daphne\",\"@id\":\"https:\/\/lookingforcharly.com\/it\/#\/schema\/person\/7fb1ea89bf2ffa5783a7f11778422101\"},\"headline\":\"Viva Mexico\",\"datePublished\":\"2022-09-23T10:13:00+00:00\",\"dateModified\":\"2025-02-28T17:27:29+00:00\",\"mainEntityOfPage\":{\"@id\":\"https:\/\/lookingforcharly.com\/it\/viva-mexico-2\/\"},\"wordCount\":658,\"publisher\":{\"@id\":\"https:\/\/lookingforcharly.com\/it\/#organization\"},\"image\":{\"@id\":\"https:\/\/lookingforcharly.com\/it\/viva-mexico-2\/#primaryimage\"},\"thumbnailUrl\":\"https:\/\/lookingforcharly.com\/wp-content\/uploads\/2022\/09\/brett-sayles-frida-kahlo.jpg\",\"articleSection\":[\"America Latina\"],\"inLanguage\":\"it-IT\"},{\"@type\":\"WebPage\",\"@id\":\"https:\/\/lookingforcharly.com\/it\/viva-mexico-2\/\",\"url\":\"https:\/\/lookingforcharly.com\/it\/viva-mexico-2\/\",\"name\":\"Viva Mexico\",\"isPartOf\":{\"@id\":\"https:\/\/lookingforcharly.com\/it\/#website\"},\"primaryImageOfPage\":{\"@id\":\"https:\/\/lookingforcharly.com\/it\/viva-mexico-2\/#primaryimage\"},\"image\":{\"@id\":\"https:\/\/lookingforcharly.com\/it\/viva-mexico-2\/#primaryimage\"},\"thumbnailUrl\":\"https:\/\/lookingforcharly.com\/wp-content\/uploads\/2022\/09\/brett-sayles-frida-kahlo.jpg\",\"datePublished\":\"2022-09-23T10:13:00+00:00\",\"dateModified\":\"2025-02-28T17:27:29+00:00\",\"description\":\"Il Messico \u00e8 la fusione di un paese ricco e di un ambiente naturale attraente. Tra tradizione e modernit\u00e0, oceano e palude di mangrovie, ecco una panoramica di questo affascinante Paese.\",\"breadcrumb\":{\"@id\":\"https:\/\/lookingforcharly.com\/it\/viva-mexico-2\/#breadcrumb\"},\"inLanguage\":\"it-IT\",\"potentialAction\":[{\"@type\":\"ReadAction\",\"target\":[\"https:\/\/lookingforcharly.com\/it\/viva-mexico-2\/\"]}]},{\"@type\":\"ImageObject\",\"inLanguage\":\"it-IT\",\"@id\":\"https:\/\/lookingforcharly.com\/it\/viva-mexico-2\/#primaryimage\",\"url\":\"https:\/\/lookingforcharly.com\/wp-content\/uploads\/2022\/09\/brett-sayles-frida-kahlo.jpg\",\"contentUrl\":\"https:\/\/lookingforcharly.com\/wp-content\/uploads\/2022\/09\/brett-sayles-frida-kahlo.jpg\",\"width\":1280,\"height\":852},{\"@type\":\"BreadcrumbList\",\"@id\":\"https:\/\/lookingforcharly.com\/it\/viva-mexico-2\/#breadcrumb\",\"itemListElement\":[{\"@type\":\"ListItem\",\"position\":1,\"name\":\"Accueil\",\"item\":\"https:\/\/lookingforcharly.com\/it\/\"},{\"@type\":\"ListItem\",\"position\":2,\"name\":\"America Latina\",\"item\":\"https:\/\/lookingforcharly.com\/it\/america-latina-it\/\"},{\"@type\":\"ListItem\",\"position\":3,\"name\":\"Viva Mexico\"}]},{\"@type\":\"WebSite\",\"@id\":\"https:\/\/lookingforcharly.com\/it\/#website\",\"url\":\"https:\/\/lookingforcharly.com\/it\/\",\"name\":\"Looking For Charly\",\"description\":\"Exp\u00e9riences autour du monde\",\"publisher\":{\"@id\":\"https:\/\/lookingforcharly.com\/it\/#organization\"},\"potentialAction\":[{\"@type\":\"SearchAction\",\"target\":{\"@type\":\"EntryPoint\",\"urlTemplate\":\"https:\/\/lookingforcharly.com\/it\/?s={search_term_string}\"},\"query-input\":{\"@type\":\"PropertyValueSpecification\",\"valueRequired\":true,\"valueName\":\"search_term_string\"}}],\"inLanguage\":\"it-IT\"},{\"@type\":\"Organization\",\"@id\":\"https:\/\/lookingforcharly.com\/it\/#organization\",\"name\":\"Looking For Charly\",\"alternateName\":\"L4C\",\"url\":\"https:\/\/lookingforcharly.com\/it\/\",\"logo\":{\"@type\":\"ImageObject\",\"inLanguage\":\"it-IT\",\"@id\":\"https:\/\/lookingforcharly.com\/it\/#\/schema\/logo\/image\/\",\"url\":\"https:\/\/lookingforcharly.com\/wp-content\/uploads\/2024\/03\/cropped-cropped-Logo-Looking-for-Charly.png\",\"contentUrl\":\"https:\/\/lookingforcharly.com\/wp-content\/uploads\/2024\/03\/cropped-cropped-Logo-Looking-for-Charly.png\",\"width\":512,\"height\":512,\"caption\":\"Looking For Charly\"},\"image\":{\"@id\":\"https:\/\/lookingforcharly.com\/it\/#\/schema\/logo\/image\/\"},\"sameAs\":[\"https:\/\/www.facebook.com\/lookingforcharly\",\"https:\/\/www.instagram.com\/lookingforcharly\/\",\"https:\/\/www.linkedin.com\/company\/looking-for-charly\/\"]},{\"@type\":\"Person\",\"@id\":\"https:\/\/lookingforcharly.com\/it\/#\/schema\/person\/7fb1ea89bf2ffa5783a7f11778422101\",\"name\":\"Daphne\",\"image\":{\"@type\":\"ImageObject\",\"inLanguage\":\"it-IT\",\"@id\":\"https:\/\/lookingforcharly.com\/it\/#\/schema\/person\/image\/\",\"url\":\"https:\/\/secure.gravatar.com\/avatar\/2ca706e3f813d28833c317a19f4cba15b3da298a104b03edf59c6cb7f563cfc5?s=96&d=mm&r=g\",\"contentUrl\":\"https:\/\/secure.gravatar.com\/avatar\/2ca706e3f813d28833c317a19f4cba15b3da298a104b03edf59c6cb7f563cfc5?s=96&d=mm&r=g\",\"caption\":\"Daphne\"},\"url\":\"https:\/\/lookingforcharly.com\/it\/author\/daphne\/\"}]}<\/script>\n<!-- \/ Yoast SEO plugin. -->","yoast_head_json":{"title":"Viva Mexico","description":"Il Messico \u00e8 la fusione di un paese ricco e di un ambiente naturale attraente. Tra tradizione e modernit\u00e0, oceano e palude di mangrovie, ecco una panoramica di questo affascinante Paese.","robots":{"index":"index","follow":"follow","max-snippet":"max-snippet:-1","max-image-preview":"max-image-preview:large","max-video-preview":"max-video-preview:-1"},"canonical":"https:\/\/lookingforcharly.com\/it\/viva-mexico-2\/","og_locale":"it_IT","og_type":"article","og_title":"Viva Mexico","og_description":"Il Messico \u00e8 la fusione di un paese ricco e di un ambiente naturale attraente. Tra tradizione e modernit\u00e0, oceano e palude di mangrovie, ecco una panoramica di questo affascinante Paese.","og_url":"https:\/\/lookingforcharly.com\/it\/viva-mexico-2\/","og_site_name":"Looking For Charly","article_publisher":"https:\/\/www.facebook.com\/lookingforcharly","article_published_time":"2022-09-23T10:13:00+00:00","article_modified_time":"2025-02-28T17:27:29+00:00","og_image":[{"url":"http:\/\/lookingforcharly.com\/wp-content\/uploads\/2022\/09\/brett-sayles-frida-kahlo-1024x682.jpg","type":"","width":"","height":""}],"author":"Daphne","twitter_card":"summary_large_image","twitter_misc":{"Written by":"Daphne","Est. reading time":"5 minutes"},"schema":{"@context":"https:\/\/schema.org","@graph":[{"@type":"Article","@id":"https:\/\/lookingforcharly.com\/it\/viva-mexico-2\/#article","isPartOf":{"@id":"https:\/\/lookingforcharly.com\/it\/viva-mexico-2\/"},"author":{"name":"Daphne","@id":"https:\/\/lookingforcharly.com\/it\/#\/schema\/person\/7fb1ea89bf2ffa5783a7f11778422101"},"headline":"Viva Mexico","datePublished":"2022-09-23T10:13:00+00:00","dateModified":"2025-02-28T17:27:29+00:00","mainEntityOfPage":{"@id":"https:\/\/lookingforcharly.com\/it\/viva-mexico-2\/"},"wordCount":658,"publisher":{"@id":"https:\/\/lookingforcharly.com\/it\/#organization"},"image":{"@id":"https:\/\/lookingforcharly.com\/it\/viva-mexico-2\/#primaryimage"},"thumbnailUrl":"https:\/\/lookingforcharly.com\/wp-content\/uploads\/2022\/09\/brett-sayles-frida-kahlo.jpg","articleSection":["America Latina"],"inLanguage":"it-IT"},{"@type":"WebPage","@id":"https:\/\/lookingforcharly.com\/it\/viva-mexico-2\/","url":"https:\/\/lookingforcharly.com\/it\/viva-mexico-2\/","name":"Viva Mexico","isPartOf":{"@id":"https:\/\/lookingforcharly.com\/it\/#website"},"primaryImageOfPage":{"@id":"https:\/\/lookingforcharly.com\/it\/viva-mexico-2\/#primaryimage"},"image":{"@id":"https:\/\/lookingforcharly.com\/it\/viva-mexico-2\/#primaryimage"},"thumbnailUrl":"https:\/\/lookingforcharly.com\/wp-content\/uploads\/2022\/09\/brett-sayles-frida-kahlo.jpg","datePublished":"2022-09-23T10:13:00+00:00","dateModified":"2025-02-28T17:27:29+00:00","description":"Il Messico \u00e8 la fusione di un paese ricco e di un ambiente naturale attraente. Tra tradizione e modernit\u00e0, oceano e palude di mangrovie, ecco una panoramica di questo affascinante Paese.","breadcrumb":{"@id":"https:\/\/lookingforcharly.com\/it\/viva-mexico-2\/#breadcrumb"},"inLanguage":"it-IT","potentialAction":[{"@type":"ReadAction","target":["https:\/\/lookingforcharly.com\/it\/viva-mexico-2\/"]}]},{"@type":"ImageObject","inLanguage":"it-IT","@id":"https:\/\/lookingforcharly.com\/it\/viva-mexico-2\/#primaryimage","url":"https:\/\/lookingforcharly.com\/wp-content\/uploads\/2022\/09\/brett-sayles-frida-kahlo.jpg","contentUrl":"https:\/\/lookingforcharly.com\/wp-content\/uploads\/2022\/09\/brett-sayles-frida-kahlo.jpg","width":1280,"height":852},{"@type":"BreadcrumbList","@id":"https:\/\/lookingforcharly.com\/it\/viva-mexico-2\/#breadcrumb","itemListElement":[{"@type":"ListItem","position":1,"name":"Accueil","item":"https:\/\/lookingforcharly.com\/it\/"},{"@type":"ListItem","position":2,"name":"America Latina","item":"https:\/\/lookingforcharly.com\/it\/america-latina-it\/"},{"@type":"ListItem","position":3,"name":"Viva Mexico"}]},{"@type":"WebSite","@id":"https:\/\/lookingforcharly.com\/it\/#website","url":"https:\/\/lookingforcharly.com\/it\/","name":"Looking For Charly","description":"Exp\u00e9riences autour du monde","publisher":{"@id":"https:\/\/lookingforcharly.com\/it\/#organization"},"potentialAction":[{"@type":"SearchAction","target":{"@type":"EntryPoint","urlTemplate":"https:\/\/lookingforcharly.com\/it\/?s={search_term_string}"},"query-input":{"@type":"PropertyValueSpecification","valueRequired":true,"valueName":"search_term_string"}}],"inLanguage":"it-IT"},{"@type":"Organization","@id":"https:\/\/lookingforcharly.com\/it\/#organization","name":"Looking For Charly","alternateName":"L4C","url":"https:\/\/lookingforcharly.com\/it\/","logo":{"@type":"ImageObject","inLanguage":"it-IT","@id":"https:\/\/lookingforcharly.com\/it\/#\/schema\/logo\/image\/","url":"https:\/\/lookingforcharly.com\/wp-content\/uploads\/2024\/03\/cropped-cropped-Logo-Looking-for-Charly.png","contentUrl":"https:\/\/lookingforcharly.com\/wp-content\/uploads\/2024\/03\/cropped-cropped-Logo-Looking-for-Charly.png","width":512,"height":512,"caption":"Looking For Charly"},"image":{"@id":"https:\/\/lookingforcharly.com\/it\/#\/schema\/logo\/image\/"},"sameAs":["https:\/\/www.facebook.com\/lookingforcharly","https:\/\/www.instagram.com\/lookingforcharly\/","https:\/\/www.linkedin.com\/company\/looking-for-charly\/"]},{"@type":"Person","@id":"https:\/\/lookingforcharly.com\/it\/#\/schema\/person\/7fb1ea89bf2ffa5783a7f11778422101","name":"Daphne","image":{"@type":"ImageObject","inLanguage":"it-IT","@id":"https:\/\/lookingforcharly.com\/it\/#\/schema\/person\/image\/","url":"https:\/\/secure.gravatar.com\/avatar\/2ca706e3f813d28833c317a19f4cba15b3da298a104b03edf59c6cb7f563cfc5?s=96&d=mm&r=g","contentUrl":"https:\/\/secure.gravatar.com\/avatar\/2ca706e3f813d28833c317a19f4cba15b3da298a104b03edf59c6cb7f563cfc5?s=96&d=mm&r=g","caption":"Daphne"},"url":"https:\/\/lookingforcharly.com\/it\/author\/daphne\/"}]}},"_links":{"self":[{"href":"https:\/\/lookingforcharly.com\/it\/wp-json\/wp\/v2\/posts\/4263","targetHints":{"allow":["GET"]}}],"collection":[{"href":"https:\/\/lookingforcharly.com\/it\/wp-json\/wp\/v2\/posts"}],"about":[{"href":"https:\/\/lookingforcharly.com\/it\/wp-json\/wp\/v2\/types\/post"}],"author":[{"embeddable":true,"href":"https:\/\/lookingforcharly.com\/it\/wp-json\/wp\/v2\/users\/3"}],"replies":[{"embeddable":true,"href":"https:\/\/lookingforcharly.com\/it\/wp-json\/wp\/v2\/comments?post=4263"}],"version-history":[{"count":4,"href":"https:\/\/lookingforcharly.com\/it\/wp-json\/wp\/v2\/posts\/4263\/revisions"}],"predecessor-version":[{"id":7281,"href":"https:\/\/lookingforcharly.com\/it\/wp-json\/wp\/v2\/posts\/4263\/revisions\/7281"}],"wp:featuredmedia":[{"embeddable":true,"href":"https:\/\/lookingforcharly.com\/it\/wp-json\/wp\/v2\/media\/2249"}],"wp:attachment":[{"href":"https:\/\/lookingforcharly.com\/it\/wp-json\/wp\/v2\/media?parent=4263"}],"wp:term":[{"taxonomy":"category","embeddable":true,"href":"https:\/\/lookingforcharly.com\/it\/wp-json\/wp\/v2\/categories?post=4263"},{"taxonomy":"post_tag","embeddable":true,"href":"https:\/\/lookingforcharly.com\/it\/wp-json\/wp\/v2\/tags?post=4263"}],"curies":[{"name":"wp","href":"https:\/\/api.w.org\/{rel}","templated":true}]}}