{"id":4169,"date":"2023-05-18T14:52:00","date_gmt":"2023-05-18T12:52:00","guid":{"rendered":"https:\/\/tipi.beetrip.pro\/mais-qui-a-eu-cette-idee-folle\/"},"modified":"2024-06-14T08:00:31","modified_gmt":"2024-06-14T06:00:31","slug":"ma-di-chi-e-stata-questidea-da-pazzi","status":"publish","type":"post","link":"https:\/\/lookingforcharly.com\/it\/ma-di-chi-e-stata-questidea-da-pazzi\/","title":{"rendered":"Ma di chi \u00e8 stata quest\u2019idea (da Pazzi) ?"},"content":{"rendered":"\t\t<div data-elementor-type=\"wp-post\" data-elementor-id=\"4169\" class=\"elementor elementor-4169 elementor-1631\" data-elementor-post-type=\"post\">\n\t\t\t\t<div class=\"elementor-element elementor-element-2850888b e-flex e-con-boxed e-con e-parent\" data-id=\"2850888b\" data-element_type=\"container\" data-e-type=\"container\" data-settings=\"{&quot;background_background&quot;:&quot;classic&quot;}\">\n\t\t\t\t\t<div class=\"e-con-inner\">\n\t\t\t\t<div class=\"elementor-element elementor-element-299719b3 elementor-invisible elementor-widget elementor-widget-heading\" data-id=\"299719b3\" data-element_type=\"widget\" data-e-type=\"widget\" data-settings=\"{&quot;_animation&quot;:&quot;fadeIn&quot;}\" data-widget_type=\"heading.default\">\n\t\t\t\t<div class=\"elementor-widget-container\">\n\t\t\t\t\t<h1 class=\"elementor-heading-title elementor-size-default\">Ma di chi \u00e8 stata quest\u2019idea (da Pazzi) ?<\/h1>\t\t\t\t<\/div>\n\t\t\t\t<\/div>\n\t\t\t\t<div class=\"elementor-element elementor-element-19d877a elementor-widget elementor-widget-post-info\" data-id=\"19d877a\" data-element_type=\"widget\" data-e-type=\"widget\" data-widget_type=\"post-info.default\">\n\t\t\t\t<div class=\"elementor-widget-container\">\n\t\t\t\t\t\t\t<ul class=\"elementor-inline-items elementor-icon-list-items elementor-post-info\">\n\t\t\t\t\t\t\t\t<li class=\"elementor-icon-list-item elementor-repeater-item-e7fd4d6 elementor-inline-item\" itemprop=\"about\">\n\t\t\t\t\t\t\t\t\t\t\t\t\t<span class=\"elementor-icon-list-text elementor-post-info__item elementor-post-info__item--type-terms\">\n\t\t\t\t\t\t\t\t\t\t<span class=\"elementor-post-info__terms-list\">\n\t\t\t\t<a href=\"https:\/\/lookingforcharly.com\/it\/mondo\/\" class=\"elementor-post-info__terms-list-item\">Mondo<\/a>\t\t\t\t<\/span>\n\t\t\t\t\t<\/span>\n\t\t\t\t\t\t\t\t<\/li>\n\t\t\t\t<li class=\"elementor-icon-list-item elementor-repeater-item-932e776 elementor-inline-item\" itemprop=\"datePublished\">\n\t\t\t\t\t\t\t\t\t\t\t\t\t<span class=\"elementor-icon-list-text elementor-post-info__item elementor-post-info__item--type-date\">\n\t\t\t\t\t\t\t<span class=\"elementor-post-info__item-prefix\">le<\/span>\n\t\t\t\t\t\t\t\t\t\t<time>18 May 2023<\/time>\t\t\t\t\t<\/span>\n\t\t\t\t\t\t\t\t<\/li>\n\t\t\t\t<\/ul>\n\t\t\t\t\t\t<\/div>\n\t\t\t\t<\/div>\n\t\t\t\t\t<\/div>\n\t\t\t\t<\/div>\n\t\t<div class=\"elementor-element elementor-element-9cc6b78 e-flex e-con-boxed e-con e-parent\" data-id=\"9cc6b78\" data-element_type=\"container\" data-e-type=\"container\">\n\t\t\t\t\t<div class=\"e-con-inner\">\n\t\t\t\t<div class=\"elementor-element elementor-element-e13ea5b elementor-widget elementor-widget-text-editor\" data-id=\"e13ea5b\" data-element_type=\"widget\" data-e-type=\"widget\" data-widget_type=\"text-editor.default\">\n\t\t\t\t<div class=\"elementor-widget-container\">\n\t\t\t\t\t\t\t\t\t<h5 style=\"text-align: center;\"><em>La Charly Team vous facilite certains p\u00e9riples qui pourraient sembler inaccessibles.<\/em><\/h5>\n<h5 style=\"text-align: center;\"><em>Un monde \u00e0 part dont on entend que tr\u00e8s rarement parler, qui suscite curiosit\u00e9 et intrigue.<\/em><\/h5>\n<h5 style=\"text-align: center;\"><em>Laissez-nous vous mener sur des chemins de traverses qui resteront peut-\u00eatre dans un coin du grenier mais sur lesquels nous aurons au moins \u00e9clair\u00e9 vos lanternes ou bien pour certains, raviv\u00e9 la flamme.<\/em>\u00a0<\/h5>\n<p>\u00a0<\/p>\n\t\t\t\t\t\t\t\t<\/div>\n\t\t\t\t<\/div>\n\t\t\t\t<div class=\"elementor-element elementor-element-c7da0ed elementor-widget elementor-widget-heading\" data-id=\"c7da0ed\" data-element_type=\"widget\" data-e-type=\"widget\" data-widget_type=\"heading.default\">\n\t\t\t\t<div class=\"elementor-widget-container\">\n\t\t\t\t\t<h3 class=\"elementor-heading-title elementor-size-default\">Au pays de la reine de Saba<\/h3>\t\t\t\t<\/div>\n\t\t\t\t<\/div>\n\t\t\t\t<div class=\"elementor-element elementor-element-d8b1f8d elementor-widget elementor-widget-image\" data-id=\"d8b1f8d\" data-element_type=\"widget\" data-e-type=\"widget\" data-widget_type=\"image.default\">\n\t\t\t\t<div class=\"elementor-widget-container\">\n\t\t\t\t\t\t\t\t\t\t\t\t\t\t\t\t<a href=\"http:\/\/lookingforcharly.com\/wp-content\/uploads\/2023\/05\/Ethiopie.jpg\" data-elementor-open-lightbox=\"yes\" data-elementor-lightbox-title=\"Beautiful,Mountain,Landscape,With,Canyon,And,Dry,River,Bed,,Somali\" data-e-action-hash=\"#elementor-action%3Aaction%3Dlightbox%26settings%3DeyJpZCI6MTYzNiwidXJsIjoiaHR0cHM6XC9cL2xvb2tpbmdmb3JjaGFybHkuY29tXC93cC1jb250ZW50XC91cGxvYWRzXC8yMDIzXC8wNVwvRXRoaW9waWUuanBnIn0%3D\">\n\t\t\t\t\t\t\t<img fetchpriority=\"high\" decoding=\"async\" width=\"1000\" height=\"667\" src=\"https:\/\/lookingforcharly.com\/wp-content\/uploads\/2023\/05\/Ethiopie.jpg\" class=\"attachment-full size-full wp-image-1636\" alt=\"\" srcset=\"https:\/\/lookingforcharly.com\/wp-content\/uploads\/2023\/05\/Ethiopie.jpg 1000w, https:\/\/lookingforcharly.com\/wp-content\/uploads\/2023\/05\/Ethiopie-300x200.jpg 300w, https:\/\/lookingforcharly.com\/wp-content\/uploads\/2023\/05\/Ethiopie-768x512.jpg 768w\" sizes=\"(max-width: 1000px) 100vw, 1000px\" \/>\t\t\t\t\t\t\t\t<\/a>\n\t\t\t\t\t\t\t\t\t\t\t\t\t\t\t<\/div>\n\t\t\t\t<\/div>\n\t\t\t\t<div class=\"elementor-element elementor-element-96dab2e elementor-widget elementor-widget-text-editor\" data-id=\"96dab2e\" data-element_type=\"widget\" data-e-type=\"widget\" data-widget_type=\"text-editor.default\">\n\t\t\t\t<div class=\"elementor-widget-container\">\n\t\t\t\t\t\t\t\t\t<div>\n<div>\n<div>\n<div>\n<p style=\"text-align: justify;\">C\u2019est sur l\u2019une des premi\u00e8res terres chr\u00e9tiennes, au <strong><span style=\"color: #bfa800;\">centre de l\u2019\u00c9thiopie,<\/span><\/strong> dans une r\u00e9gion montagneuse \u00e0 2600 m\u00e8tres d\u2019altitude que se trouve le fameux site de <strong><span style=\"color: #bfa800;\">Lalibela.<\/span><\/strong> Class\u00e9 au patrimoine mondial de <strong><span style=\"color: #bfa800;\">l\u2019Unesco,<\/span><\/strong> se sont \u00a0ses <span style=\"color: #bfa800;\"><strong>onze \u00e9glises enterr\u00e9es<\/strong><\/span> qui en font sa notori\u00e9t\u00e9. L\u2019ensemble est un haut lieu du christianisme, de p\u00e8lerinage et de d\u00e9votions. Chacune des structures monolithiques est taill\u00e9e majestueusement au sommet des falaises, plant\u00e9e de 40 \u00e0 50 m\u00e8tres dans la terre et sculpt\u00e9e d\u2019ouvertures en croix laissant la lumi\u00e8re du soleil filtrer en son c\u0153ur.<\/p>\n<p style=\"text-align: justify;\">Elles furent construites par le Roi Gebre Mesqel Lalibela qui souhaitait que les chr\u00e9tiens orthodoxes \u00e9thiopiens poss\u00e8dent leur propre J\u00e9rusalem.<\/p>\n<p style=\"text-align: justify;\">Certaines sont faciles d\u2019acc\u00e8s tandis que d\u2019autres n\u00e9cessitent des petites randonn\u00e9es p\u00e9destres, de br\u00e8ves escalades tout en longeant des falaises, ce qui ajoute au plaisir de se rendre dans ces lieux mythiques.<\/p>\n<p style=\"text-align: justify;\">C\u00f4t\u00e9 rencontres insolites, vous ferez immersion dans une communaut\u00e9 de type socialiste utopique au fin fond du seul pays africain n\u2019ayant jamais \u00e9t\u00e9 colonis\u00e9. En pays Amhara ce sont quelques 400 Awra Amba qui refusent ici l\u2019in\u00e9galit\u00e9 des sexes, la maltraitance des enfants et l\u2019obligation d\u2019une religion, leurs principales valeurs humanistes respect\u00e9es a\u0300 travers leur mode de vie.<\/p>\n<p style=\"text-align: justify;\">Mais l\u2019\u00c9thiopie c\u2019est aussi, le d\u00e9sert du Dallol, les montagnes de Gheralta, les singes des monts Simien, et les chutes du Nil Bleu\u2026 un voyage tout en myst\u00e8res et aventures dans une diversit\u00e9 de paysages inattendus de la corne de l\u2019Afrique.<\/p>\n<p style=\"text-align: justify;\"><em><strong>Meilleurs saison : septembre \u00e0 avril.<\/strong><\/em><\/p>\n<p>\u00a0<\/p>\n<\/div>\n<\/div>\n<\/div>\n<\/div>\n\t\t\t\t\t\t\t\t<\/div>\n\t\t\t\t<\/div>\n\t\t\t\t<div class=\"elementor-element elementor-element-d77fa70 elementor-widget elementor-widget-heading\" data-id=\"d77fa70\" data-element_type=\"widget\" data-e-type=\"widget\" data-widget_type=\"heading.default\">\n\t\t\t\t<div class=\"elementor-widget-container\">\n\t\t\t\t\t<h3 class=\"elementor-heading-title elementor-size-default\">Pura Vida by night<\/h3>\t\t\t\t<\/div>\n\t\t\t\t<\/div>\n\t\t\t\t<div class=\"elementor-element elementor-element-e59e3ff elementor-widget elementor-widget-image\" data-id=\"e59e3ff\" data-element_type=\"widget\" data-e-type=\"widget\" data-widget_type=\"image.default\">\n\t\t\t\t<div class=\"elementor-widget-container\">\n\t\t\t\t\t\t\t\t\t\t\t\t\t\t\t\t<a href=\"http:\/\/lookingforcharly.com\/wp-content\/uploads\/2023\/05\/Frog-Costa-Rica.jpg\" data-elementor-open-lightbox=\"yes\" data-elementor-lightbox-title=\"Frog Costa Rica\" data-e-action-hash=\"#elementor-action%3Aaction%3Dlightbox%26settings%3DeyJpZCI6MTY0NSwidXJsIjoiaHR0cHM6XC9cL2xvb2tpbmdmb3JjaGFybHkuY29tXC93cC1jb250ZW50XC91cGxvYWRzXC8yMDIzXC8wNVwvRnJvZy1Db3N0YS1SaWNhLmpwZyJ9\">\n\t\t\t\t\t\t\t<img decoding=\"async\" width=\"1280\" height=\"853\" src=\"https:\/\/lookingforcharly.com\/wp-content\/uploads\/2023\/05\/Frog-Costa-Rica.jpg\" class=\"attachment-full size-full wp-image-1645\" alt=\"\" srcset=\"https:\/\/lookingforcharly.com\/wp-content\/uploads\/2023\/05\/Frog-Costa-Rica.jpg 1280w, https:\/\/lookingforcharly.com\/wp-content\/uploads\/2023\/05\/Frog-Costa-Rica-300x200.jpg 300w, https:\/\/lookingforcharly.com\/wp-content\/uploads\/2023\/05\/Frog-Costa-Rica-1024x682.jpg 1024w, https:\/\/lookingforcharly.com\/wp-content\/uploads\/2023\/05\/Frog-Costa-Rica-768x512.jpg 768w\" sizes=\"(max-width: 1280px) 100vw, 1280px\" \/>\t\t\t\t\t\t\t\t<\/a>\n\t\t\t\t\t\t\t\t\t\t\t\t\t\t\t<\/div>\n\t\t\t\t<\/div>\n\t\t\t\t<div class=\"elementor-element elementor-element-c695db4 elementor-widget elementor-widget-text-editor\" data-id=\"c695db4\" data-element_type=\"widget\" data-e-type=\"widget\" data-widget_type=\"text-editor.default\">\n\t\t\t\t<div class=\"elementor-widget-container\">\n\t\t\t\t\t\t\t\t\t<div>\n<div>\n<div>\n<div>\n<p style=\"text-align: justify;\"><strong><span style=\"color: #bfa800;\">Le Costa Rica<\/span><\/strong> est class\u00e9 par les voyageurs comme l\u2019un des plus beaux pays du monde, pour ses for\u00eats de nuages, ses volcans, ses rivi\u00e8res, ses plages. Abritant 6\u00a0% de la diversit\u00e9 biologique du globe, ce territoire \u2013 d\u00e9coup\u00e9 en zones prot\u00e9g\u00e9es \u2013 d\u00e9voile des mar\u00e9cages sur la c\u00f4te des Cara\u00efbes et des r\u00e9serves particuli\u00e8rement verdoyantes du c\u00f4t\u00e9 Pacifique.<\/p>\n<p style=\"text-align: justify;\">Tout ceci constitue un programme parfait pour le bien-\u00eatre, la relaxation, mais surtout l\u2019aventure voire l\u2019adr\u00e9naline. Et l<span style=\"color: #bfa800;\"><strong>\u2019exp\u00e9rience<\/strong><\/span> est encore plus remarquable <strong><span style=\"color: #bfa800;\">\u00e0 la tomb\u00e9e du soleil<\/span><\/strong>, principalement \u00e0 l\u2019ouest, alors qu\u2019une majorit\u00e9 de la faune est active \u00e0 ce moment-l\u00e0, <span style=\"color: #000000;\">parfois<\/span> m\u00eame fringante <span style=\"color: #bfa800;\"><span style=\"color: #000000;\">uniquement<\/span><strong> la nuit.<\/strong><\/span><\/p>\n<p style=\"text-align: justify;\">Cette jungle vous livre ses myst\u00e8res \u00e0 travers certaines esp\u00e8ces que vous ne pourriez pas voir facilement pendant la journ\u00e9e ! Au c\u00f4t\u00e9 de guides sp\u00e9cialis\u00e9s, c\u2019est munis d\u2019une lampe de poche sp\u00e9ciale UV que vous parcourrez cet \u00e9cosyst\u00e8me impressionnant.<\/p>\n<p style=\"text-align: justify;\">L\u2019atmosph\u00e8re devient fantasmagorique, passant du vert lumineux au noir profond, envahie des sons de millions d\u2019animaux tels qu\u2019insectes, oiseaux, amphibiens et reptiles\u00a0! Non ce cri \u00e9trange dans la p\u00e9nombre n\u2019est pas le fruit de votre imagination mais bien celui d\u2019une b\u00eate nocturne\u2026.\u00a0 Et ne manquez aucune des grenouilles aux yeux rouges \u2013 la star locale \u2013 la transparente mais bien luisante, les miniatures rouge et bleue ou les noire et jaune.<\/p>\n<p style=\"text-align: justify;\">Autre curiosit\u00e9 \u00e0 vivre \u2013 en saison \u2013 devant l\u2019oc\u00e9an Pacifique au nord-est, dans l\u2019obscurit\u00e9 vous suivrez les traces des tortues oliv\u00e2tres venant d\u00e9poser leurs \u0153ufs sur les rivages, toutes proches des vagues d\u00e9ferlantes.<\/p>\n<p style=\"text-align: justify;\">Et connaissez-vous la bioluminescence, ce ph\u00e9nom\u00e8ne fascinant lorsque l\u2019oc\u00e9an s\u2019\u00e9claire la nuit\u00a0? Il s\u2019agit d\u2019un m\u00e9canisme de d\u00e9fense d\u2019organismes vivants, comme les lucioles, les poissons abyssaux ou le plancton r\u00e9agissant contre leurs pr\u00e9dateurs, \u00e9mettant une lumi\u00e8re lorsqu\u2019ils se sentent menac\u00e9s. Un spectacle unique \u00e0 r\u00e9aliser id\u00e9alement en Kayak dans les eaux de la p\u00e9ninsule de Nicoya \u2013 pour produire vos propres mouvements dans l\u2019eau et provoquer cette manifestation.<\/p>\n<p style=\"text-align: justify;\">Le Costa Rica c\u2019est aussi, les paresseux, \u00e0 deux ou trois doigts tout en lenteur, les quetzals aux dos vert \u00e9meraude, contrastant avec leur corps rubis, ou le\u00a0grand ibijau champion du camouflage\u00a0avec son environnement et bien s\u00fbr le toucan \u00e0 car\u00e8ne. De plus gros sp\u00e9cimens peuvent \u00eatre approch\u00e9s comme les crocodiles am\u00e9ricains g\u00e9ants qui ont \u00e9lu domicile dans le Rio Tarcoles, le\u00a0tapir de Bairdest en voie de disparition et avec beaucoup de chance, certains rares f\u00e9lins comme le jaguar ou le puma.<\/p>\n<p style=\"text-align: justify;\"><em><strong>Saison : le pays est accessible toute l\u2019ann\u00e9e mais attention, mars et avril sont les plus chauds et tr\u00e8s fr\u00e9quent\u00e9s. Pour l\u2019observation en for\u00eat tropicale on privil\u00e9giera les mois d\u2019avril \u00e0 novembre, la saison humide en \u00e9vitant septembre.<\/strong><\/em><\/p>\n<p>\u00a0<\/p>\n<\/div>\n<\/div>\n<\/div>\n<\/div>\n\t\t\t\t\t\t\t\t<\/div>\n\t\t\t\t<\/div>\n\t\t\t\t<div class=\"elementor-element elementor-element-528fee3 elementor-widget elementor-widget-heading\" data-id=\"528fee3\" data-element_type=\"widget\" data-e-type=\"widget\" data-widget_type=\"heading.default\">\n\t\t\t\t<div class=\"elementor-widget-container\">\n\t\t\t\t\t<h3 class=\"elementor-heading-title elementor-size-default\">Pers\u00e9v\u00e9rance, quelque part dans les Cinquanti\u00e8mes Hurlants<\/h3>\t\t\t\t<\/div>\n\t\t\t\t<\/div>\n\t\t\t\t<div class=\"elementor-element elementor-element-f115dfe elementor-widget elementor-widget-image\" data-id=\"f115dfe\" data-element_type=\"widget\" data-e-type=\"widget\" data-widget_type=\"image.default\">\n\t\t\t\t<div class=\"elementor-widget-container\">\n\t\t\t\t\t\t\t\t\t\t\t\t\t\t\t\t<a href=\"http:\/\/lookingforcharly.com\/wp-content\/uploads\/2023\/05\/Perseverance-Jean-Louis-Etienne.jpeg\" data-elementor-open-lightbox=\"yes\" data-elementor-lightbox-title=\"Perseverance - Jean Louis Etienne\" data-e-action-hash=\"#elementor-action%3Aaction%3Dlightbox%26settings%3DeyJpZCI6MTY1MSwidXJsIjoiaHR0cHM6XC9cL2xvb2tpbmdmb3JjaGFybHkuY29tXC93cC1jb250ZW50XC91cGxvYWRzXC8yMDIzXC8wNVwvUGVyc2V2ZXJhbmNlLUplYW4tTG91aXMtRXRpZW5uZS5qcGVnIn0%3D\">\n\t\t\t\t\t\t\t<img decoding=\"async\" width=\"1260\" height=\"831\" src=\"https:\/\/lookingforcharly.com\/wp-content\/uploads\/2023\/05\/Perseverance-Jean-Louis-Etienne.jpeg\" class=\"attachment-full size-full wp-image-1651\" alt=\"\" srcset=\"https:\/\/lookingforcharly.com\/wp-content\/uploads\/2023\/05\/Perseverance-Jean-Louis-Etienne.jpeg 1260w, https:\/\/lookingforcharly.com\/wp-content\/uploads\/2023\/05\/Perseverance-Jean-Louis-Etienne-300x198.jpeg 300w, https:\/\/lookingforcharly.com\/wp-content\/uploads\/2023\/05\/Perseverance-Jean-Louis-Etienne-1024x675.jpeg 1024w, https:\/\/lookingforcharly.com\/wp-content\/uploads\/2023\/05\/Perseverance-Jean-Louis-Etienne-768x507.jpeg 768w\" sizes=\"(max-width: 1260px) 100vw, 1260px\" \/>\t\t\t\t\t\t\t\t<\/a>\n\t\t\t\t\t\t\t\t\t\t\t\t\t\t\t<\/div>\n\t\t\t\t<\/div>\n\t\t\t\t<div class=\"elementor-element elementor-element-7d83c90 elementor-widget elementor-widget-text-editor\" data-id=\"7d83c90\" data-element_type=\"widget\" data-e-type=\"widget\" data-widget_type=\"text-editor.default\">\n\t\t\t\t<div class=\"elementor-widget-container\">\n\t\t\t\t\t\t\t\t\t<div class=\"et_pb_column et_pb_column_4_4 et_pb_column_9  et_pb_css_mix_blend_mode_passthrough et-last-child\">\n<div class=\"et_pb_module et_pb_text et_pb_text_6  et_pb_text_align_left et_pb_bg_layout_light\">\n<div class=\"et_pb_text_inner\">\n<p><span style=\"font-size: 10pt;\">Photo \u00a9NICOLAS GAGNON-LUXIGON<\/span><\/p>\n<\/div>\n<\/div>\n<\/div>\n\t\t\t\t\t\t\t\t<\/div>\n\t\t\t\t<\/div>\n\t\t\t\t<div class=\"elementor-element elementor-element-e8669d5 elementor-widget elementor-widget-text-editor\" data-id=\"e8669d5\" data-element_type=\"widget\" data-e-type=\"widget\" data-widget_type=\"text-editor.default\">\n\t\t\t\t<div class=\"elementor-widget-container\">\n\t\t\t\t\t\t\t\t\t<p style=\"text-align: justify;\"><strong><span style=\"color: #bfa800;\">Infatigable explorateur<\/span><\/strong>, le premier homme \u00e0 avoir atteint le p\u00f4le nord en solitaire \u2013 <strong><span style=\"color: #bfa800;\">Jean-Louis Etienne <\/span><\/strong>\u2013 propose depuis le printemps 2023 des <span style=\"color: #bfa800;\"><strong>croisi\u00e8res atypiques<\/strong><\/span> offrant l\u2019opportunit\u00e9 singuli\u00e8re d\u2019embarquer \u00e0 bord d\u2019un navire taill\u00e9 pour l<strong><span style=\"color: #bfa800;\">\u2019aventure et<\/span><\/strong> la <span style=\"color: #bfa800;\"><strong>science.<\/strong><\/span>\u00a0<\/p>\n<p style=\"text-align: justify;\">La voix de son ma\u00eetre les r\u00e9sume parfaitement, <em>\u00ab\u00a0des voyages d\u2019\u00e9cotourisme \u00e0 bord d\u2019un voilier mythique qui accompagnera la plus grande et audacieuse exploration oc\u00e9anique des temps modernes\u00a0\u00bb .<\/em><\/p>\n<p style=\"text-align: justify;\">L\u2019\u00e9quipage, <strong>compos\u00e9 de 8 personnes, pour<\/strong>ra <strong>veiller sur 12 passagers<\/strong> en cabine \u00e0 au c\u0153ur de sa coque en aluminium renforc\u00e9e pour naviguer dans les eaux polaires. Les chanceux croisi\u00e9ristes pourront d\u00e9couvrir le Groenland, le Spitzberg et quelques voyageurs ont d\u00e9j\u00e0 pu contourner le Vietnam. Sur certains trajets, le c\u00e9l\u00e8bre explorateur sera de la partie.<\/p>\n<p style=\"text-align: justify;\">En navigation, le m\u00e9tier de marin n\u2019aura plus de secret pour vous, tout comme celui d\u2019explorateur et de scientifique. Chaque intervenant vous initiera \u00e0 son environnement, vous aidera \u00e0 comprendre le c\u0153ur de cette mission et l\u2019importance des feuilles de route et des man\u0153uvres.<\/p>\n<p style=\"text-align: justify;\">Ce <strong>bateau autonome \u2013 de 42 m de long et de 11 m de large<\/strong> \u2013 sera capable de naviguer et d\u2019effectuer des mesures dans les tumultes de l\u2019Antarctique, puis deviendra la base logistique et de ravitaillement de Polar POD. Pour m\u00e9moire, un projet de tr\u00e8s longue haleine, un \u00ab\u00a0navire vertical\u00a0\u00bb destin\u00e9 \u00e0 d\u00e9river du c\u00f4t\u00e9 de l\u2019Antarctique pendant au moins trois ans \u00e0 partir de 2024. Polar Pod effectuera des pr\u00e9l\u00e8vements dans le courant subantarctique, et les donn\u00e9es r\u00e9colt\u00e9es en temps r\u00e9el seront partag\u00e9es avec la communaut\u00e9 scientifique internationale.<\/p>\n<p style=\"text-align: justify;\"><strong>Pers\u00e9v\u00e9rance est actuellement \u2013 en route entre Brest et Tr\u00f6mso (mai 2023).<\/strong><\/p>\n<p style=\"text-align: justify;\">A l\u2019abordage\u00a0!<\/p>\n<p><strong><span style=\"color: #bfa800;\">Nous contacter pour en savoir plus sur les disponibilit\u00e9s et les segments disponibles.<\/span><\/strong><\/p>\n<p><strong><span style=\"color: #bfa800;\">\u00a0<\/span><\/strong><\/p>\n\t\t\t\t\t\t\t\t<\/div>\n\t\t\t\t<\/div>\n\t\t\t\t<div class=\"elementor-element elementor-element-322d618 elementor-widget elementor-widget-text-editor\" data-id=\"322d618\" data-element_type=\"widget\" data-e-type=\"widget\" data-widget_type=\"text-editor.default\">\n\t\t\t\t<div class=\"elementor-widget-container\">\n\t\t\t\t\t\t\t\t\t<p><img loading=\"lazy\" decoding=\"async\" class=\"alignnone size-medium wp-image-273 aligncenter\" src=\"http:\/\/lookingforcharly.com\/wp-content\/uploads\/2024\/03\/pictocharly-300x278.png\" alt=\"\" width=\"300\" height=\"278\" srcset=\"https:\/\/lookingforcharly.com\/wp-content\/uploads\/2024\/03\/pictocharly-300x278.png 300w, https:\/\/lookingforcharly.com\/wp-content\/uploads\/2024\/03\/pictocharly.png 642w\" sizes=\"(max-width: 300px) 100vw, 300px\" \/><\/p>\n\t\t\t\t\t\t\t\t<\/div>\n\t\t\t\t<\/div>\n\t\t\t\t<div class=\"elementor-element elementor-element-654bbf5 elementor-widget-divider--view-line elementor-widget elementor-widget-divider\" data-id=\"654bbf5\" data-element_type=\"widget\" data-e-type=\"widget\" data-widget_type=\"divider.default\">\n\t\t\t\t<div class=\"elementor-widget-container\">\n\t\t\t\t\t\t\t<div class=\"elementor-divider\">\n\t\t\t<span class=\"elementor-divider-separator\">\n\t\t\t\t\t\t<\/span>\n\t\t<\/div>\n\t\t\t\t\t\t<\/div>\n\t\t\t\t<\/div>\n\t\t\t\t\t<\/div>\n\t\t\t\t<\/div>\n\t\t<div class=\"elementor-element elementor-element-957feb5 e-flex e-con-boxed e-con e-parent\" data-id=\"957feb5\" data-element_type=\"container\" data-e-type=\"container\">\n\t\t\t\t\t<div class=\"e-con-inner\">\n\t\t<div class=\"elementor-element elementor-element-3528335 e-con-full e-flex e-con e-child\" data-id=\"3528335\" data-element_type=\"container\" data-e-type=\"container\">\n\t\t\t\t<div class=\"elementor-element elementor-element-a9a8e01 elementor-widget elementor-widget-heading\" data-id=\"a9a8e01\" data-element_type=\"widget\" data-e-type=\"widget\" data-widget_type=\"heading.default\">\n\t\t\t\t<div class=\"elementor-widget-container\">\n\t\t\t\t\t<h3 class=\"elementor-heading-title elementor-size-default\">Vous aimerez aussi...<\/h3>\t\t\t\t<\/div>\n\t\t\t\t<\/div>\n\t\t\t\t<\/div>\n\t\t\t\t\t<\/div>\n\t\t\t\t<\/div>\n\t\t\t\t<\/div>\n\t\t","protected":false},"excerpt":{"rendered":"<p>Il Charly Team ha la capacit\u00e0 di semplificare l\u2019organizzazione di certi viaggi che potrebbero sembrare del tutto inaccessibili. Mondi unici dei quali si sente parlare molto raramente, incredibilmente intriganti e capaci di suscitare grande curiosit\u00e0.<\/p>\n","protected":false},"author":3,"featured_media":5425,"comment_status":"closed","ping_status":"open","sticky":false,"template":"","format":"standard","meta":{"footnotes":""},"categories":[61],"tags":[],"class_list":["post-4169","post","type-post","status-publish","format-standard","has-post-thumbnail","hentry","category-mondo"],"yoast_head":"<!-- This site is optimized with the Yoast SEO plugin v27.1.1 - https:\/\/yoast.com\/product\/yoast-seo-wordpress\/ -->\n<title>Ma di chi \u00e8 stata quest\u2019idea (da Pazzi) ?<\/title>\n<meta name=\"description\" content=\"Non sapeva che fosse impossibile, quindi lo ha fatto il Charly Team. Panoramica di viaggi rari e intriganti.\" \/>\n<meta name=\"robots\" content=\"index, follow, max-snippet:-1, max-image-preview:large, max-video-preview:-1\" \/>\n<link rel=\"canonical\" href=\"https:\/\/lookingforcharly.com\/it\/ma-di-chi-e-stata-questidea-da-pazzi\/\" \/>\n<meta property=\"og:locale\" content=\"it_IT\" \/>\n<meta property=\"og:type\" content=\"article\" \/>\n<meta property=\"og:title\" content=\"Ma di chi \u00e8 stata quest\u2019idea (da Pazzi) ?\" \/>\n<meta property=\"og:description\" content=\"Non sapeva che fosse impossibile, quindi lo ha fatto il Charly Team. Panoramica di viaggi rari e intriganti.\" \/>\n<meta property=\"og:url\" content=\"https:\/\/lookingforcharly.com\/it\/ma-di-chi-e-stata-questidea-da-pazzi\/\" \/>\n<meta property=\"og:site_name\" content=\"Looking For Charly\" \/>\n<meta property=\"article:publisher\" content=\"https:\/\/www.facebook.com\/lookingforcharly\" \/>\n<meta property=\"article:published_time\" content=\"2023-05-18T12:52:00+00:00\" \/>\n<meta property=\"article:modified_time\" content=\"2024-06-14T06:00:31+00:00\" \/>\n<meta property=\"og:image\" content=\"http:\/\/lookingforcharly.com\/wp-content\/uploads\/2024\/05\/Tour-du-monde-1024x682.jpg\" \/>\n<meta name=\"author\" content=\"Daphne\" \/>\n<meta name=\"twitter:card\" content=\"summary_large_image\" \/>\n<meta name=\"twitter:label1\" content=\"Written by\" \/>\n\t<meta name=\"twitter:data1\" content=\"Daphne\" \/>\n\t<meta name=\"twitter:label2\" content=\"Est. reading time\" \/>\n\t<meta name=\"twitter:data2\" content=\"7 minutes\" \/>\n<script type=\"application\/ld+json\" class=\"yoast-schema-graph\">{\"@context\":\"https:\/\/schema.org\",\"@graph\":[{\"@type\":\"Article\",\"@id\":\"https:\/\/lookingforcharly.com\/it\/ma-di-chi-e-stata-questidea-da-pazzi\/#article\",\"isPartOf\":{\"@id\":\"https:\/\/lookingforcharly.com\/it\/ma-di-chi-e-stata-questidea-da-pazzi\/\"},\"author\":{\"name\":\"Daphne\",\"@id\":\"https:\/\/lookingforcharly.com\/it\/#\/schema\/person\/7fb1ea89bf2ffa5783a7f11778422101\"},\"headline\":\"Ma di chi \u00e8 stata quest\u2019idea (da Pazzi) ?\",\"datePublished\":\"2023-05-18T12:52:00+00:00\",\"dateModified\":\"2024-06-14T06:00:31+00:00\",\"mainEntityOfPage\":{\"@id\":\"https:\/\/lookingforcharly.com\/it\/ma-di-chi-e-stata-questidea-da-pazzi\/\"},\"wordCount\":1193,\"publisher\":{\"@id\":\"https:\/\/lookingforcharly.com\/it\/#organization\"},\"image\":{\"@id\":\"https:\/\/lookingforcharly.com\/it\/ma-di-chi-e-stata-questidea-da-pazzi\/#primaryimage\"},\"thumbnailUrl\":\"https:\/\/lookingforcharly.com\/wp-content\/uploads\/2023\/05\/shutterstock_534970561.jpg\",\"articleSection\":[\"Mondo\"],\"inLanguage\":\"it-IT\"},{\"@type\":\"WebPage\",\"@id\":\"https:\/\/lookingforcharly.com\/it\/ma-di-chi-e-stata-questidea-da-pazzi\/\",\"url\":\"https:\/\/lookingforcharly.com\/it\/ma-di-chi-e-stata-questidea-da-pazzi\/\",\"name\":\"Ma di chi \u00e8 stata quest\u2019idea (da Pazzi) ?\",\"isPartOf\":{\"@id\":\"https:\/\/lookingforcharly.com\/it\/#website\"},\"primaryImageOfPage\":{\"@id\":\"https:\/\/lookingforcharly.com\/it\/ma-di-chi-e-stata-questidea-da-pazzi\/#primaryimage\"},\"image\":{\"@id\":\"https:\/\/lookingforcharly.com\/it\/ma-di-chi-e-stata-questidea-da-pazzi\/#primaryimage\"},\"thumbnailUrl\":\"https:\/\/lookingforcharly.com\/wp-content\/uploads\/2023\/05\/shutterstock_534970561.jpg\",\"datePublished\":\"2023-05-18T12:52:00+00:00\",\"dateModified\":\"2024-06-14T06:00:31+00:00\",\"description\":\"Non sapeva che fosse impossibile, quindi lo ha fatto il Charly Team. Panoramica di viaggi rari e intriganti.\",\"breadcrumb\":{\"@id\":\"https:\/\/lookingforcharly.com\/it\/ma-di-chi-e-stata-questidea-da-pazzi\/#breadcrumb\"},\"inLanguage\":\"it-IT\",\"potentialAction\":[{\"@type\":\"ReadAction\",\"target\":[\"https:\/\/lookingforcharly.com\/it\/ma-di-chi-e-stata-questidea-da-pazzi\/\"]}]},{\"@type\":\"ImageObject\",\"inLanguage\":\"it-IT\",\"@id\":\"https:\/\/lookingforcharly.com\/it\/ma-di-chi-e-stata-questidea-da-pazzi\/#primaryimage\",\"url\":\"https:\/\/lookingforcharly.com\/wp-content\/uploads\/2023\/05\/shutterstock_534970561.jpg\",\"contentUrl\":\"https:\/\/lookingforcharly.com\/wp-content\/uploads\/2023\/05\/shutterstock_534970561.jpg\",\"width\":1000,\"height\":567,\"caption\":\"Mais qui a eu cette id\u00e9e (Folle) ? Elle ne savait pas que c\u2019\u00e9tait impossible alors la Charly Team l\u2019a fait. Tour d\u2019horizon de p\u00e9riples rares et intrigants\u2026\"},{\"@type\":\"BreadcrumbList\",\"@id\":\"https:\/\/lookingforcharly.com\/it\/ma-di-chi-e-stata-questidea-da-pazzi\/#breadcrumb\",\"itemListElement\":[{\"@type\":\"ListItem\",\"position\":1,\"name\":\"Accueil\",\"item\":\"https:\/\/lookingforcharly.com\/it\/\"},{\"@type\":\"ListItem\",\"position\":2,\"name\":\"Mondo\",\"item\":\"https:\/\/lookingforcharly.com\/it\/mondo-it\/\"},{\"@type\":\"ListItem\",\"position\":3,\"name\":\"Ma di chi \u00e8 stata quest\u2019idea (da Pazzi) ?\"}]},{\"@type\":\"WebSite\",\"@id\":\"https:\/\/lookingforcharly.com\/it\/#website\",\"url\":\"https:\/\/lookingforcharly.com\/it\/\",\"name\":\"Looking For Charly\",\"description\":\"Exp\u00e9riences autour du monde\",\"publisher\":{\"@id\":\"https:\/\/lookingforcharly.com\/it\/#organization\"},\"potentialAction\":[{\"@type\":\"SearchAction\",\"target\":{\"@type\":\"EntryPoint\",\"urlTemplate\":\"https:\/\/lookingforcharly.com\/it\/?s={search_term_string}\"},\"query-input\":{\"@type\":\"PropertyValueSpecification\",\"valueRequired\":true,\"valueName\":\"search_term_string\"}}],\"inLanguage\":\"it-IT\"},{\"@type\":\"Organization\",\"@id\":\"https:\/\/lookingforcharly.com\/it\/#organization\",\"name\":\"Looking For Charly\",\"alternateName\":\"L4C\",\"url\":\"https:\/\/lookingforcharly.com\/it\/\",\"logo\":{\"@type\":\"ImageObject\",\"inLanguage\":\"it-IT\",\"@id\":\"https:\/\/lookingforcharly.com\/it\/#\/schema\/logo\/image\/\",\"url\":\"https:\/\/lookingforcharly.com\/wp-content\/uploads\/2024\/03\/cropped-cropped-Logo-Looking-for-Charly.png\",\"contentUrl\":\"https:\/\/lookingforcharly.com\/wp-content\/uploads\/2024\/03\/cropped-cropped-Logo-Looking-for-Charly.png\",\"width\":512,\"height\":512,\"caption\":\"Looking For Charly\"},\"image\":{\"@id\":\"https:\/\/lookingforcharly.com\/it\/#\/schema\/logo\/image\/\"},\"sameAs\":[\"https:\/\/www.facebook.com\/lookingforcharly\",\"https:\/\/www.instagram.com\/lookingforcharly\/\",\"https:\/\/www.linkedin.com\/company\/looking-for-charly\/\"]},{\"@type\":\"Person\",\"@id\":\"https:\/\/lookingforcharly.com\/it\/#\/schema\/person\/7fb1ea89bf2ffa5783a7f11778422101\",\"name\":\"Daphne\",\"image\":{\"@type\":\"ImageObject\",\"inLanguage\":\"it-IT\",\"@id\":\"https:\/\/lookingforcharly.com\/it\/#\/schema\/person\/image\/\",\"url\":\"https:\/\/secure.gravatar.com\/avatar\/2ca706e3f813d28833c317a19f4cba15b3da298a104b03edf59c6cb7f563cfc5?s=96&d=mm&r=g\",\"contentUrl\":\"https:\/\/secure.gravatar.com\/avatar\/2ca706e3f813d28833c317a19f4cba15b3da298a104b03edf59c6cb7f563cfc5?s=96&d=mm&r=g\",\"caption\":\"Daphne\"},\"url\":\"https:\/\/lookingforcharly.com\/it\/author\/daphne\/\"}]}<\/script>\n<!-- \/ Yoast SEO plugin. -->","yoast_head_json":{"title":"Ma di chi \u00e8 stata quest\u2019idea (da Pazzi) ?","description":"Non sapeva che fosse impossibile, quindi lo ha fatto il Charly Team. Panoramica di viaggi rari e intriganti.","robots":{"index":"index","follow":"follow","max-snippet":"max-snippet:-1","max-image-preview":"max-image-preview:large","max-video-preview":"max-video-preview:-1"},"canonical":"https:\/\/lookingforcharly.com\/it\/ma-di-chi-e-stata-questidea-da-pazzi\/","og_locale":"it_IT","og_type":"article","og_title":"Ma di chi \u00e8 stata quest\u2019idea (da Pazzi) ?","og_description":"Non sapeva che fosse impossibile, quindi lo ha fatto il Charly Team. Panoramica di viaggi rari e intriganti.","og_url":"https:\/\/lookingforcharly.com\/it\/ma-di-chi-e-stata-questidea-da-pazzi\/","og_site_name":"Looking For Charly","article_publisher":"https:\/\/www.facebook.com\/lookingforcharly","article_published_time":"2023-05-18T12:52:00+00:00","article_modified_time":"2024-06-14T06:00:31+00:00","og_image":[{"url":"http:\/\/lookingforcharly.com\/wp-content\/uploads\/2024\/05\/Tour-du-monde-1024x682.jpg","type":"","width":"","height":""}],"author":"Daphne","twitter_card":"summary_large_image","twitter_misc":{"Written by":"Daphne","Est. reading time":"7 minutes"},"schema":{"@context":"https:\/\/schema.org","@graph":[{"@type":"Article","@id":"https:\/\/lookingforcharly.com\/it\/ma-di-chi-e-stata-questidea-da-pazzi\/#article","isPartOf":{"@id":"https:\/\/lookingforcharly.com\/it\/ma-di-chi-e-stata-questidea-da-pazzi\/"},"author":{"name":"Daphne","@id":"https:\/\/lookingforcharly.com\/it\/#\/schema\/person\/7fb1ea89bf2ffa5783a7f11778422101"},"headline":"Ma di chi \u00e8 stata quest\u2019idea (da Pazzi) ?","datePublished":"2023-05-18T12:52:00+00:00","dateModified":"2024-06-14T06:00:31+00:00","mainEntityOfPage":{"@id":"https:\/\/lookingforcharly.com\/it\/ma-di-chi-e-stata-questidea-da-pazzi\/"},"wordCount":1193,"publisher":{"@id":"https:\/\/lookingforcharly.com\/it\/#organization"},"image":{"@id":"https:\/\/lookingforcharly.com\/it\/ma-di-chi-e-stata-questidea-da-pazzi\/#primaryimage"},"thumbnailUrl":"https:\/\/lookingforcharly.com\/wp-content\/uploads\/2023\/05\/shutterstock_534970561.jpg","articleSection":["Mondo"],"inLanguage":"it-IT"},{"@type":"WebPage","@id":"https:\/\/lookingforcharly.com\/it\/ma-di-chi-e-stata-questidea-da-pazzi\/","url":"https:\/\/lookingforcharly.com\/it\/ma-di-chi-e-stata-questidea-da-pazzi\/","name":"Ma di chi \u00e8 stata quest\u2019idea (da Pazzi) ?","isPartOf":{"@id":"https:\/\/lookingforcharly.com\/it\/#website"},"primaryImageOfPage":{"@id":"https:\/\/lookingforcharly.com\/it\/ma-di-chi-e-stata-questidea-da-pazzi\/#primaryimage"},"image":{"@id":"https:\/\/lookingforcharly.com\/it\/ma-di-chi-e-stata-questidea-da-pazzi\/#primaryimage"},"thumbnailUrl":"https:\/\/lookingforcharly.com\/wp-content\/uploads\/2023\/05\/shutterstock_534970561.jpg","datePublished":"2023-05-18T12:52:00+00:00","dateModified":"2024-06-14T06:00:31+00:00","description":"Non sapeva che fosse impossibile, quindi lo ha fatto il Charly Team. Panoramica di viaggi rari e intriganti.","breadcrumb":{"@id":"https:\/\/lookingforcharly.com\/it\/ma-di-chi-e-stata-questidea-da-pazzi\/#breadcrumb"},"inLanguage":"it-IT","potentialAction":[{"@type":"ReadAction","target":["https:\/\/lookingforcharly.com\/it\/ma-di-chi-e-stata-questidea-da-pazzi\/"]}]},{"@type":"ImageObject","inLanguage":"it-IT","@id":"https:\/\/lookingforcharly.com\/it\/ma-di-chi-e-stata-questidea-da-pazzi\/#primaryimage","url":"https:\/\/lookingforcharly.com\/wp-content\/uploads\/2023\/05\/shutterstock_534970561.jpg","contentUrl":"https:\/\/lookingforcharly.com\/wp-content\/uploads\/2023\/05\/shutterstock_534970561.jpg","width":1000,"height":567,"caption":"Mais qui a eu cette id\u00e9e (Folle) ? Elle ne savait pas que c\u2019\u00e9tait impossible alors la Charly Team l\u2019a fait. Tour d\u2019horizon de p\u00e9riples rares et intrigants\u2026"},{"@type":"BreadcrumbList","@id":"https:\/\/lookingforcharly.com\/it\/ma-di-chi-e-stata-questidea-da-pazzi\/#breadcrumb","itemListElement":[{"@type":"ListItem","position":1,"name":"Accueil","item":"https:\/\/lookingforcharly.com\/it\/"},{"@type":"ListItem","position":2,"name":"Mondo","item":"https:\/\/lookingforcharly.com\/it\/mondo-it\/"},{"@type":"ListItem","position":3,"name":"Ma di chi \u00e8 stata quest\u2019idea (da Pazzi) ?"}]},{"@type":"WebSite","@id":"https:\/\/lookingforcharly.com\/it\/#website","url":"https:\/\/lookingforcharly.com\/it\/","name":"Looking For Charly","description":"Exp\u00e9riences autour du monde","publisher":{"@id":"https:\/\/lookingforcharly.com\/it\/#organization"},"potentialAction":[{"@type":"SearchAction","target":{"@type":"EntryPoint","urlTemplate":"https:\/\/lookingforcharly.com\/it\/?s={search_term_string}"},"query-input":{"@type":"PropertyValueSpecification","valueRequired":true,"valueName":"search_term_string"}}],"inLanguage":"it-IT"},{"@type":"Organization","@id":"https:\/\/lookingforcharly.com\/it\/#organization","name":"Looking For Charly","alternateName":"L4C","url":"https:\/\/lookingforcharly.com\/it\/","logo":{"@type":"ImageObject","inLanguage":"it-IT","@id":"https:\/\/lookingforcharly.com\/it\/#\/schema\/logo\/image\/","url":"https:\/\/lookingforcharly.com\/wp-content\/uploads\/2024\/03\/cropped-cropped-Logo-Looking-for-Charly.png","contentUrl":"https:\/\/lookingforcharly.com\/wp-content\/uploads\/2024\/03\/cropped-cropped-Logo-Looking-for-Charly.png","width":512,"height":512,"caption":"Looking For Charly"},"image":{"@id":"https:\/\/lookingforcharly.com\/it\/#\/schema\/logo\/image\/"},"sameAs":["https:\/\/www.facebook.com\/lookingforcharly","https:\/\/www.instagram.com\/lookingforcharly\/","https:\/\/www.linkedin.com\/company\/looking-for-charly\/"]},{"@type":"Person","@id":"https:\/\/lookingforcharly.com\/it\/#\/schema\/person\/7fb1ea89bf2ffa5783a7f11778422101","name":"Daphne","image":{"@type":"ImageObject","inLanguage":"it-IT","@id":"https:\/\/lookingforcharly.com\/it\/#\/schema\/person\/image\/","url":"https:\/\/secure.gravatar.com\/avatar\/2ca706e3f813d28833c317a19f4cba15b3da298a104b03edf59c6cb7f563cfc5?s=96&d=mm&r=g","contentUrl":"https:\/\/secure.gravatar.com\/avatar\/2ca706e3f813d28833c317a19f4cba15b3da298a104b03edf59c6cb7f563cfc5?s=96&d=mm&r=g","caption":"Daphne"},"url":"https:\/\/lookingforcharly.com\/it\/author\/daphne\/"}]}},"_links":{"self":[{"href":"https:\/\/lookingforcharly.com\/it\/wp-json\/wp\/v2\/posts\/4169","targetHints":{"allow":["GET"]}}],"collection":[{"href":"https:\/\/lookingforcharly.com\/it\/wp-json\/wp\/v2\/posts"}],"about":[{"href":"https:\/\/lookingforcharly.com\/it\/wp-json\/wp\/v2\/types\/post"}],"author":[{"embeddable":true,"href":"https:\/\/lookingforcharly.com\/it\/wp-json\/wp\/v2\/users\/3"}],"replies":[{"embeddable":true,"href":"https:\/\/lookingforcharly.com\/it\/wp-json\/wp\/v2\/comments?post=4169"}],"version-history":[{"count":0,"href":"https:\/\/lookingforcharly.com\/it\/wp-json\/wp\/v2\/posts\/4169\/revisions"}],"wp:featuredmedia":[{"embeddable":true,"href":"https:\/\/lookingforcharly.com\/it\/wp-json\/wp\/v2\/media\/5425"}],"wp:attachment":[{"href":"https:\/\/lookingforcharly.com\/it\/wp-json\/wp\/v2\/media?parent=4169"}],"wp:term":[{"taxonomy":"category","embeddable":true,"href":"https:\/\/lookingforcharly.com\/it\/wp-json\/wp\/v2\/categories?post=4169"},{"taxonomy":"post_tag","embeddable":true,"href":"https:\/\/lookingforcharly.com\/it\/wp-json\/wp\/v2\/tags?post=4169"}],"curies":[{"name":"wp","href":"https:\/\/api.w.org\/{rel}","templated":true}]}}