{"id":4148,"date":"2023-11-08T09:52:00","date_gmt":"2023-11-08T08:52:00","guid":{"rendered":"https:\/\/tipi.beetrip.pro\/un-joli-present-pour-le-bout-de-lan\/"},"modified":"2025-02-11T17:24:38","modified_gmt":"2025-02-11T16:24:38","slug":"un-regalo-speciale-per-il-termine-dellanno","status":"publish","type":"post","link":"https:\/\/lookingforcharly.com\/it\/un-regalo-speciale-per-il-termine-dellanno\/","title":{"rendered":"Un regalo speciale per il termine dell\u2019anno"},"content":{"rendered":"\t\t<div data-elementor-type=\"wp-post\" data-elementor-id=\"4148\" class=\"elementor elementor-4148 elementor-1436\" data-elementor-post-type=\"post\">\n\t\t\t\t<div class=\"elementor-element elementor-element-2850888b e-flex e-con-boxed e-con e-parent\" data-id=\"2850888b\" data-element_type=\"container\" data-e-type=\"container\" data-settings=\"{&quot;background_background&quot;:&quot;classic&quot;}\">\n\t\t\t\t\t<div class=\"e-con-inner\">\n\t\t\t\t<div class=\"elementor-element elementor-element-299719b3 elementor-invisible elementor-widget elementor-widget-heading\" data-id=\"299719b3\" data-element_type=\"widget\" data-e-type=\"widget\" data-settings=\"{&quot;_animation&quot;:&quot;fadeIn&quot;}\" data-widget_type=\"heading.default\">\n\t\t\t\t<div class=\"elementor-widget-container\">\n\t\t\t\t\t<h1 class=\"elementor-heading-title elementor-size-default\">Un regalo speciale per il termine dell\u2019anno<\/h1>\t\t\t\t<\/div>\n\t\t\t\t<\/div>\n\t\t\t\t<div class=\"elementor-element elementor-element-19d877a elementor-widget elementor-widget-post-info\" data-id=\"19d877a\" data-element_type=\"widget\" data-e-type=\"widget\" data-widget_type=\"post-info.default\">\n\t\t\t\t<div class=\"elementor-widget-container\">\n\t\t\t\t\t\t\t<ul class=\"elementor-inline-items elementor-icon-list-items elementor-post-info\">\n\t\t\t\t\t\t\t\t<li class=\"elementor-icon-list-item elementor-repeater-item-e7fd4d6 elementor-inline-item\" itemprop=\"about\">\n\t\t\t\t\t\t\t\t\t\t\t\t\t<span class=\"elementor-icon-list-text elementor-post-info__item elementor-post-info__item--type-terms\">\n\t\t\t\t\t\t\t\t\t\t<span class=\"elementor-post-info__terms-list\">\n\t\t\t\t<a href=\"https:\/\/lookingforcharly.com\/it\/europa\/\" class=\"elementor-post-info__terms-list-item\">Europa<\/a>\t\t\t\t<\/span>\n\t\t\t\t\t<\/span>\n\t\t\t\t\t\t\t\t<\/li>\n\t\t\t\t<li class=\"elementor-icon-list-item elementor-repeater-item-932e776 elementor-inline-item\" itemprop=\"datePublished\">\n\t\t\t\t\t\t\t\t\t\t\t\t\t<span class=\"elementor-icon-list-text elementor-post-info__item elementor-post-info__item--type-date\">\n\t\t\t\t\t\t\t<span class=\"elementor-post-info__item-prefix\">le<\/span>\n\t\t\t\t\t\t\t\t\t\t<time>8 November 2023<\/time>\t\t\t\t\t<\/span>\n\t\t\t\t\t\t\t\t<\/li>\n\t\t\t\t<\/ul>\n\t\t\t\t\t\t<\/div>\n\t\t\t\t<\/div>\n\t\t\t\t\t<\/div>\n\t\t\t\t<\/div>\n\t\t<div class=\"elementor-element elementor-element-9cc6b78 e-flex e-con-boxed e-con e-parent\" data-id=\"9cc6b78\" data-element_type=\"container\" data-e-type=\"container\">\n\t\t\t\t\t<div class=\"e-con-inner\">\n\t\t\t\t<div class=\"elementor-element elementor-element-e13ea5b elementor-widget elementor-widget-text-editor\" data-id=\"e13ea5b\" data-element_type=\"widget\" data-e-type=\"widget\" data-widget_type=\"text-editor.default\">\n\t\t\t\t<div class=\"elementor-widget-container\">\n\t\t\t\t\t\t\t\t\t<div>\n<div>\n<h5 style=\"text-align: center;\"><em>Che lo festeggiate o no, che lo desideriate o no\u2026 mancano solo 45 giorni a Natale !<\/em><\/h5>\n<h5 dir=\"ltr\" style=\"text-align: center;\"><em>E molti di voi non vedono l\u2019oro di partire subito dopo aver mangiato il panettone e scambiato i regali.\u00a0<\/em><\/h5>\n<h5 dir=\"ltr\" style=\"text-align: center;\"><em>Per fuggire in famiglia, perch\u00e9 si sa Natale con i tuoi, la creativit\u00e0 dei nostri esperti trover\u00e0 il modo di proporvi un viaggio all\u2019insegna delle passioni e voglie del vostro clan.<\/em><\/h5>\n<h5 dir=\"ltr\" style=\"text-align: center;\"><em>\u00a0Alcuni potrebbero voler vivere esperienze culturali per approfondire la storia, altri una fuga nella natura in una destinazione ancora poco conosciuta, mentre i pi\u00f9 curiosi potrebbero preferire viaggi immersivi in cui arte e tradizioni si intrecciano.\u00a0<\/em><\/h5>\n<h5 dir=\"ltr\" style=\"text-align: center;\"><em>Lasciate che i nostri consulenti pianifichino un itinerario ricco di incontri indimenticabili e autentici momenti, in cui voi sarete i protagonisti. Un regalo speciale per dare il benvenuto al nuovo anno!\u00a0<\/em><\/h5>\n<h5 dir=\"ltr\" style=\"text-align: center;\"><em>Looking For Charly vi suggerisce alcune scelte suggestive\u2026<\/em><\/h5>\n<p>\u00a0<\/p>\n<\/div>\n<\/div>\n<p>\u00a0<\/p>\t\t\t\t\t\t\t\t<\/div>\n\t\t\t\t<\/div>\n\t\t\t\t<div class=\"elementor-element elementor-element-c7da0ed elementor-widget elementor-widget-heading\" data-id=\"c7da0ed\" data-element_type=\"widget\" data-e-type=\"widget\" data-widget_type=\"heading.default\">\n\t\t\t\t<div class=\"elementor-widget-container\">\n\t\t\t\t\t<h3 class=\"elementor-heading-title elementor-size-default\">Friluftsliv dans les Troms<\/h3>\t\t\t\t<\/div>\n\t\t\t\t<\/div>\n\t\t\t\t<div class=\"elementor-element elementor-element-d8b1f8d elementor-widget elementor-widget-image\" data-id=\"d8b1f8d\" data-element_type=\"widget\" data-e-type=\"widget\" data-widget_type=\"image.default\">\n\t\t\t\t<div class=\"elementor-widget-container\">\n\t\t\t\t\t\t\t\t\t\t\t\t\t\t\t\t<a href=\"http:\/\/lookingforcharly.com\/wp-content\/uploads\/2023\/11\/Friluftsliv-dans-les-Troms-Looking-For-Charly.jpg\" data-elementor-open-lightbox=\"yes\" data-elementor-lightbox-title=\"Friluftsliv dans les Troms - Looking For Charly\" data-e-action-hash=\"#elementor-action%3Aaction%3Dlightbox%26settings%3DeyJpZCI6MTQ0MiwidXJsIjoiaHR0cHM6XC9cL2xvb2tpbmdmb3JjaGFybHkuY29tXC93cC1jb250ZW50XC91cGxvYWRzXC8yMDIzXC8xMVwvRnJpbHVmdHNsaXYtZGFucy1sZXMtVHJvbXMtTG9va2luZy1Gb3ItQ2hhcmx5LmpwZyJ9\">\n\t\t\t\t\t\t\t<img fetchpriority=\"high\" decoding=\"async\" width=\"1280\" height=\"853\" src=\"https:\/\/lookingforcharly.com\/wp-content\/uploads\/2023\/11\/Friluftsliv-dans-les-Troms-Looking-For-Charly.jpg\" class=\"attachment-full size-full wp-image-1442\" alt=\"\" srcset=\"https:\/\/lookingforcharly.com\/wp-content\/uploads\/2023\/11\/Friluftsliv-dans-les-Troms-Looking-For-Charly.jpg 1280w, https:\/\/lookingforcharly.com\/wp-content\/uploads\/2023\/11\/Friluftsliv-dans-les-Troms-Looking-For-Charly-300x200.jpg 300w, https:\/\/lookingforcharly.com\/wp-content\/uploads\/2023\/11\/Friluftsliv-dans-les-Troms-Looking-For-Charly-1024x682.jpg 1024w, https:\/\/lookingforcharly.com\/wp-content\/uploads\/2023\/11\/Friluftsliv-dans-les-Troms-Looking-For-Charly-768x512.jpg 768w\" sizes=\"(max-width: 1280px) 100vw, 1280px\" \/>\t\t\t\t\t\t\t\t<\/a>\n\t\t\t\t\t\t\t\t\t\t\t\t\t\t\t<\/div>\n\t\t\t\t<\/div>\n\t\t\t\t<div class=\"elementor-element elementor-element-600431d elementor-widget elementor-widget-text-editor\" data-id=\"600431d\" data-element_type=\"widget\" data-e-type=\"widget\" data-widget_type=\"text-editor.default\">\n\t\t\t\t<div class=\"elementor-widget-container\">\n\t\t\t\t\t\t\t\t\t<p style=\"text-align: justify;\"><strong><span style=\"color: #bfa800;\">Il friluftsliv<\/span> <\/strong>\u00e8 una parte integrante dell\u2019<strong><span style=\"color: #bfa800;\">identit\u00e0 nazionale norvegese<\/span><\/strong> e significa \u201cpartecipare a attivit\u00e0 all\u2019aperto\u201d.<\/p>\n<div>\n<p style=\"text-align: justify;\">In un senso pi\u00f9 filosofico, implica \u201crilassarsi nella natura e condividere una cultura comune\u201d.<\/p>\n<p style=\"text-align: justify;\">Ecco cosa vi proponiamo nella parte settentrionale del paese, che a dicembre svela un\u2019atmosfera festosa nell\u2019 incantata terra Artica.<\/p>\n<p style=\"text-align: justify;\">Febbraio e marzo offrono ottime opportunit\u00e0 per osservare le aurore boreali che illuminano il fiordo di Lyngen, lontano da qualsiasi inquinamento luminoso.<\/p>\n<p style=\"text-align: justify;\">Qui dividerete il vostro tempo tra safari in barca per avvistare le megattere, i delfini e le aquile di mare, e escursioni a bordo di slitte trainate da cani in un silenzio avvolgente, regalandovi una straordinaria sensazione di libert\u00e0.<\/p>\n<p style=\"text-align: justify;\">Per gli amanti dello sport, le escursioni con le ciaspole attraverso foreste, laghi e montagne offrono la possibilit\u00e0 di cercare le mandrie di alci. Salite con le pelli di foca per poi godervi discese sciistiche tra valli glaciali e piste tra le pi\u00f9 mistiche e remote del mondo. Gli avventurosi avranno l\u2019opportunit\u00e0 di montare a bordo di motoslitte in un\u2019attivit\u00e0 tradizionale dei paesi nordici, ideale per unire adrenalina ed evasione in mezzo a distese immacolate.<\/p>\n<p style=\"text-align: justify;\">Per il relax, istruttori esperti vi introdurranno allo Yoga Vinyasa, una pratica lenta incentrata sull\u2019allineamento. La giornata si concluder\u00e0 in una vasca idromassaggio all\u2019aperto o in una sauna con vista sul fiordo.<\/p>\n<p style=\"text-align: justify;\">Concedetevi una sessione di vapore nella sauna a barile attrezzata con stufa a legna per completare il sogno scandinavo\u2026<\/p>\n<p><em>Volo via Osla con navette di SAS o Norwegian Air<\/em><\/p>\n<p>\u00a0<\/p>\n<p style=\"text-align: justify;\"><strong><span style=\"color: #bfa800;\">Il nostro indirizzo : Lyngen Lodge<\/span><\/strong><\/p>\n<\/div>\t\t\t\t\t\t\t\t<\/div>\n\t\t\t\t<\/div>\n\t\t\t\t<div class=\"elementor-element elementor-element-c9e1722 elementor-widget elementor-widget-image\" data-id=\"c9e1722\" data-element_type=\"widget\" data-e-type=\"widget\" data-widget_type=\"image.default\">\n\t\t\t\t<div class=\"elementor-widget-container\">\n\t\t\t\t\t\t\t\t\t\t\t\t\t\t\t\t<a href=\"http:\/\/lookingforcharly.com\/wp-content\/uploads\/2023\/11\/Lyngen-Lodge-Norway-LFC.jpg\" data-elementor-open-lightbox=\"yes\" data-elementor-lightbox-title=\"Lyngen Lodge Norway - LFC\" data-e-action-hash=\"#elementor-action%3Aaction%3Dlightbox%26settings%3DeyJpZCI6MTQ0NSwidXJsIjoiaHR0cHM6XC9cL2xvb2tpbmdmb3JjaGFybHkuY29tXC93cC1jb250ZW50XC91cGxvYWRzXC8yMDIzXC8xMVwvTHluZ2VuLUxvZGdlLU5vcndheS1MRkMuanBnIn0%3D\">\n\t\t\t\t\t\t\t<img decoding=\"async\" width=\"900\" height=\"600\" src=\"https:\/\/lookingforcharly.com\/wp-content\/uploads\/2023\/11\/Lyngen-Lodge-Norway-LFC.jpg\" class=\"attachment-full size-full wp-image-1445\" alt=\"\" srcset=\"https:\/\/lookingforcharly.com\/wp-content\/uploads\/2023\/11\/Lyngen-Lodge-Norway-LFC.jpg 900w, https:\/\/lookingforcharly.com\/wp-content\/uploads\/2023\/11\/Lyngen-Lodge-Norway-LFC-300x200.jpg 300w, https:\/\/lookingforcharly.com\/wp-content\/uploads\/2023\/11\/Lyngen-Lodge-Norway-LFC-768x512.jpg 768w\" sizes=\"(max-width: 900px) 100vw, 900px\" \/>\t\t\t\t\t\t\t\t<\/a>\n\t\t\t\t\t\t\t\t\t\t\t\t\t\t\t<\/div>\n\t\t\t\t<\/div>\n\t\t\t\t<div class=\"elementor-element elementor-element-624c97f elementor-widget elementor-widget-text-editor\" data-id=\"624c97f\" data-element_type=\"widget\" data-e-type=\"widget\" data-widget_type=\"text-editor.default\">\n\t\t\t\t<div class=\"elementor-widget-container\">\n\t\t\t\t\t\t\t\t\t<p style=\"text-align: justify;\">Lyngen Lodge, un rifugio accogliente situato discretamente sulle rive del fiordo omonimo, a 3 ore da Troms\u00f8, con un magnifico sfondo di montagne. Costruito con tradizionali strutture in legno locale, l\u2019edificio si integra perfettamente nell\u2019ambiente circostante. Il riscaldamento geotermico, abbinato a un spesso tetto di erba, garantisce una temperatura perfetta durante tutto l\u2019anno. Le 8 camere doppie, seppur piccole, sono eleganti e confortevoli e possono ospitare un massimo di 18 viaggiatori.<\/p>\n<p>\u00a0<\/p>\n<p>\u00a0<\/p>\t\t\t\t\t\t\t\t<\/div>\n\t\t\t\t<\/div>\n\t\t\t\t<div class=\"elementor-element elementor-element-528fee3 elementor-widget elementor-widget-heading\" data-id=\"528fee3\" data-element_type=\"widget\" data-e-type=\"widget\" data-widget_type=\"heading.default\">\n\t\t\t\t<div class=\"elementor-widget-container\">\n\t\t\t\t\t<h3 class=\"elementor-heading-title elementor-size-default\">Ao som do fado<\/h3>\t\t\t\t<\/div>\n\t\t\t\t<\/div>\n\t\t\t\t<div class=\"elementor-element elementor-element-9432130 elementor-widget elementor-widget-image\" data-id=\"9432130\" data-element_type=\"widget\" data-e-type=\"widget\" data-widget_type=\"image.default\">\n\t\t\t\t<div class=\"elementor-widget-container\">\n\t\t\t\t\t\t\t\t\t\t\t\t\t\t\t\t<a href=\"http:\/\/lookingforcharly.com\/wp-content\/uploads\/2023\/11\/Douro-LFC.jpg\" data-elementor-open-lightbox=\"yes\" data-elementor-lightbox-title=\"Porto,,Portugal-,January,7,,2020:,Views,Of,The,City,Of\" data-e-action-hash=\"#elementor-action%3Aaction%3Dlightbox%26settings%3DeyJpZCI6MTQ1MSwidXJsIjoiaHR0cHM6XC9cL2xvb2tpbmdmb3JjaGFybHkuY29tXC93cC1jb250ZW50XC91cGxvYWRzXC8yMDIzXC8xMVwvRG91cm8tTEZDLmpwZyJ9\">\n\t\t\t\t\t\t\t<img decoding=\"async\" width=\"1000\" height=\"667\" src=\"https:\/\/lookingforcharly.com\/wp-content\/uploads\/2023\/11\/Douro-LFC.jpg\" class=\"attachment-full size-full wp-image-1451\" alt=\"\" srcset=\"https:\/\/lookingforcharly.com\/wp-content\/uploads\/2023\/11\/Douro-LFC.jpg 1000w, https:\/\/lookingforcharly.com\/wp-content\/uploads\/2023\/11\/Douro-LFC-300x200.jpg 300w, https:\/\/lookingforcharly.com\/wp-content\/uploads\/2023\/11\/Douro-LFC-768x512.jpg 768w\" sizes=\"(max-width: 1000px) 100vw, 1000px\" \/>\t\t\t\t\t\t\t\t<\/a>\n\t\t\t\t\t\t\t\t\t\t\t\t\t\t\t<\/div>\n\t\t\t\t<\/div>\n\t\t\t\t<div class=\"elementor-element elementor-element-6e2eb52 elementor-widget elementor-widget-text-editor\" data-id=\"6e2eb52\" data-element_type=\"widget\" data-e-type=\"widget\" data-widget_type=\"text-editor.default\">\n\t\t\t\t<div class=\"elementor-widget-container\">\n\t\t\t\t\t\t\t\t\t<p style=\"text-align: justify;\">Come scriveva la scrittrice Mary McCarthy, \u201cOgni citt\u00e0 portoghese assomiglia a un abito da sposa \u2013 qualcosa di antico, di nuovo, di preso in prestito e di blu\u201d<\/p>\n<p style=\"text-align: justify;\"><strong><span style=\"color: #bfa800;\">Porto<\/span><\/strong> \u00e8 l\u2019illustrazione perfetta di ci\u00f2, una destinazione ideale per una breve vacanza in citt\u00e0 anche d\u2019inverno, poich\u00e9 offre molteplici opportunit\u00e0 sia all\u2019aperto che al chiuso. Il quartiere medievale di Ribeira, il suo cuore storico, \u00e8 un incanto con le sue antiche case colorate ed \u00e8 classificato come patrimonio mondiale dell\u2019UNESCO. Qui si trovano monumenti notevoli come la Cattedrale S\u00e9, la stazione S\u00e3o Bento e la Torre dos Cl\u00e9rigos. Senza dimenticare la vita notturna che anima le strade intorno ai numerosi tascas e trattorie. \u00c8 un piacere passeggiare e perdersi nel suo intricato labirinto di stretti vicoli in pendenza adornati da secoli di azulejos.<\/p>\n<p style=\"text-align: justify;\">Attraversate il ponte Dom Luis, l\u2019emblema in ferro di Eiffel che attraversa il fiume Douro, e iniziate il tour delle cantine di quel vino tipico chiamato Porto a Vila Nova de Gaia. Lungo la costa, il paesaggio si svela con delicatezza, ricreando le terrazze che plasmano la regione da millenni. Dalla coltivazione delle viti all\u2019invecchiamento in botti, passando per la pigiatura dell\u2019uva con i piedi, il processo termina con la discesa del fiume a bordo di barche a vela tradizionali. Ora capite meglio la sua produzione e il ruolo di rilievo della citt\u00e0 nell\u2019esportazione di questa bevanda unica nella storia. Poi tornate indietro con la funivia per abbracciare una prospettiva diversa sulla vecchia citt\u00e0 scintillante.<\/p>\n<p style=\"text-align: justify;\">La citt\u00e0 \u00e8 dinamica, famosa per la sua architettura barocca e ricca di meraviglie architettoniche. Vi invitiamo a scoprire una Porto pi\u00f9 autentica, pittoresca e lontana dai luoghi comuni, per un incontro autentico con l\u2019anima del popolo portoghese.<\/p>\n<p style=\"text-align: justify;\">Infine, non si pu\u00f2 dire di conoscere appieno la Penisola senza un\u2019immersione nel canto del fado, dichiarato patrimonio culturale immateriale dell\u2019umanit\u00e0. Lasciateci condurvi in questi luoghi iconici da cui si sprigiona un ritmo avvolgente, culla di un rituale estetico ed emozionale profondo.<\/p>\n<p style=\"text-align: justify;\">Il Portogallo \u00e8 ricco di meraviglie, e i curiosi desiderosi di esplorare l\u2019entroterra lusitano troveranno in questo punto di partenza il luogo ideale per scoprire un\u2019altra parte del paese.<\/p>\n<p style=\"text-align: justify;\"><em>A sole 2 ore di volo da Parigi<\/em><\/p>\n<p>\u00a0<\/p>\n<p style=\"text-align: justify;\"><strong><span style=\"color: #bfa800;\">Il nostro indirizzo : Porta Nobre Exclusive Living H\u00f4tel<\/span><\/strong><\/p>\t\t\t\t\t\t\t\t<\/div>\n\t\t\t\t<\/div>\n\t\t\t\t<div class=\"elementor-element elementor-element-60ed16d elementor-widget elementor-widget-image\" data-id=\"60ed16d\" data-element_type=\"widget\" data-e-type=\"widget\" data-widget_type=\"image.default\">\n\t\t\t\t<div class=\"elementor-widget-container\">\n\t\t\t\t\t\t\t\t\t\t\t\t\t\t\t\t<a href=\"http:\/\/lookingforcharly.com\/wp-content\/uploads\/2023\/11\/porta-nobre-hotel-Porto-LFC.jpg\" data-elementor-open-lightbox=\"yes\" data-elementor-lightbox-title=\"porta-nobre-hotel-Porto-LFC\" data-e-action-hash=\"#elementor-action%3Aaction%3Dlightbox%26settings%3DeyJpZCI6MTQ1NCwidXJsIjoiaHR0cHM6XC9cL2xvb2tpbmdmb3JjaGFybHkuY29tXC93cC1jb250ZW50XC91cGxvYWRzXC8yMDIzXC8xMVwvcG9ydGEtbm9icmUtaG90ZWwtUG9ydG8tTEZDLmpwZyJ9\">\n\t\t\t\t\t\t\t<img loading=\"lazy\" decoding=\"async\" width=\"1280\" height=\"720\" src=\"https:\/\/lookingforcharly.com\/wp-content\/uploads\/2023\/11\/porta-nobre-hotel-Porto-LFC.jpg\" class=\"attachment-full size-full wp-image-1454\" alt=\"\" srcset=\"https:\/\/lookingforcharly.com\/wp-content\/uploads\/2023\/11\/porta-nobre-hotel-Porto-LFC.jpg 1280w, https:\/\/lookingforcharly.com\/wp-content\/uploads\/2023\/11\/porta-nobre-hotel-Porto-LFC-300x169.jpg 300w, https:\/\/lookingforcharly.com\/wp-content\/uploads\/2023\/11\/porta-nobre-hotel-Porto-LFC-1024x576.jpg 1024w, https:\/\/lookingforcharly.com\/wp-content\/uploads\/2023\/11\/porta-nobre-hotel-Porto-LFC-768x432.jpg 768w\" sizes=\"(max-width: 1280px) 100vw, 1280px\" \/>\t\t\t\t\t\t\t\t<\/a>\n\t\t\t\t\t\t\t\t\t\t\t\t\t\t\t<\/div>\n\t\t\t\t<\/div>\n\t\t\t\t<div class=\"elementor-element elementor-element-6d18326 elementor-widget elementor-widget-text-editor\" data-id=\"6d18326\" data-element_type=\"widget\" data-e-type=\"widget\" data-widget_type=\"text-editor.default\">\n\t\t\t\t<div class=\"elementor-widget-container\">\n\t\t\t\t\t\t\t\t\t<p style=\"text-align: justify;\">Fate un viaggio nel tempo nel suggestivo quartiere storico di Miragaia, l\u2019antico quartiere ebraico situato tra le rive del Douro e le colline di Vila Nova de Gaia. Questo edificio di 300 anni, accuratamente restaurato, svela materiali antichi riportati alla vita. Raggiungerete tutti i luoghi della citt\u00e0 a pochi passi, e le rive del fiume proprio accanto vi invitano a rilassanti passeggiate serali. Composto da 19 camere, ciascuna unit\u00e0 \u00e8 arredata in modo singolare. L\u2019approccio unico nell\u2019accogliere e prendersi cura degli ospiti render\u00e0 speciale il vostro soggiorno. Con l\u2019arte culinaria in abbinamento, la combinazione di qualit\u00e0 di questo elegante rifugio urbano \u00e8 davvero perfetta. Sul tetto, il terrazzo panoramico \u00e8 molto apprezzato e offre un ambiente accogliente accanto alla piscina.<\/p>\n<p>\u00a0<\/p>\n<p>\u00a0<\/p>\t\t\t\t\t\t\t\t<\/div>\n\t\t\t\t<\/div>\n\t\t\t\t<div class=\"elementor-element elementor-element-006fc30 elementor-widget elementor-widget-heading\" data-id=\"006fc30\" data-element_type=\"widget\" data-e-type=\"widget\" data-widget_type=\"heading.default\">\n\t\t\t\t<div class=\"elementor-widget-container\">\n\t\t\t\t\t<h3 class=\"elementor-heading-title elementor-size-default\"> Romkocsma* in Magyarorsz\u00e1g<\/h3>\t\t\t\t<\/div>\n\t\t\t\t<\/div>\n\t\t\t\t<div class=\"elementor-element elementor-element-0bc7a42 elementor-widget elementor-widget-image\" data-id=\"0bc7a42\" data-element_type=\"widget\" data-e-type=\"widget\" data-widget_type=\"image.default\">\n\t\t\t\t<div class=\"elementor-widget-container\">\n\t\t\t\t\t\t\t\t\t\t\t\t\t\t\t<img loading=\"lazy\" decoding=\"async\" width=\"1000\" height=\"704\" src=\"https:\/\/lookingforcharly.com\/wp-content\/uploads\/2023\/11\/Romkocsma-in-Magyarorszag-LFC.jpg\" class=\"attachment-full size-full wp-image-1457\" alt=\"\" srcset=\"https:\/\/lookingforcharly.com\/wp-content\/uploads\/2023\/11\/Romkocsma-in-Magyarorszag-LFC.jpg 1000w, https:\/\/lookingforcharly.com\/wp-content\/uploads\/2023\/11\/Romkocsma-in-Magyarorszag-LFC-300x211.jpg 300w, https:\/\/lookingforcharly.com\/wp-content\/uploads\/2023\/11\/Romkocsma-in-Magyarorszag-LFC-768x541.jpg 768w\" sizes=\"(max-width: 1000px) 100vw, 1000px\" \/>\t\t\t\t\t\t\t\t\t\t\t\t\t\t\t<\/div>\n\t\t\t\t<\/div>\n\t\t\t\t<div class=\"elementor-element elementor-element-5a890d2 elementor-widget elementor-widget-text-editor\" data-id=\"5a890d2\" data-element_type=\"widget\" data-e-type=\"widget\" data-widget_type=\"text-editor.default\">\n\t\t\t\t<div class=\"elementor-widget-container\">\n\t\t\t\t\t\t\t\t\t<p style=\"text-align: justify;\">Ecco come gli ungheresi chiamano il loro paese.<\/p>\n<p style=\"text-align: justify;\"><strong><span style=\"color: #bfa800;\">Budapest<\/span> <\/strong>\u00e8 in realt\u00e0 una fusione di due citt\u00e0, Buda e Pest. Separate dal Danubio e unite nel 1873, Buda \u00e8 famosa per le sue colline e i suoi luoghi storici, mentre Pest \u00e8 rinomata per la sua vivace vita urbana. A confermare questo, ci sono i caratteristici \u201cbar delle rovine\u201d dell\u2019Ungheria, questi bar artistici situati in edifici decadenti trasformati in pub o sale da concerto che offrono serate di puro edonismo. Nello stesso quartiere, i muri sono decorati da opere d\u2019arte street art che si possono scoprire girando per le strade.<\/p>\n<p style=\"text-align: justify;\">Durante il giorno, c\u2019\u00e8 molto da fare in citt\u00e0, che \u00e8 considerata uno dei grandi gioielli d\u2019Europa, con sorprendenti edifici gotici e monumenti di architettura Art Nouveau. Il Bastione dei Pescatori \u00e8 un luogo imperdibile per ammirare la citt\u00e0 al tramonto.<\/p>\n<p style=\"text-align: justify;\">Diversi tetti di locali privati offrono viste spettacolari sulla Perla del Danubio, ma il Bastione dei Pescatori nel quartiere del castello \u00e8 un must al tramonto. Navigando lungo le sinuose acque del fiume, vedrete sfilare davanti a voi i luoghi pi\u00f9 iconici della capitale, una testimonianza del suo passato tumultuoso e delle molte culture che hanno coesistito qui.<\/p>\n<p style=\"text-align: justify;\">E naturalmente, \u201ci bagni\u201d, un\u2019antica tradizione di vita quotidiana radicata nella routine degli abitanti che frequentano pi\u00f9 di un centinaio di sorgenti termali a Budapest. Fate come loro, godetevi i benefici terapeutici e preventivi, fatevi massaggiare, rilassatevi o semplicemente lasciatevi trasportare dall\u2019acqua\u2026 qui si va alle terme come altrove si va al cinema o al caff\u00e8!<\/p>\n<p style=\"text-align: justify;\">Le Terme Rudas sono le pi\u00f9 tipiche. Imperdibili e molto frequentate sono le immense Terme Sz\u00e9chenyi e le loro piscine all\u2019aperto.<\/p>\n<p>\u00a0<\/p>\n<p style=\"text-align: justify;\"><strong><span style=\"color: #bfa800;\">Il nostro indirizzo : Matild Palace<\/span><\/strong><\/p>\t\t\t\t\t\t\t\t<\/div>\n\t\t\t\t<\/div>\n\t\t\t\t<div class=\"elementor-element elementor-element-b9206c6 elementor-widget elementor-widget-image\" data-id=\"b9206c6\" data-element_type=\"widget\" data-e-type=\"widget\" data-widget_type=\"image.default\">\n\t\t\t\t<div class=\"elementor-widget-container\">\n\t\t\t\t\t\t\t\t\t\t\t\t\t\t\t\t<a href=\"http:\/\/lookingforcharly.com\/wp-content\/uploads\/2023\/11\/Matild-Palace-Budapest.jpg\" data-elementor-open-lightbox=\"yes\" data-elementor-lightbox-title=\"Matild-Palace-Budapest\" data-e-action-hash=\"#elementor-action%3Aaction%3Dlightbox%26settings%3DeyJpZCI6MTQ2MCwidXJsIjoiaHR0cHM6XC9cL2xvb2tpbmdmb3JjaGFybHkuY29tXC93cC1jb250ZW50XC91cGxvYWRzXC8yMDIzXC8xMVwvTWF0aWxkLVBhbGFjZS1CdWRhcGVzdC5qcGcifQ%3D%3D\">\n\t\t\t\t\t\t\t<img loading=\"lazy\" decoding=\"async\" width=\"1920\" height=\"1080\" src=\"https:\/\/lookingforcharly.com\/wp-content\/uploads\/2023\/11\/Matild-Palace-Budapest.jpg\" class=\"attachment-full size-full wp-image-1460\" alt=\"\" srcset=\"https:\/\/lookingforcharly.com\/wp-content\/uploads\/2023\/11\/Matild-Palace-Budapest.jpg 1920w, https:\/\/lookingforcharly.com\/wp-content\/uploads\/2023\/11\/Matild-Palace-Budapest-300x169.jpg 300w, https:\/\/lookingforcharly.com\/wp-content\/uploads\/2023\/11\/Matild-Palace-Budapest-1024x576.jpg 1024w, https:\/\/lookingforcharly.com\/wp-content\/uploads\/2023\/11\/Matild-Palace-Budapest-768x432.jpg 768w, https:\/\/lookingforcharly.com\/wp-content\/uploads\/2023\/11\/Matild-Palace-Budapest-1536x864.jpg 1536w\" sizes=\"(max-width: 1920px) 100vw, 1920px\" \/>\t\t\t\t\t\t\t\t<\/a>\n\t\t\t\t\t\t\t\t\t\t\t\t\t\t\t<\/div>\n\t\t\t\t<\/div>\n\t\t\t\t<div class=\"elementor-element elementor-element-13dc773 elementor-widget elementor-widget-text-editor\" data-id=\"13dc773\" data-element_type=\"widget\" data-e-type=\"widget\" data-widget_type=\"text-editor.default\">\n\t\t\t\t<div class=\"elementor-widget-container\">\n\t\t\t\t\t\t\t\t\t<p style=\"text-align: justify;\">Un sito del patrimonio mondiale dell\u2019UNESCO trasformato in un hotel stellato. Il Matild Palace si erge in un edificio storico sul lato di Pest, a est del Danubio, a pochi passi dal Ponte Elisabetta, uno dei principali collegamenti tra le due rive. La discreta facciata dell\u2019antica residenza dell\u2019arciduchessa Maria Adelaide Clotilde nasconde interni con volte e stucchi abbinati a un design contemporaneo. Le camere e le suite dell\u2019ultimo piano sono decorate in modo diverso in omaggio agli artisti che vi hanno soggiornato. Un gioiello nascosto sotto i tetti, il bar \u00e8 una ricca biblioteca di prelibatezze da tutto il mondo e offre una nuova prospettiva sui panorami di Budapest.<\/p>\t\t\t\t\t\t\t\t<\/div>\n\t\t\t\t<\/div>\n\t\t\t\t<div class=\"elementor-element elementor-element-dd8943b elementor-widget elementor-widget-text-editor\" data-id=\"dd8943b\" data-element_type=\"widget\" data-e-type=\"widget\" data-widget_type=\"text-editor.default\">\n\t\t\t\t<div class=\"elementor-widget-container\">\n\t\t\t\t\t\t\t\t\t<p><img loading=\"lazy\" decoding=\"async\" class=\"alignnone size-medium wp-image-273 aligncenter\" src=\"http:\/\/lookingforcharly.com\/wp-content\/uploads\/2024\/03\/pictocharly-300x278.png\" alt=\"\" width=\"300\" height=\"278\" srcset=\"https:\/\/lookingforcharly.com\/wp-content\/uploads\/2024\/03\/pictocharly-300x278.png 300w, https:\/\/lookingforcharly.com\/wp-content\/uploads\/2024\/03\/pictocharly.png 642w\" sizes=\"(max-width: 300px) 100vw, 300px\" \/><\/p>\n\t\t\t\t\t\t\t\t<\/div>\n\t\t\t\t<\/div>\n\t\t\t\t<div class=\"elementor-element elementor-element-58fa94e elementor-widget-divider--view-line elementor-widget elementor-widget-divider\" data-id=\"58fa94e\" data-element_type=\"widget\" data-e-type=\"widget\" data-widget_type=\"divider.default\">\n\t\t\t\t<div class=\"elementor-widget-container\">\n\t\t\t\t\t\t\t<div class=\"elementor-divider\">\n\t\t\t<span class=\"elementor-divider-separator\">\n\t\t\t\t\t\t<\/span>\n\t\t<\/div>\n\t\t\t\t\t\t<\/div>\n\t\t\t\t<\/div>\n\t\t\t\t\t<\/div>\n\t\t\t\t<\/div>\n\t\t<div class=\"elementor-element elementor-element-957feb5 e-flex e-con-boxed e-con e-parent\" data-id=\"957feb5\" data-element_type=\"container\" data-e-type=\"container\">\n\t\t\t\t\t<div class=\"e-con-inner\">\n\t\t<div class=\"elementor-element elementor-element-3528335 e-con-full e-flex e-con e-child\" data-id=\"3528335\" data-element_type=\"container\" data-e-type=\"container\">\n\t\t\t\t<div class=\"elementor-element elementor-element-a9a8e01 elementor-widget elementor-widget-heading\" data-id=\"a9a8e01\" data-element_type=\"widget\" data-e-type=\"widget\" data-widget_type=\"heading.default\">\n\t\t\t\t<div class=\"elementor-widget-container\">\n\t\t\t\t\t<h3 class=\"elementor-heading-title elementor-size-default\">Vous aimerez aussi...<\/h3>\t\t\t\t<\/div>\n\t\t\t\t<\/div>\n\t\t\t\t<\/div>\n\t\t\t\t\t<\/div>\n\t\t\t\t<\/div>\n\t\t\t\t<\/div>\n\t\t","protected":false},"excerpt":{"rendered":"<p>Che lo festeggiate o no, che lo desideriate o no\u2026 mancano solo 45 giorni a Natale! E molti di voi non vedono l\u2019oro di partire subito dopo aver mangiato il panettone e scambiato i regali. <\/p>\n","protected":false},"author":3,"featured_media":5589,"comment_status":"closed","ping_status":"open","sticky":false,"template":"","format":"standard","meta":{"footnotes":""},"categories":[57],"tags":[],"class_list":["post-4148","post","type-post","status-publish","format-standard","has-post-thumbnail","hentry","category-europa"],"yoast_head":"<!-- This site is optimized with the Yoast SEO plugin v27.1.1 - https:\/\/yoast.com\/product\/yoast-seo-wordpress\/ -->\n<title>Un regalo speciale per il termine dell\u2019anno<\/title>\n<meta name=\"description\" content=\"A fine anno non vedi l&#039;ora di condividere un&#039;avventura su misura sviluppata dalle nostre mani esperte; segui la guida, \u00e8 qui...\" \/>\n<meta name=\"robots\" content=\"index, follow, max-snippet:-1, max-image-preview:large, max-video-preview:-1\" \/>\n<link rel=\"canonical\" href=\"https:\/\/lookingforcharly.com\/it\/un-regalo-speciale-per-il-termine-dellanno\/\" \/>\n<meta property=\"og:locale\" content=\"it_IT\" \/>\n<meta property=\"og:type\" content=\"article\" \/>\n<meta property=\"og:title\" content=\"Un regalo speciale per il termine dell\u2019anno\" \/>\n<meta property=\"og:description\" content=\"A fine anno non vedi l&#039;ora di condividere un&#039;avventura su misura sviluppata dalle nostre mani esperte; segui la guida, \u00e8 qui...\" \/>\n<meta property=\"og:url\" content=\"https:\/\/lookingforcharly.com\/it\/un-regalo-speciale-per-il-termine-dellanno\/\" \/>\n<meta property=\"og:site_name\" content=\"Looking For Charly\" \/>\n<meta property=\"article:publisher\" content=\"https:\/\/www.facebook.com\/lookingforcharly\" \/>\n<meta property=\"article:published_time\" content=\"2023-11-08T08:52:00+00:00\" \/>\n<meta property=\"article:modified_time\" content=\"2025-02-11T16:24:38+00:00\" \/>\n<meta property=\"og:image\" content=\"http:\/\/lookingforcharly.com\/wp-content\/uploads\/2024\/05\/Un-Joli-present-pour-le-bout-de-lAn-LFS-300x188.jpg\" \/>\n<meta name=\"author\" content=\"Daphne\" \/>\n<meta name=\"twitter:card\" content=\"summary_large_image\" \/>\n<meta name=\"twitter:label1\" content=\"Written by\" \/>\n\t<meta name=\"twitter:data1\" content=\"Daphne\" \/>\n\t<meta name=\"twitter:label2\" content=\"Est. reading time\" \/>\n\t<meta name=\"twitter:data2\" content=\"10 minutes\" \/>\n<script type=\"application\/ld+json\" class=\"yoast-schema-graph\">{\"@context\":\"https:\/\/schema.org\",\"@graph\":[{\"@type\":\"Article\",\"@id\":\"https:\/\/lookingforcharly.com\/it\/un-regalo-speciale-per-il-termine-dellanno\/#article\",\"isPartOf\":{\"@id\":\"https:\/\/lookingforcharly.com\/it\/un-regalo-speciale-per-il-termine-dellanno\/\"},\"author\":{\"name\":\"Daphne\",\"@id\":\"https:\/\/lookingforcharly.com\/it\/#\/schema\/person\/7fb1ea89bf2ffa5783a7f11778422101\"},\"headline\":\"Un regalo speciale per il termine dell\u2019anno\",\"datePublished\":\"2023-11-08T08:52:00+00:00\",\"dateModified\":\"2025-02-11T16:24:38+00:00\",\"mainEntityOfPage\":{\"@id\":\"https:\/\/lookingforcharly.com\/it\/un-regalo-speciale-per-il-termine-dellanno\/\"},\"wordCount\":1384,\"publisher\":{\"@id\":\"https:\/\/lookingforcharly.com\/it\/#organization\"},\"image\":{\"@id\":\"https:\/\/lookingforcharly.com\/it\/un-regalo-speciale-per-il-termine-dellanno\/#primaryimage\"},\"thumbnailUrl\":\"https:\/\/lookingforcharly.com\/wp-content\/uploads\/2023\/11\/Shutterstock_2209089775-2.png\",\"articleSection\":[\"Europa\"],\"inLanguage\":\"it-IT\"},{\"@type\":\"WebPage\",\"@id\":\"https:\/\/lookingforcharly.com\/it\/un-regalo-speciale-per-il-termine-dellanno\/\",\"url\":\"https:\/\/lookingforcharly.com\/it\/un-regalo-speciale-per-il-termine-dellanno\/\",\"name\":\"Un regalo speciale per il termine dell\u2019anno\",\"isPartOf\":{\"@id\":\"https:\/\/lookingforcharly.com\/it\/#website\"},\"primaryImageOfPage\":{\"@id\":\"https:\/\/lookingforcharly.com\/it\/un-regalo-speciale-per-il-termine-dellanno\/#primaryimage\"},\"image\":{\"@id\":\"https:\/\/lookingforcharly.com\/it\/un-regalo-speciale-per-il-termine-dellanno\/#primaryimage\"},\"thumbnailUrl\":\"https:\/\/lookingforcharly.com\/wp-content\/uploads\/2023\/11\/Shutterstock_2209089775-2.png\",\"datePublished\":\"2023-11-08T08:52:00+00:00\",\"dateModified\":\"2025-02-11T16:24:38+00:00\",\"description\":\"A fine anno non vedi l'ora di condividere un'avventura su misura sviluppata dalle nostre mani esperte; segui la guida, \u00e8 qui...\",\"breadcrumb\":{\"@id\":\"https:\/\/lookingforcharly.com\/it\/un-regalo-speciale-per-il-termine-dellanno\/#breadcrumb\"},\"inLanguage\":\"it-IT\",\"potentialAction\":[{\"@type\":\"ReadAction\",\"target\":[\"https:\/\/lookingforcharly.com\/it\/un-regalo-speciale-per-il-termine-dellanno\/\"]}]},{\"@type\":\"ImageObject\",\"inLanguage\":\"it-IT\",\"@id\":\"https:\/\/lookingforcharly.com\/it\/un-regalo-speciale-per-il-termine-dellanno\/#primaryimage\",\"url\":\"https:\/\/lookingforcharly.com\/wp-content\/uploads\/2023\/11\/Shutterstock_2209089775-2.png\",\"contentUrl\":\"https:\/\/lookingforcharly.com\/wp-content\/uploads\/2023\/11\/Shutterstock_2209089775-2.png\",\"width\":320,\"height\":214,\"caption\":\"Que vous le c\u00e9l\u00e9briez ou non, que vous le vouliez ou pas\u2026.il reste 50 jours avant No\u00ebl !\"},{\"@type\":\"BreadcrumbList\",\"@id\":\"https:\/\/lookingforcharly.com\/it\/un-regalo-speciale-per-il-termine-dellanno\/#breadcrumb\",\"itemListElement\":[{\"@type\":\"ListItem\",\"position\":1,\"name\":\"Accueil\",\"item\":\"https:\/\/lookingforcharly.com\/it\/\"},{\"@type\":\"ListItem\",\"position\":2,\"name\":\"Europa\",\"item\":\"https:\/\/lookingforcharly.com\/it\/europa-it\/\"},{\"@type\":\"ListItem\",\"position\":3,\"name\":\"Un regalo speciale per il termine dell\u2019anno\"}]},{\"@type\":\"WebSite\",\"@id\":\"https:\/\/lookingforcharly.com\/it\/#website\",\"url\":\"https:\/\/lookingforcharly.com\/it\/\",\"name\":\"Looking For Charly\",\"description\":\"Exp\u00e9riences autour du monde\",\"publisher\":{\"@id\":\"https:\/\/lookingforcharly.com\/it\/#organization\"},\"potentialAction\":[{\"@type\":\"SearchAction\",\"target\":{\"@type\":\"EntryPoint\",\"urlTemplate\":\"https:\/\/lookingforcharly.com\/it\/?s={search_term_string}\"},\"query-input\":{\"@type\":\"PropertyValueSpecification\",\"valueRequired\":true,\"valueName\":\"search_term_string\"}}],\"inLanguage\":\"it-IT\"},{\"@type\":\"Organization\",\"@id\":\"https:\/\/lookingforcharly.com\/it\/#organization\",\"name\":\"Looking For Charly\",\"alternateName\":\"L4C\",\"url\":\"https:\/\/lookingforcharly.com\/it\/\",\"logo\":{\"@type\":\"ImageObject\",\"inLanguage\":\"it-IT\",\"@id\":\"https:\/\/lookingforcharly.com\/it\/#\/schema\/logo\/image\/\",\"url\":\"https:\/\/lookingforcharly.com\/wp-content\/uploads\/2024\/03\/cropped-cropped-Logo-Looking-for-Charly.png\",\"contentUrl\":\"https:\/\/lookingforcharly.com\/wp-content\/uploads\/2024\/03\/cropped-cropped-Logo-Looking-for-Charly.png\",\"width\":512,\"height\":512,\"caption\":\"Looking For Charly\"},\"image\":{\"@id\":\"https:\/\/lookingforcharly.com\/it\/#\/schema\/logo\/image\/\"},\"sameAs\":[\"https:\/\/www.facebook.com\/lookingforcharly\",\"https:\/\/www.instagram.com\/lookingforcharly\/\",\"https:\/\/www.linkedin.com\/company\/looking-for-charly\/\"]},{\"@type\":\"Person\",\"@id\":\"https:\/\/lookingforcharly.com\/it\/#\/schema\/person\/7fb1ea89bf2ffa5783a7f11778422101\",\"name\":\"Daphne\",\"image\":{\"@type\":\"ImageObject\",\"inLanguage\":\"it-IT\",\"@id\":\"https:\/\/lookingforcharly.com\/it\/#\/schema\/person\/image\/\",\"url\":\"https:\/\/secure.gravatar.com\/avatar\/2ca706e3f813d28833c317a19f4cba15b3da298a104b03edf59c6cb7f563cfc5?s=96&d=mm&r=g\",\"contentUrl\":\"https:\/\/secure.gravatar.com\/avatar\/2ca706e3f813d28833c317a19f4cba15b3da298a104b03edf59c6cb7f563cfc5?s=96&d=mm&r=g\",\"caption\":\"Daphne\"},\"url\":\"https:\/\/lookingforcharly.com\/it\/author\/daphne\/\"}]}<\/script>\n<!-- \/ Yoast SEO plugin. -->","yoast_head_json":{"title":"Un regalo speciale per il termine dell\u2019anno","description":"A fine anno non vedi l'ora di condividere un'avventura su misura sviluppata dalle nostre mani esperte; segui la guida, \u00e8 qui...","robots":{"index":"index","follow":"follow","max-snippet":"max-snippet:-1","max-image-preview":"max-image-preview:large","max-video-preview":"max-video-preview:-1"},"canonical":"https:\/\/lookingforcharly.com\/it\/un-regalo-speciale-per-il-termine-dellanno\/","og_locale":"it_IT","og_type":"article","og_title":"Un regalo speciale per il termine dell\u2019anno","og_description":"A fine anno non vedi l'ora di condividere un'avventura su misura sviluppata dalle nostre mani esperte; segui la guida, \u00e8 qui...","og_url":"https:\/\/lookingforcharly.com\/it\/un-regalo-speciale-per-il-termine-dellanno\/","og_site_name":"Looking For Charly","article_publisher":"https:\/\/www.facebook.com\/lookingforcharly","article_published_time":"2023-11-08T08:52:00+00:00","article_modified_time":"2025-02-11T16:24:38+00:00","og_image":[{"url":"http:\/\/lookingforcharly.com\/wp-content\/uploads\/2024\/05\/Un-Joli-present-pour-le-bout-de-lAn-LFS-300x188.jpg","type":"","width":"","height":""}],"author":"Daphne","twitter_card":"summary_large_image","twitter_misc":{"Written by":"Daphne","Est. reading time":"10 minutes"},"schema":{"@context":"https:\/\/schema.org","@graph":[{"@type":"Article","@id":"https:\/\/lookingforcharly.com\/it\/un-regalo-speciale-per-il-termine-dellanno\/#article","isPartOf":{"@id":"https:\/\/lookingforcharly.com\/it\/un-regalo-speciale-per-il-termine-dellanno\/"},"author":{"name":"Daphne","@id":"https:\/\/lookingforcharly.com\/it\/#\/schema\/person\/7fb1ea89bf2ffa5783a7f11778422101"},"headline":"Un regalo speciale per il termine dell\u2019anno","datePublished":"2023-11-08T08:52:00+00:00","dateModified":"2025-02-11T16:24:38+00:00","mainEntityOfPage":{"@id":"https:\/\/lookingforcharly.com\/it\/un-regalo-speciale-per-il-termine-dellanno\/"},"wordCount":1384,"publisher":{"@id":"https:\/\/lookingforcharly.com\/it\/#organization"},"image":{"@id":"https:\/\/lookingforcharly.com\/it\/un-regalo-speciale-per-il-termine-dellanno\/#primaryimage"},"thumbnailUrl":"https:\/\/lookingforcharly.com\/wp-content\/uploads\/2023\/11\/Shutterstock_2209089775-2.png","articleSection":["Europa"],"inLanguage":"it-IT"},{"@type":"WebPage","@id":"https:\/\/lookingforcharly.com\/it\/un-regalo-speciale-per-il-termine-dellanno\/","url":"https:\/\/lookingforcharly.com\/it\/un-regalo-speciale-per-il-termine-dellanno\/","name":"Un regalo speciale per il termine dell\u2019anno","isPartOf":{"@id":"https:\/\/lookingforcharly.com\/it\/#website"},"primaryImageOfPage":{"@id":"https:\/\/lookingforcharly.com\/it\/un-regalo-speciale-per-il-termine-dellanno\/#primaryimage"},"image":{"@id":"https:\/\/lookingforcharly.com\/it\/un-regalo-speciale-per-il-termine-dellanno\/#primaryimage"},"thumbnailUrl":"https:\/\/lookingforcharly.com\/wp-content\/uploads\/2023\/11\/Shutterstock_2209089775-2.png","datePublished":"2023-11-08T08:52:00+00:00","dateModified":"2025-02-11T16:24:38+00:00","description":"A fine anno non vedi l'ora di condividere un'avventura su misura sviluppata dalle nostre mani esperte; segui la guida, \u00e8 qui...","breadcrumb":{"@id":"https:\/\/lookingforcharly.com\/it\/un-regalo-speciale-per-il-termine-dellanno\/#breadcrumb"},"inLanguage":"it-IT","potentialAction":[{"@type":"ReadAction","target":["https:\/\/lookingforcharly.com\/it\/un-regalo-speciale-per-il-termine-dellanno\/"]}]},{"@type":"ImageObject","inLanguage":"it-IT","@id":"https:\/\/lookingforcharly.com\/it\/un-regalo-speciale-per-il-termine-dellanno\/#primaryimage","url":"https:\/\/lookingforcharly.com\/wp-content\/uploads\/2023\/11\/Shutterstock_2209089775-2.png","contentUrl":"https:\/\/lookingforcharly.com\/wp-content\/uploads\/2023\/11\/Shutterstock_2209089775-2.png","width":320,"height":214,"caption":"Que vous le c\u00e9l\u00e9briez ou non, que vous le vouliez ou pas\u2026.il reste 50 jours avant No\u00ebl !"},{"@type":"BreadcrumbList","@id":"https:\/\/lookingforcharly.com\/it\/un-regalo-speciale-per-il-termine-dellanno\/#breadcrumb","itemListElement":[{"@type":"ListItem","position":1,"name":"Accueil","item":"https:\/\/lookingforcharly.com\/it\/"},{"@type":"ListItem","position":2,"name":"Europa","item":"https:\/\/lookingforcharly.com\/it\/europa-it\/"},{"@type":"ListItem","position":3,"name":"Un regalo speciale per il termine dell\u2019anno"}]},{"@type":"WebSite","@id":"https:\/\/lookingforcharly.com\/it\/#website","url":"https:\/\/lookingforcharly.com\/it\/","name":"Looking For Charly","description":"Exp\u00e9riences autour du monde","publisher":{"@id":"https:\/\/lookingforcharly.com\/it\/#organization"},"potentialAction":[{"@type":"SearchAction","target":{"@type":"EntryPoint","urlTemplate":"https:\/\/lookingforcharly.com\/it\/?s={search_term_string}"},"query-input":{"@type":"PropertyValueSpecification","valueRequired":true,"valueName":"search_term_string"}}],"inLanguage":"it-IT"},{"@type":"Organization","@id":"https:\/\/lookingforcharly.com\/it\/#organization","name":"Looking For Charly","alternateName":"L4C","url":"https:\/\/lookingforcharly.com\/it\/","logo":{"@type":"ImageObject","inLanguage":"it-IT","@id":"https:\/\/lookingforcharly.com\/it\/#\/schema\/logo\/image\/","url":"https:\/\/lookingforcharly.com\/wp-content\/uploads\/2024\/03\/cropped-cropped-Logo-Looking-for-Charly.png","contentUrl":"https:\/\/lookingforcharly.com\/wp-content\/uploads\/2024\/03\/cropped-cropped-Logo-Looking-for-Charly.png","width":512,"height":512,"caption":"Looking For Charly"},"image":{"@id":"https:\/\/lookingforcharly.com\/it\/#\/schema\/logo\/image\/"},"sameAs":["https:\/\/www.facebook.com\/lookingforcharly","https:\/\/www.instagram.com\/lookingforcharly\/","https:\/\/www.linkedin.com\/company\/looking-for-charly\/"]},{"@type":"Person","@id":"https:\/\/lookingforcharly.com\/it\/#\/schema\/person\/7fb1ea89bf2ffa5783a7f11778422101","name":"Daphne","image":{"@type":"ImageObject","inLanguage":"it-IT","@id":"https:\/\/lookingforcharly.com\/it\/#\/schema\/person\/image\/","url":"https:\/\/secure.gravatar.com\/avatar\/2ca706e3f813d28833c317a19f4cba15b3da298a104b03edf59c6cb7f563cfc5?s=96&d=mm&r=g","contentUrl":"https:\/\/secure.gravatar.com\/avatar\/2ca706e3f813d28833c317a19f4cba15b3da298a104b03edf59c6cb7f563cfc5?s=96&d=mm&r=g","caption":"Daphne"},"url":"https:\/\/lookingforcharly.com\/it\/author\/daphne\/"}]}},"_links":{"self":[{"href":"https:\/\/lookingforcharly.com\/it\/wp-json\/wp\/v2\/posts\/4148","targetHints":{"allow":["GET"]}}],"collection":[{"href":"https:\/\/lookingforcharly.com\/it\/wp-json\/wp\/v2\/posts"}],"about":[{"href":"https:\/\/lookingforcharly.com\/it\/wp-json\/wp\/v2\/types\/post"}],"author":[{"embeddable":true,"href":"https:\/\/lookingforcharly.com\/it\/wp-json\/wp\/v2\/users\/3"}],"replies":[{"embeddable":true,"href":"https:\/\/lookingforcharly.com\/it\/wp-json\/wp\/v2\/comments?post=4148"}],"version-history":[{"count":7,"href":"https:\/\/lookingforcharly.com\/it\/wp-json\/wp\/v2\/posts\/4148\/revisions"}],"predecessor-version":[{"id":7108,"href":"https:\/\/lookingforcharly.com\/it\/wp-json\/wp\/v2\/posts\/4148\/revisions\/7108"}],"wp:featuredmedia":[{"embeddable":true,"href":"https:\/\/lookingforcharly.com\/it\/wp-json\/wp\/v2\/media\/5589"}],"wp:attachment":[{"href":"https:\/\/lookingforcharly.com\/it\/wp-json\/wp\/v2\/media?parent=4148"}],"wp:term":[{"taxonomy":"category","embeddable":true,"href":"https:\/\/lookingforcharly.com\/it\/wp-json\/wp\/v2\/categories?post=4148"},{"taxonomy":"post_tag","embeddable":true,"href":"https:\/\/lookingforcharly.com\/it\/wp-json\/wp\/v2\/tags?post=4148"}],"curies":[{"name":"wp","href":"https:\/\/api.w.org\/{rel}","templated":true}]}}