{"id":4110,"date":"2024-02-08T17:37:00","date_gmt":"2024-02-08T16:37:00","guid":{"rendered":"https:\/\/tipi.beetrip.pro\/il-est-venu-le-temps-des-festivals\/"},"modified":"2025-02-11T11:49:44","modified_gmt":"2025-02-11T10:49:44","slug":"ecco-il-periodo-delle-festivita-tradizionali-e-folkloristiche","status":"publish","type":"post","link":"https:\/\/lookingforcharly.com\/it\/ecco-il-periodo-delle-festivita-tradizionali-e-folkloristiche\/","title":{"rendered":"Ecco il periodo delle festivit\u00e0 tradizionali e folkloristiche"},"content":{"rendered":"\t\t<div data-elementor-type=\"wp-post\" data-elementor-id=\"4110\" class=\"elementor elementor-4110 elementor-1841\" data-elementor-post-type=\"post\">\n\t\t\t\t<div class=\"elementor-element elementor-element-2850888b e-flex e-con-boxed e-con e-parent\" data-id=\"2850888b\" data-element_type=\"container\" data-e-type=\"container\" data-settings=\"{&quot;background_background&quot;:&quot;classic&quot;}\">\n\t\t\t\t\t<div class=\"e-con-inner\">\n\t\t\t\t<div class=\"elementor-element elementor-element-299719b3 elementor-invisible elementor-widget elementor-widget-heading\" data-id=\"299719b3\" data-element_type=\"widget\" data-e-type=\"widget\" data-settings=\"{&quot;_animation&quot;:&quot;fadeIn&quot;}\" data-widget_type=\"heading.default\">\n\t\t\t\t<div class=\"elementor-widget-container\">\n\t\t\t\t\t<h1 class=\"elementor-heading-title elementor-size-default\">Ecco il periodo delle festivit\u00e0 tradizionali e folkloristiche<\/h1>\t\t\t\t<\/div>\n\t\t\t\t<\/div>\n\t\t\t\t<div class=\"elementor-element elementor-element-19d877a elementor-widget elementor-widget-post-info\" data-id=\"19d877a\" data-element_type=\"widget\" data-e-type=\"widget\" data-widget_type=\"post-info.default\">\n\t\t\t\t<div class=\"elementor-widget-container\">\n\t\t\t\t\t\t\t<ul class=\"elementor-inline-items elementor-icon-list-items elementor-post-info\">\n\t\t\t\t\t\t\t\t<li class=\"elementor-icon-list-item elementor-repeater-item-e7fd4d6 elementor-inline-item\" itemprop=\"about\">\n\t\t\t\t\t\t\t\t\t\t\t\t\t<span class=\"elementor-icon-list-text elementor-post-info__item elementor-post-info__item--type-terms\">\n\t\t\t\t\t\t\t\t\t\t<span class=\"elementor-post-info__terms-list\">\n\t\t\t\t<a href=\"https:\/\/lookingforcharly.com\/it\/asia\/\" class=\"elementor-post-info__terms-list-item\">Asia<\/a>\t\t\t\t<\/span>\n\t\t\t\t\t<\/span>\n\t\t\t\t\t\t\t\t<\/li>\n\t\t\t\t<li class=\"elementor-icon-list-item elementor-repeater-item-932e776 elementor-inline-item\" itemprop=\"datePublished\">\n\t\t\t\t\t\t\t\t\t\t\t\t\t<span class=\"elementor-icon-list-text elementor-post-info__item elementor-post-info__item--type-date\">\n\t\t\t\t\t\t\t<span class=\"elementor-post-info__item-prefix\">le<\/span>\n\t\t\t\t\t\t\t\t\t\t<time>8 February 2024<\/time>\t\t\t\t\t<\/span>\n\t\t\t\t\t\t\t\t<\/li>\n\t\t\t\t<\/ul>\n\t\t\t\t\t\t<\/div>\n\t\t\t\t<\/div>\n\t\t\t\t\t<\/div>\n\t\t\t\t<\/div>\n\t\t<div class=\"elementor-element elementor-element-9cc6b78 e-flex e-con-boxed e-con e-parent\" data-id=\"9cc6b78\" data-element_type=\"container\" data-e-type=\"container\">\n\t\t\t\t\t<div class=\"e-con-inner\">\n\t\t\t\t<div class=\"elementor-element elementor-element-e13ea5b elementor-widget elementor-widget-text-editor\" data-id=\"e13ea5b\" data-element_type=\"widget\" data-e-type=\"widget\" data-widget_type=\"text-editor.default\">\n\t\t\t\t<div class=\"elementor-widget-container\">\n\t\t\t\t\t\t\t\t\t<p style=\"text-align: center;\"><strong>Quando l\u2019eco primaverile porta con s\u00e9 un dolce ritmo di rinascita, il mondo si risveglia in una sinfonia di colori e di allegria. Ogni anno, la rinascita della natura viene testimoniata da tradizioni uniche e diverse, capaci di catturare l&#8217;essenza stessa di questa meravigliosa stagione. Dalle cerimonie millenarie alle celebrazioni moderne, ecco un viaggio attraverso gli usi e i costumi pieni di vita che si incontrano guardando l&#8217;orizzonte.<\/strong><\/p><p style=\"text-align: center;\"><strong>Pronti a godervi le differenti esperienze culturali che ogni celebrazione racchiude in s\u00e9, come frammenti unici di un caleidoscopio di risonanza mondiale.<\/strong><\/p>\t\t\t\t\t\t\t\t<\/div>\n\t\t\t\t<\/div>\n\t\t\t\t<div class=\"elementor-element elementor-element-d8b1f8d elementor-widget elementor-widget-image\" data-id=\"d8b1f8d\" data-element_type=\"widget\" data-e-type=\"widget\" data-widget_type=\"image.default\">\n\t\t\t\t<div class=\"elementor-widget-container\">\n\t\t\t\t\t\t\t\t\t\t\t\t\t\t\t\t<a href=\"http:\/\/lookingforcharly.com\/wp-content\/uploads\/2024\/02\/Fete-traditionnelle.jpg\" data-elementor-open-lightbox=\"yes\" data-elementor-lightbox-title=\"Evolene,,Switzerland,-,August,11:,Uzbeki,Dance,Troupe,At,The\" data-e-action-hash=\"#elementor-action%3Aaction%3Dlightbox%26settings%3DeyJpZCI6MTM5NywidXJsIjoiaHR0cHM6XC9cL2xvb2tpbmdmb3JjaGFybHkuY29tXC93cC1jb250ZW50XC91cGxvYWRzXC8yMDI0XC8wMlwvRmV0ZS10cmFkaXRpb25uZWxsZS5qcGcifQ%3D%3D\">\n\t\t\t\t\t\t\t<img fetchpriority=\"high\" decoding=\"async\" width=\"1000\" height=\"630\" src=\"https:\/\/lookingforcharly.com\/wp-content\/uploads\/2024\/02\/Fete-traditionnelle.jpg\" class=\"attachment-full size-full wp-image-1397\" alt=\"\" srcset=\"https:\/\/lookingforcharly.com\/wp-content\/uploads\/2024\/02\/Fete-traditionnelle.jpg 1000w, https:\/\/lookingforcharly.com\/wp-content\/uploads\/2024\/02\/Fete-traditionnelle-300x189.jpg 300w, https:\/\/lookingforcharly.com\/wp-content\/uploads\/2024\/02\/Fete-traditionnelle-768x484.jpg 768w\" sizes=\"(max-width: 1000px) 100vw, 1000px\" \/>\t\t\t\t\t\t\t\t<\/a>\n\t\t\t\t\t\t\t\t\t\t\t\t\t\t\t<\/div>\n\t\t\t\t<\/div>\n\t\t\t\t<div class=\"elementor-element elementor-element-c7da0ed elementor-widget elementor-widget-heading\" data-id=\"c7da0ed\" data-element_type=\"widget\" data-e-type=\"widget\" data-widget_type=\"heading.default\">\n\t\t\t\t<div class=\"elementor-widget-container\">\n\t\t\t\t\t<h3 class=\"elementor-heading-title elementor-size-default\">Un giro sulla Via della Seta<\/h3>\t\t\t\t<\/div>\n\t\t\t\t<\/div>\n\t\t\t\t<div class=\"elementor-element elementor-element-c695db4 elementor-widget elementor-widget-text-editor\" data-id=\"c695db4\" data-element_type=\"widget\" data-e-type=\"widget\" data-widget_type=\"text-editor.default\">\n\t\t\t\t<div class=\"elementor-widget-container\">\n\t\t\t\t\t\t\t\t\t<p style=\"text-align: justify;\">Quando l\u2019eco primaverile porta con s\u00e9 un dolce ritmo di rinascita, il mondo si risveglia in una sinfonia di colori e di allegria. Ogni anno, la rinascita della natura viene testimoniata da tradizioni uniche e diverse, capaci di catturare l&#8217;essenza stessa di questa meravigliosa stagione. Dalle cerimonie millenarie alle celebrazioni moderne, ecco un viaggio attraverso gli usi e i costumi pieni di vita che si incontrano guardando l&#8217;orizzonte.<br \/>\nPronti a godervi le differenti esperienze culturali che ogni celebrazione racchiude in s\u00e9, come frammenti unici di un caleidoscopio di risonanza mondiale<\/p>\n\t\t\t\t\t\t\t\t<\/div>\n\t\t\t\t<\/div>\n\t\t\t\t<div class=\"elementor-element elementor-element-d77fa70 elementor-widget elementor-widget-heading\" data-id=\"d77fa70\" data-element_type=\"widget\" data-e-type=\"widget\" data-widget_type=\"heading.default\">\n\t\t\t\t<div class=\"elementor-widget-container\">\n\t\t\t\t\t<h3 class=\"elementor-heading-title elementor-size-default\">... e delle spezie.<\/h3>\t\t\t\t<\/div>\n\t\t\t\t<\/div>\n\t\t\t\t<div class=\"elementor-element elementor-element-624c97f elementor-widget elementor-widget-text-editor\" data-id=\"624c97f\" data-element_type=\"widget\" data-e-type=\"widget\" data-widget_type=\"text-editor.default\">\n\t\t\t\t<div class=\"elementor-widget-container\">\n\t\t\t\t\t\t\t\t\t<p>Il Festival della Seta e delle Spezie \u00e8 uno dei pi\u00f9 antichi dell&#8217;Uzbekistan. Si tiene tradizionalmente a Bukhara tra fine maggio e inizio giugno. L&#8217;obiettivo principale non \u00e8 solo quello di tener vivo il patrimonio culturale della Grande Via della Seta, ma anche di dimostrare la ricchezza delle tradizioni artigianali locali.<\/p>\n<p>Soprattutto si portano alla ribalta doti artistiche e artigianali uniche e speciali come il ricamo, l&#8217;intaglio del legno, l\u2019arte di fabbricazione dei tappeti e di tessitura della seta. I venditori di spezie arrivano in massa da tutto il paese per presentare la loro produzione.<\/p>\n<p>I viaggiatori si ritrovano in una vera e propria favola tipica orientale che li trasporta in una gioiosa processione con abiti tradizionali seguita da incredibili esibizioni di ballerini e acrobati. Per tutta la durata dell&#8217;evento, una musica soave che culla l&#8217;arrivo della primavera, fa da sfondo a mosaici meravigliosi, minareti unici e sontuosi monumenti storici.<br \/>\nUn grande concerto folkloristico uzbeko segna la fine dei festeggiamenti.<\/p>\n\t\t\t\t\t\t\t\t<\/div>\n\t\t\t\t<\/div>\n\t\t\t\t<div class=\"elementor-element elementor-element-e59e3ff elementor-widget elementor-widget-image\" data-id=\"e59e3ff\" data-element_type=\"widget\" data-e-type=\"widget\" data-widget_type=\"image.default\">\n\t\t\t\t<div class=\"elementor-widget-container\">\n\t\t\t\t\t\t\t\t\t\t\t\t\t\t\t\t<a href=\"http:\/\/lookingforcharly.com\/wp-content\/uploads\/2024\/02\/Festival-des-lanternes.jpg\" data-elementor-open-lightbox=\"yes\" data-elementor-lightbox-title=\"Festival des lanternes\" data-e-action-hash=\"#elementor-action%3Aaction%3Dlightbox%26settings%3DeyJpZCI6MTQwMCwidXJsIjoiaHR0cHM6XC9cL2xvb2tpbmdmb3JjaGFybHkuY29tXC93cC1jb250ZW50XC91cGxvYWRzXC8yMDI0XC8wMlwvRmVzdGl2YWwtZGVzLWxhbnRlcm5lcy5qcGcifQ%3D%3D\">\n\t\t\t\t\t\t\t<img decoding=\"async\" width=\"1280\" height=\"853\" src=\"https:\/\/lookingforcharly.com\/wp-content\/uploads\/2024\/02\/Festival-des-lanternes.jpg\" class=\"attachment-full size-full wp-image-1400\" alt=\"\" srcset=\"https:\/\/lookingforcharly.com\/wp-content\/uploads\/2024\/02\/Festival-des-lanternes.jpg 1280w, https:\/\/lookingforcharly.com\/wp-content\/uploads\/2024\/02\/Festival-des-lanternes-300x200.jpg 300w, https:\/\/lookingforcharly.com\/wp-content\/uploads\/2024\/02\/Festival-des-lanternes-1024x682.jpg 1024w, https:\/\/lookingforcharly.com\/wp-content\/uploads\/2024\/02\/Festival-des-lanternes-768x512.jpg 768w\" sizes=\"(max-width: 1280px) 100vw, 1280px\" \/>\t\t\t\t\t\t\t\t<\/a>\n\t\t\t\t\t\t\t\t\t\t\t\t\t\t\t<\/div>\n\t\t\t\t<\/div>\n\t\t\t\t<div class=\"elementor-element elementor-element-528fee3 elementor-widget elementor-widget-heading\" data-id=\"528fee3\" data-element_type=\"widget\" data-e-type=\"widget\" data-widget_type=\"heading.default\">\n\t\t\t\t<div class=\"elementor-widget-container\">\n\t\t\t\t\t<h3 class=\"elementor-heading-title elementor-size-default\">La magica Festa delle Lanterne<\/h3>\t\t\t\t<\/div>\n\t\t\t\t<\/div>\n\t\t\t\t<div class=\"elementor-element elementor-element-6e2eb52 elementor-widget elementor-widget-text-editor\" data-id=\"6e2eb52\" data-element_type=\"widget\" data-e-type=\"widget\" data-widget_type=\"text-editor.default\">\n\t\t\t\t<div class=\"elementor-widget-container\">\n\t\t\t\t\t\t\t\t\t<p>Nella Corea del Sud, quando l&#8217;inverno lascia spazio a temperature pi\u00f9 miti, ci si trova dinnanzi ad uno spettacolo floreale unico. In primavera, Seoul, si riempie di vita grazie al &#8220;Yeon Deung Hoe&#8221; &#8211; la Festa delle Lanterne di Loto.<\/p>\n<p>Il periodo \u00e8 famoso per la presenza di innumerevoli magnifiche lanterne che illuminano le strade, creando un&#8217;atmosfera magica e spirituale. In citt\u00e0 si svolgono sfilate con lanterne di tutte le forme e dimensioni. I partecipanti indossano non solo costumi tradizionali, gli &#8220;hanboks&#8221; ma anche abiti moderni, simboleggiando l&#8217;unione armoniosa di passato e presente.<\/p>\n<p>Le danze e i canti celebrano la vita e gli insegnamenti di Buddha, la cui nascita \u00e8 celebrata dall\u2019intera comunit\u00e0. La parata simboleggia la luce della saggezza e la sua vittoria sulle tenebre. Ogni bagliore rappresenta anche auguri di pace e felicit\u00e0 per l&#8217;universo. Al calar della notte, migliaia di lucine brillano lungo le rive, dipingendo una tela intrisa di magia che fa eco allo splendore delle stelle.<\/p>\n<p>\u00c8 il momento perfetto per vedere risorgere la natura ed ammirare la citt\u00e0 trasformata in un quadro vivente di colori vivaci e fragranze ipnotizzanti.<br \/>\nLe strade si risvegliano grazie ai vividi colori dei boccioli di ciliegio. Parchi e giardini diventano scenari bucolici dove fioriscono tulipani, narcisi e azalee.<\/p>\n<p>In cima a una collina del Parco Haneul, una vista superba di Seoul mostra dall\u2019alto zone di differenti colori, testimonianze della rinascita della stagione primaverile.<\/p>\n<p>Pronti a godervi le differenti esperienze culturali che ogni celebrazione racchiude in s\u00e9, come frammenti unici di un caleidoscopio di risonanza mondiale.<\/p>\n\t\t\t\t\t\t\t\t<\/div>\n\t\t\t\t<\/div>\n\t\t\t\t<div class=\"elementor-element elementor-element-f115dfe elementor-widget elementor-widget-image\" data-id=\"f115dfe\" data-element_type=\"widget\" data-e-type=\"widget\" data-widget_type=\"image.default\">\n\t\t\t\t<div class=\"elementor-widget-container\">\n\t\t\t\t\t\t\t\t\t\t\t\t\t\t\t\t<a href=\"http:\/\/lookingforcharly.com\/wp-content\/uploads\/2024\/02\/Festival-religieux-au-Boutan.jpg\" data-elementor-open-lightbox=\"yes\" data-elementor-lightbox-title=\"Festival religieux au Boutan\" data-e-action-hash=\"#elementor-action%3Aaction%3Dlightbox%26settings%3DeyJpZCI6MTQwMywidXJsIjoiaHR0cHM6XC9cL2xvb2tpbmdmb3JjaGFybHkuY29tXC93cC1jb250ZW50XC91cGxvYWRzXC8yMDI0XC8wMlwvRmVzdGl2YWwtcmVsaWdpZXV4LWF1LUJvdXRhbi5qcGcifQ%3D%3D\">\n\t\t\t\t\t\t\t<img decoding=\"async\" width=\"1280\" height=\"853\" src=\"https:\/\/lookingforcharly.com\/wp-content\/uploads\/2024\/02\/Festival-religieux-au-Boutan.jpg\" class=\"attachment-full size-full wp-image-1403\" alt=\"\" srcset=\"https:\/\/lookingforcharly.com\/wp-content\/uploads\/2024\/02\/Festival-religieux-au-Boutan.jpg 1280w, https:\/\/lookingforcharly.com\/wp-content\/uploads\/2024\/02\/Festival-religieux-au-Boutan-300x200.jpg 300w, https:\/\/lookingforcharly.com\/wp-content\/uploads\/2024\/02\/Festival-religieux-au-Boutan-1024x682.jpg 1024w, https:\/\/lookingforcharly.com\/wp-content\/uploads\/2024\/02\/Festival-religieux-au-Boutan-768x512.jpg 768w\" sizes=\"(max-width: 1280px) 100vw, 1280px\" \/>\t\t\t\t\t\t\t\t<\/a>\n\t\t\t\t\t\t\t\t\t\t\t\t\t\t\t<\/div>\n\t\t\t\t<\/div>\n\t\t\t\t<div class=\"elementor-element elementor-element-4459b94 elementor-widget elementor-widget-heading\" data-id=\"4459b94\" data-element_type=\"widget\" data-e-type=\"widget\" data-widget_type=\"heading.default\">\n\t\t\t\t<div class=\"elementor-widget-container\">\n\t\t\t\t\t<h3 class=\"elementor-heading-title elementor-size-default\">Un tuffo nel fervore delle festivit\u00e0 <\/h3>\t\t\t\t<\/div>\n\t\t\t\t<\/div>\n\t\t\t\t<div class=\"elementor-element elementor-element-02441a0 elementor-widget elementor-widget-text-editor\" data-id=\"02441a0\" data-element_type=\"widget\" data-e-type=\"widget\" data-widget_type=\"text-editor.default\">\n\t\t\t\t<div class=\"elementor-widget-container\">\n\t\t\t\t\t\t\t\t\t<div data-id=\"6e2eb52\" data-element_type=\"widget\" data-widget_type=\"text-editor.default\">\n<div>\n<div>\n<div>\n<div>\n<div>\n<p>Le celebrazioni religiose in Bhutan rappresentano un momento importante del calendario locale. Paro Tshechu \u00e8 una delle pi\u00f9 conosciute \u2013 il suo significato \u00e8 &#8220;decimo giorno&#8221; \u2013 e indica un momento specifico di un mese dell&#8217;almanacco lunare bhutanese. Per cinque giorni, le festivit\u00e0 si susseguono nel cuore del monastero. Molto pi\u00f9 di una semplice commemorazione, ogni festa \u00e8 il connubio inebriante di tradizione e spiritualit\u00e0, dualismo da cui questa terra prende forma.<\/p>\n<p>I colori abbaglianti delle sete e dei ricami scintillanti, le maschere raffinate con volti di miti si uniscono in pura poesia a danze ammalianti. Ogni gesto, ogni movimento segue preciso il ritmo di tamburi e flauti, rendendo omaggio al Guru Rinpoche che ha permesso al buddismo di affermarsi nell&#8217;ottavo secolo.<\/p>\n<p>Canti sacri \u2013 che scacciano gli spiriti maligni \u2013 riecheggiano nel cuore delle maestose montagne dell&#8217;Himalaya. Le offerte ricche di colori e di inebrianti profumi riempiono l&#8217;aria di fragranze divine, e creano un legame di unione tra i locali e la loro divinit\u00e0 protettrice. L\u2019invito ad un viaggio spirituale e culturale, un incanto a cui pochi fortunati potranno partecipare tra fine febbraio e met\u00e0 marzo. Questo evento incredibilmente affascinante si svolge al Monastero di Paro Taktsang \u2013 il Nido della Tigre \u2013 e coinvolge tutta la valle circostante, caratterizzata da una bellezza magica.<\/p>\n<\/div>\n<\/div>\n<\/div>\n<\/div>\n<\/div>\n<\/div>\n\t\t\t\t\t\t\t\t<\/div>\n\t\t\t\t<\/div>\n\t\t\t\t<div class=\"elementor-element elementor-element-21526b0 elementor-widget elementor-widget-text-editor\" data-id=\"21526b0\" data-element_type=\"widget\" data-e-type=\"widget\" data-widget_type=\"text-editor.default\">\n\t\t\t\t<div class=\"elementor-widget-container\">\n\t\t\t\t\t\t\t\t\t<div data-id=\"6e2eb52\" data-element_type=\"widget\" data-widget_type=\"text-editor.default\">\n<p style=\"text-align: justify;\">\n<p style=\"text-align: center;\"><span style=\"color: #bfa800;\"><em>Pronti a godervi le differenti esperienze culturali che ogni celebrazione racchiude in s\u00e9, come frammenti unici di un caleidoscopio di risonanza mondiale<\/em><\/span><\/p>\n<\/div>\n\t\t\t\t\t\t\t\t<\/div>\n\t\t\t\t<\/div>\n\t\t\t\t<div class=\"elementor-element elementor-element-44ae7a0 elementor-widget-divider--view-line elementor-widget elementor-widget-divider\" data-id=\"44ae7a0\" data-element_type=\"widget\" data-e-type=\"widget\" data-widget_type=\"divider.default\">\n\t\t\t\t<div class=\"elementor-widget-container\">\n\t\t\t\t\t\t\t<div class=\"elementor-divider\">\n\t\t\t<span class=\"elementor-divider-separator\">\n\t\t\t\t\t\t<\/span>\n\t\t<\/div>\n\t\t\t\t\t\t<\/div>\n\t\t\t\t<\/div>\n\t\t\t\t\t<\/div>\n\t\t\t\t<\/div>\n\t\t<div class=\"elementor-element elementor-element-957feb5 e-flex e-con-boxed e-con e-parent\" data-id=\"957feb5\" data-element_type=\"container\" data-e-type=\"container\">\n\t\t\t\t\t<div class=\"e-con-inner\">\n\t\t<div class=\"elementor-element elementor-element-3528335 e-con-full e-flex e-con e-child\" data-id=\"3528335\" data-element_type=\"container\" data-e-type=\"container\">\n\t\t\t\t<div class=\"elementor-element elementor-element-a9a8e01 elementor-widget elementor-widget-heading\" data-id=\"a9a8e01\" data-element_type=\"widget\" data-e-type=\"widget\" data-widget_type=\"heading.default\">\n\t\t\t\t<div class=\"elementor-widget-container\">\n\t\t\t\t\t<h3 class=\"elementor-heading-title elementor-size-default\">Vous aimerez aussi...<\/h3>\t\t\t\t<\/div>\n\t\t\t\t<\/div>\n\t\t\t\t<\/div>\n\t\t\t\t\t<\/div>\n\t\t\t\t<\/div>\n\t\t\t\t<\/div>\n\t\t","protected":false},"excerpt":{"rendered":"<p>Quando l\u2019eco primaverile porta con s\u00e9 un dolce ritmo di rinascita, il mondo si risveglia in una sinfonia di colori e di allegria.<\/p>\n","protected":false},"author":3,"featured_media":1411,"comment_status":"closed","ping_status":"open","sticky":false,"template":"","format":"standard","meta":{"footnotes":""},"categories":[50],"tags":[],"class_list":["post-4110","post","type-post","status-publish","format-standard","has-post-thumbnail","hentry","category-asia"],"yoast_head":"<!-- This site is optimized with the Yoast SEO plugin v27.1.1 - https:\/\/yoast.com\/product\/yoast-seo-wordpress\/ -->\n<title>Ecco il periodo delle festivit\u00e0 tradizionali e folkloristiche<\/title>\n<meta name=\"description\" content=\"Quando l\u2019eco primaverile porta con s\u00e9 un dolce ritmo di rinascita, il mondo si risveglia in una sinfonia di colori e di allegria.\" \/>\n<meta name=\"robots\" content=\"index, follow, max-snippet:-1, max-image-preview:large, max-video-preview:-1\" \/>\n<link rel=\"canonical\" href=\"https:\/\/lookingforcharly.com\/it\/ecco-il-periodo-delle-festivita-tradizionali-e-folkloristiche\/\" \/>\n<meta property=\"og:locale\" content=\"it_IT\" \/>\n<meta property=\"og:type\" content=\"article\" \/>\n<meta property=\"og:title\" content=\"Ecco il periodo delle festivit\u00e0 tradizionali e folkloristiche\" \/>\n<meta property=\"og:description\" content=\"Quando l\u2019eco primaverile porta con s\u00e9 un dolce ritmo di rinascita, il mondo si risveglia in una sinfonia di colori e di allegria.\" \/>\n<meta property=\"og:url\" content=\"https:\/\/lookingforcharly.com\/it\/ecco-il-periodo-delle-festivita-tradizionali-e-folkloristiche\/\" \/>\n<meta property=\"og:site_name\" content=\"Looking For Charly\" \/>\n<meta property=\"article:publisher\" content=\"https:\/\/www.facebook.com\/lookingforcharly\" \/>\n<meta property=\"article:published_time\" content=\"2024-02-08T16:37:00+00:00\" \/>\n<meta property=\"article:modified_time\" content=\"2025-02-11T10:49:44+00:00\" \/>\n<meta property=\"og:image\" content=\"http:\/\/lookingforcharly.com\/wp-content\/uploads\/2024\/02\/Sakura-LFC-1024x682.jpg\" \/>\n<meta name=\"author\" content=\"Daphne\" \/>\n<meta name=\"twitter:card\" content=\"summary_large_image\" \/>\n<meta name=\"twitter:label1\" content=\"Written by\" \/>\n\t<meta name=\"twitter:data1\" content=\"Daphne\" \/>\n\t<meta name=\"twitter:label2\" content=\"Est. reading time\" \/>\n\t<meta name=\"twitter:data2\" content=\"6 minutes\" \/>\n<script type=\"application\/ld+json\" class=\"yoast-schema-graph\">{\"@context\":\"https:\/\/schema.org\",\"@graph\":[{\"@type\":\"Article\",\"@id\":\"https:\/\/lookingforcharly.com\/it\/ecco-il-periodo-delle-festivita-tradizionali-e-folkloristiche\/#article\",\"isPartOf\":{\"@id\":\"https:\/\/lookingforcharly.com\/it\/ecco-il-periodo-delle-festivita-tradizionali-e-folkloristiche\/\"},\"author\":{\"name\":\"Daphne\",\"@id\":\"https:\/\/lookingforcharly.com\/it\/#\/schema\/person\/7fb1ea89bf2ffa5783a7f11778422101\"},\"headline\":\"Ecco il periodo delle festivit\u00e0 tradizionali e folkloristiche\",\"datePublished\":\"2024-02-08T16:37:00+00:00\",\"dateModified\":\"2025-02-11T10:49:44+00:00\",\"mainEntityOfPage\":{\"@id\":\"https:\/\/lookingforcharly.com\/it\/ecco-il-periodo-delle-festivita-tradizionali-e-folkloristiche\/\"},\"wordCount\":873,\"publisher\":{\"@id\":\"https:\/\/lookingforcharly.com\/it\/#organization\"},\"image\":{\"@id\":\"https:\/\/lookingforcharly.com\/it\/ecco-il-periodo-delle-festivita-tradizionali-e-folkloristiche\/#primaryimage\"},\"thumbnailUrl\":\"https:\/\/lookingforcharly.com\/wp-content\/uploads\/2024\/02\/Sakura-LFC.jpg\",\"articleSection\":[\"Asia\"],\"inLanguage\":\"it-IT\"},{\"@type\":\"WebPage\",\"@id\":\"https:\/\/lookingforcharly.com\/it\/ecco-il-periodo-delle-festivita-tradizionali-e-folkloristiche\/\",\"url\":\"https:\/\/lookingforcharly.com\/it\/ecco-il-periodo-delle-festivita-tradizionali-e-folkloristiche\/\",\"name\":\"Ecco il periodo delle festivit\u00e0 tradizionali e folkloristiche\",\"isPartOf\":{\"@id\":\"https:\/\/lookingforcharly.com\/it\/#website\"},\"primaryImageOfPage\":{\"@id\":\"https:\/\/lookingforcharly.com\/it\/ecco-il-periodo-delle-festivita-tradizionali-e-folkloristiche\/#primaryimage\"},\"image\":{\"@id\":\"https:\/\/lookingforcharly.com\/it\/ecco-il-periodo-delle-festivita-tradizionali-e-folkloristiche\/#primaryimage\"},\"thumbnailUrl\":\"https:\/\/lookingforcharly.com\/wp-content\/uploads\/2024\/02\/Sakura-LFC.jpg\",\"datePublished\":\"2024-02-08T16:37:00+00:00\",\"dateModified\":\"2025-02-11T10:49:44+00:00\",\"description\":\"Quando l\u2019eco primaverile porta con s\u00e9 un dolce ritmo di rinascita, il mondo si risveglia in una sinfonia di colori e di allegria.\",\"breadcrumb\":{\"@id\":\"https:\/\/lookingforcharly.com\/it\/ecco-il-periodo-delle-festivita-tradizionali-e-folkloristiche\/#breadcrumb\"},\"inLanguage\":\"it-IT\",\"potentialAction\":[{\"@type\":\"ReadAction\",\"target\":[\"https:\/\/lookingforcharly.com\/it\/ecco-il-periodo-delle-festivita-tradizionali-e-folkloristiche\/\"]}]},{\"@type\":\"ImageObject\",\"inLanguage\":\"it-IT\",\"@id\":\"https:\/\/lookingforcharly.com\/it\/ecco-il-periodo-delle-festivita-tradizionali-e-folkloristiche\/#primaryimage\",\"url\":\"https:\/\/lookingforcharly.com\/wp-content\/uploads\/2024\/02\/Sakura-LFC.jpg\",\"contentUrl\":\"https:\/\/lookingforcharly.com\/wp-content\/uploads\/2024\/02\/Sakura-LFC.jpg\",\"width\":1280,\"height\":853},{\"@type\":\"BreadcrumbList\",\"@id\":\"https:\/\/lookingforcharly.com\/it\/ecco-il-periodo-delle-festivita-tradizionali-e-folkloristiche\/#breadcrumb\",\"itemListElement\":[{\"@type\":\"ListItem\",\"position\":1,\"name\":\"Accueil\",\"item\":\"https:\/\/lookingforcharly.com\/it\/\"},{\"@type\":\"ListItem\",\"position\":2,\"name\":\"Asie\",\"item\":\"https:\/\/lookingforcharly.com\/it\/asie-it\/\"},{\"@type\":\"ListItem\",\"position\":3,\"name\":\"Ecco il periodo delle festivit\u00e0 tradizionali e folkloristiche\"}]},{\"@type\":\"WebSite\",\"@id\":\"https:\/\/lookingforcharly.com\/it\/#website\",\"url\":\"https:\/\/lookingforcharly.com\/it\/\",\"name\":\"Looking For Charly\",\"description\":\"Exp\u00e9riences autour du monde\",\"publisher\":{\"@id\":\"https:\/\/lookingforcharly.com\/it\/#organization\"},\"potentialAction\":[{\"@type\":\"SearchAction\",\"target\":{\"@type\":\"EntryPoint\",\"urlTemplate\":\"https:\/\/lookingforcharly.com\/it\/?s={search_term_string}\"},\"query-input\":{\"@type\":\"PropertyValueSpecification\",\"valueRequired\":true,\"valueName\":\"search_term_string\"}}],\"inLanguage\":\"it-IT\"},{\"@type\":\"Organization\",\"@id\":\"https:\/\/lookingforcharly.com\/it\/#organization\",\"name\":\"Looking For Charly\",\"alternateName\":\"L4C\",\"url\":\"https:\/\/lookingforcharly.com\/it\/\",\"logo\":{\"@type\":\"ImageObject\",\"inLanguage\":\"it-IT\",\"@id\":\"https:\/\/lookingforcharly.com\/it\/#\/schema\/logo\/image\/\",\"url\":\"https:\/\/lookingforcharly.com\/wp-content\/uploads\/2024\/03\/cropped-cropped-Logo-Looking-for-Charly.png\",\"contentUrl\":\"https:\/\/lookingforcharly.com\/wp-content\/uploads\/2024\/03\/cropped-cropped-Logo-Looking-for-Charly.png\",\"width\":512,\"height\":512,\"caption\":\"Looking For Charly\"},\"image\":{\"@id\":\"https:\/\/lookingforcharly.com\/it\/#\/schema\/logo\/image\/\"},\"sameAs\":[\"https:\/\/www.facebook.com\/lookingforcharly\",\"https:\/\/www.instagram.com\/lookingforcharly\/\",\"https:\/\/www.linkedin.com\/company\/looking-for-charly\/\"]},{\"@type\":\"Person\",\"@id\":\"https:\/\/lookingforcharly.com\/it\/#\/schema\/person\/7fb1ea89bf2ffa5783a7f11778422101\",\"name\":\"Daphne\",\"image\":{\"@type\":\"ImageObject\",\"inLanguage\":\"it-IT\",\"@id\":\"https:\/\/lookingforcharly.com\/it\/#\/schema\/person\/image\/\",\"url\":\"https:\/\/secure.gravatar.com\/avatar\/2ca706e3f813d28833c317a19f4cba15b3da298a104b03edf59c6cb7f563cfc5?s=96&d=mm&r=g\",\"contentUrl\":\"https:\/\/secure.gravatar.com\/avatar\/2ca706e3f813d28833c317a19f4cba15b3da298a104b03edf59c6cb7f563cfc5?s=96&d=mm&r=g\",\"caption\":\"Daphne\"},\"url\":\"https:\/\/lookingforcharly.com\/it\/author\/daphne\/\"}]}<\/script>\n<!-- \/ Yoast SEO plugin. -->","yoast_head_json":{"title":"Ecco il periodo delle festivit\u00e0 tradizionali e folkloristiche","description":"Quando l\u2019eco primaverile porta con s\u00e9 un dolce ritmo di rinascita, il mondo si risveglia in una sinfonia di colori e di allegria.","robots":{"index":"index","follow":"follow","max-snippet":"max-snippet:-1","max-image-preview":"max-image-preview:large","max-video-preview":"max-video-preview:-1"},"canonical":"https:\/\/lookingforcharly.com\/it\/ecco-il-periodo-delle-festivita-tradizionali-e-folkloristiche\/","og_locale":"it_IT","og_type":"article","og_title":"Ecco il periodo delle festivit\u00e0 tradizionali e folkloristiche","og_description":"Quando l\u2019eco primaverile porta con s\u00e9 un dolce ritmo di rinascita, il mondo si risveglia in una sinfonia di colori e di allegria.","og_url":"https:\/\/lookingforcharly.com\/it\/ecco-il-periodo-delle-festivita-tradizionali-e-folkloristiche\/","og_site_name":"Looking For Charly","article_publisher":"https:\/\/www.facebook.com\/lookingforcharly","article_published_time":"2024-02-08T16:37:00+00:00","article_modified_time":"2025-02-11T10:49:44+00:00","og_image":[{"url":"http:\/\/lookingforcharly.com\/wp-content\/uploads\/2024\/02\/Sakura-LFC-1024x682.jpg","type":"","width":"","height":""}],"author":"Daphne","twitter_card":"summary_large_image","twitter_misc":{"Written by":"Daphne","Est. reading time":"6 minutes"},"schema":{"@context":"https:\/\/schema.org","@graph":[{"@type":"Article","@id":"https:\/\/lookingforcharly.com\/it\/ecco-il-periodo-delle-festivita-tradizionali-e-folkloristiche\/#article","isPartOf":{"@id":"https:\/\/lookingforcharly.com\/it\/ecco-il-periodo-delle-festivita-tradizionali-e-folkloristiche\/"},"author":{"name":"Daphne","@id":"https:\/\/lookingforcharly.com\/it\/#\/schema\/person\/7fb1ea89bf2ffa5783a7f11778422101"},"headline":"Ecco il periodo delle festivit\u00e0 tradizionali e folkloristiche","datePublished":"2024-02-08T16:37:00+00:00","dateModified":"2025-02-11T10:49:44+00:00","mainEntityOfPage":{"@id":"https:\/\/lookingforcharly.com\/it\/ecco-il-periodo-delle-festivita-tradizionali-e-folkloristiche\/"},"wordCount":873,"publisher":{"@id":"https:\/\/lookingforcharly.com\/it\/#organization"},"image":{"@id":"https:\/\/lookingforcharly.com\/it\/ecco-il-periodo-delle-festivita-tradizionali-e-folkloristiche\/#primaryimage"},"thumbnailUrl":"https:\/\/lookingforcharly.com\/wp-content\/uploads\/2024\/02\/Sakura-LFC.jpg","articleSection":["Asia"],"inLanguage":"it-IT"},{"@type":"WebPage","@id":"https:\/\/lookingforcharly.com\/it\/ecco-il-periodo-delle-festivita-tradizionali-e-folkloristiche\/","url":"https:\/\/lookingforcharly.com\/it\/ecco-il-periodo-delle-festivita-tradizionali-e-folkloristiche\/","name":"Ecco il periodo delle festivit\u00e0 tradizionali e folkloristiche","isPartOf":{"@id":"https:\/\/lookingforcharly.com\/it\/#website"},"primaryImageOfPage":{"@id":"https:\/\/lookingforcharly.com\/it\/ecco-il-periodo-delle-festivita-tradizionali-e-folkloristiche\/#primaryimage"},"image":{"@id":"https:\/\/lookingforcharly.com\/it\/ecco-il-periodo-delle-festivita-tradizionali-e-folkloristiche\/#primaryimage"},"thumbnailUrl":"https:\/\/lookingforcharly.com\/wp-content\/uploads\/2024\/02\/Sakura-LFC.jpg","datePublished":"2024-02-08T16:37:00+00:00","dateModified":"2025-02-11T10:49:44+00:00","description":"Quando l\u2019eco primaverile porta con s\u00e9 un dolce ritmo di rinascita, il mondo si risveglia in una sinfonia di colori e di allegria.","breadcrumb":{"@id":"https:\/\/lookingforcharly.com\/it\/ecco-il-periodo-delle-festivita-tradizionali-e-folkloristiche\/#breadcrumb"},"inLanguage":"it-IT","potentialAction":[{"@type":"ReadAction","target":["https:\/\/lookingforcharly.com\/it\/ecco-il-periodo-delle-festivita-tradizionali-e-folkloristiche\/"]}]},{"@type":"ImageObject","inLanguage":"it-IT","@id":"https:\/\/lookingforcharly.com\/it\/ecco-il-periodo-delle-festivita-tradizionali-e-folkloristiche\/#primaryimage","url":"https:\/\/lookingforcharly.com\/wp-content\/uploads\/2024\/02\/Sakura-LFC.jpg","contentUrl":"https:\/\/lookingforcharly.com\/wp-content\/uploads\/2024\/02\/Sakura-LFC.jpg","width":1280,"height":853},{"@type":"BreadcrumbList","@id":"https:\/\/lookingforcharly.com\/it\/ecco-il-periodo-delle-festivita-tradizionali-e-folkloristiche\/#breadcrumb","itemListElement":[{"@type":"ListItem","position":1,"name":"Accueil","item":"https:\/\/lookingforcharly.com\/it\/"},{"@type":"ListItem","position":2,"name":"Asie","item":"https:\/\/lookingforcharly.com\/it\/asie-it\/"},{"@type":"ListItem","position":3,"name":"Ecco il periodo delle festivit\u00e0 tradizionali e folkloristiche"}]},{"@type":"WebSite","@id":"https:\/\/lookingforcharly.com\/it\/#website","url":"https:\/\/lookingforcharly.com\/it\/","name":"Looking For Charly","description":"Exp\u00e9riences autour du monde","publisher":{"@id":"https:\/\/lookingforcharly.com\/it\/#organization"},"potentialAction":[{"@type":"SearchAction","target":{"@type":"EntryPoint","urlTemplate":"https:\/\/lookingforcharly.com\/it\/?s={search_term_string}"},"query-input":{"@type":"PropertyValueSpecification","valueRequired":true,"valueName":"search_term_string"}}],"inLanguage":"it-IT"},{"@type":"Organization","@id":"https:\/\/lookingforcharly.com\/it\/#organization","name":"Looking For Charly","alternateName":"L4C","url":"https:\/\/lookingforcharly.com\/it\/","logo":{"@type":"ImageObject","inLanguage":"it-IT","@id":"https:\/\/lookingforcharly.com\/it\/#\/schema\/logo\/image\/","url":"https:\/\/lookingforcharly.com\/wp-content\/uploads\/2024\/03\/cropped-cropped-Logo-Looking-for-Charly.png","contentUrl":"https:\/\/lookingforcharly.com\/wp-content\/uploads\/2024\/03\/cropped-cropped-Logo-Looking-for-Charly.png","width":512,"height":512,"caption":"Looking For Charly"},"image":{"@id":"https:\/\/lookingforcharly.com\/it\/#\/schema\/logo\/image\/"},"sameAs":["https:\/\/www.facebook.com\/lookingforcharly","https:\/\/www.instagram.com\/lookingforcharly\/","https:\/\/www.linkedin.com\/company\/looking-for-charly\/"]},{"@type":"Person","@id":"https:\/\/lookingforcharly.com\/it\/#\/schema\/person\/7fb1ea89bf2ffa5783a7f11778422101","name":"Daphne","image":{"@type":"ImageObject","inLanguage":"it-IT","@id":"https:\/\/lookingforcharly.com\/it\/#\/schema\/person\/image\/","url":"https:\/\/secure.gravatar.com\/avatar\/2ca706e3f813d28833c317a19f4cba15b3da298a104b03edf59c6cb7f563cfc5?s=96&d=mm&r=g","contentUrl":"https:\/\/secure.gravatar.com\/avatar\/2ca706e3f813d28833c317a19f4cba15b3da298a104b03edf59c6cb7f563cfc5?s=96&d=mm&r=g","caption":"Daphne"},"url":"https:\/\/lookingforcharly.com\/it\/author\/daphne\/"}]}},"_links":{"self":[{"href":"https:\/\/lookingforcharly.com\/it\/wp-json\/wp\/v2\/posts\/4110","targetHints":{"allow":["GET"]}}],"collection":[{"href":"https:\/\/lookingforcharly.com\/it\/wp-json\/wp\/v2\/posts"}],"about":[{"href":"https:\/\/lookingforcharly.com\/it\/wp-json\/wp\/v2\/types\/post"}],"author":[{"embeddable":true,"href":"https:\/\/lookingforcharly.com\/it\/wp-json\/wp\/v2\/users\/3"}],"replies":[{"embeddable":true,"href":"https:\/\/lookingforcharly.com\/it\/wp-json\/wp\/v2\/comments?post=4110"}],"version-history":[{"count":5,"href":"https:\/\/lookingforcharly.com\/it\/wp-json\/wp\/v2\/posts\/4110\/revisions"}],"predecessor-version":[{"id":7091,"href":"https:\/\/lookingforcharly.com\/it\/wp-json\/wp\/v2\/posts\/4110\/revisions\/7091"}],"wp:featuredmedia":[{"embeddable":true,"href":"https:\/\/lookingforcharly.com\/it\/wp-json\/wp\/v2\/media\/1411"}],"wp:attachment":[{"href":"https:\/\/lookingforcharly.com\/it\/wp-json\/wp\/v2\/media?parent=4110"}],"wp:term":[{"taxonomy":"category","embeddable":true,"href":"https:\/\/lookingforcharly.com\/it\/wp-json\/wp\/v2\/categories?post=4110"},{"taxonomy":"post_tag","embeddable":true,"href":"https:\/\/lookingforcharly.com\/it\/wp-json\/wp\/v2\/tags?post=4110"}],"curies":[{"name":"wp","href":"https:\/\/api.w.org\/{rel}","templated":true}]}}