{"id":4665,"date":"2019-09-01T14:15:00","date_gmt":"2019-09-01T12:15:00","guid":{"rendered":"https:\/\/tipi.beetrip.pro\/72-heures-en-algarve\/"},"modified":"2024-06-20T15:52:06","modified_gmt":"2024-06-20T13:52:06","slug":"72-hours-in-the-algarve","status":"publish","type":"post","link":"https:\/\/lookingforcharly.com\/en\/72-hours-in-the-algarve\/","title":{"rendered":"72 hours in the Algarve"},"content":{"rendered":"\t\t<div data-elementor-type=\"wp-post\" data-elementor-id=\"4665\" class=\"elementor elementor-4665 elementor-2730\" data-elementor-post-type=\"post\">\n\t\t\t\t<div class=\"elementor-element elementor-element-2850888b e-flex e-con-boxed e-con e-parent\" data-id=\"2850888b\" data-element_type=\"container\" data-e-type=\"container\" data-settings=\"{&quot;background_background&quot;:&quot;classic&quot;}\">\n\t\t\t\t\t<div class=\"e-con-inner\">\n\t\t\t\t<div class=\"elementor-element elementor-element-299719b3 elementor-invisible elementor-widget elementor-widget-heading\" data-id=\"299719b3\" data-element_type=\"widget\" data-e-type=\"widget\" data-settings=\"{&quot;_animation&quot;:&quot;fadeIn&quot;}\" data-widget_type=\"heading.default\">\n\t\t\t\t<div class=\"elementor-widget-container\">\n\t\t\t\t\t<h1 class=\"elementor-heading-title elementor-size-default\">72 hours in the Algarve<\/h1>\t\t\t\t<\/div>\n\t\t\t\t<\/div>\n\t\t\t\t<div class=\"elementor-element elementor-element-19d877a elementor-widget elementor-widget-post-info\" data-id=\"19d877a\" data-element_type=\"widget\" data-e-type=\"widget\" data-widget_type=\"post-info.default\">\n\t\t\t\t<div class=\"elementor-widget-container\">\n\t\t\t\t\t\t\t<ul class=\"elementor-inline-items elementor-icon-list-items elementor-post-info\">\n\t\t\t\t\t\t\t\t<li class=\"elementor-icon-list-item elementor-repeater-item-e7fd4d6 elementor-inline-item\" itemprop=\"about\">\n\t\t\t\t\t\t\t\t\t\t\t\t\t<span class=\"elementor-icon-list-text elementor-post-info__item elementor-post-info__item--type-terms\">\n\t\t\t\t\t\t\t\t\t\t<span class=\"elementor-post-info__terms-list\">\n\t\t\t\t<a href=\"https:\/\/lookingforcharly.com\/en\/europe-en\/\" class=\"elementor-post-info__terms-list-item\">Europe<\/a>\t\t\t\t<\/span>\n\t\t\t\t\t<\/span>\n\t\t\t\t\t\t\t\t<\/li>\n\t\t\t\t<li class=\"elementor-icon-list-item elementor-repeater-item-932e776 elementor-inline-item\" itemprop=\"datePublished\">\n\t\t\t\t\t\t\t\t\t\t\t\t\t<span class=\"elementor-icon-list-text elementor-post-info__item elementor-post-info__item--type-date\">\n\t\t\t\t\t\t\t<span class=\"elementor-post-info__item-prefix\">le<\/span>\n\t\t\t\t\t\t\t\t\t\t<time>1 September 2019<\/time>\t\t\t\t\t<\/span>\n\t\t\t\t\t\t\t\t<\/li>\n\t\t\t\t<\/ul>\n\t\t\t\t\t\t<\/div>\n\t\t\t\t<\/div>\n\t\t\t\t\t<\/div>\n\t\t\t\t<\/div>\n\t\t<div class=\"elementor-element elementor-element-9cc6b78 e-flex e-con-boxed e-con e-parent\" data-id=\"9cc6b78\" data-element_type=\"container\" data-e-type=\"container\">\n\t\t\t\t\t<div class=\"e-con-inner\">\n\t\t\t\t<div class=\"elementor-element elementor-element-e13ea5b elementor-widget elementor-widget-text-editor\" data-id=\"e13ea5b\" data-element_type=\"widget\" data-e-type=\"widget\" data-widget_type=\"text-editor.default\">\n\t\t\t\t<div class=\"elementor-widget-container\">\n\t\t\t\t\t\t\t\t\t<div><div><div><div><div data-draftjs-conductor-fragment=\"{&quot;blocks&quot;:[{&quot;key&quot;:&quot;fs1q8&quot;,&quot;text&quot;:&quot;The perfect spot to welcome the soft breeze of an Indian summer&quot;,&quot;type&quot;:&quot;unstyled&quot;,&quot;depth&quot;:0,&quot;inlineStyleRanges&quot;:[{&quot;offset&quot;:0,&quot;length&quot;:63,&quot;style&quot;:&quot;15&quot;},{&quot;offset&quot;:0,&quot;length&quot;:63,&quot;style&quot;:&quot;BOLD&quot;},{&quot;offset&quot;:0,&quot;length&quot;:63,&quot;style&quot;:&quot;18&quot;}],&quot;entityRanges&quot;:[],&quot;data&quot;:{&quot;textAlignment&quot;:&quot;center&quot;}},{&quot;key&quot;:&quot;73tnh&quot;,&quot;text&quot;:&quot;&quot;,&quot;type&quot;:&quot;unstyled&quot;,&quot;depth&quot;:0,&quot;inlineStyleRanges&quot;:[],&quot;entityRanges&quot;:[],&quot;data&quot;:{&quot;textAlignment&quot;:&quot;center&quot;}}],&quot;entityMap&quot;:{}}\"><div data-block=\"true\" data-editor=\"editor\" data-offset-key=\"9itb5-0-0\"><h5 style=\"text-align: center;\" data-offset-key=\"9itb5-0-0\">The perfect spot to welcome the soft breeze of an Indian summer.\u00a0<\/h5><h5 style=\"text-align: center;\" data-offset-key=\"9itb5-0-0\">The Algarve reveals another, rather different, face with a soft yet bright color palette. Far from the seaside towns and the mass-market tourist resorts beats the heart of an Algarve that is generous and authentic with a carefully preserved unique character.<\/h5><h5 style=\"text-align: center;\" data-offset-key=\"9itb5-0-0\">It is to this Algarve blessed with warmth, culinary delights and maritime charms that we are taking you today. In these places where the memory of great sailors still floats in the spray-filled air, life is not lived by the watch, but instead by the rhythm of the tides.<\/h5><h5 style=\"text-align: center;\" data-offset-key=\"9itb5-0-0\">This makes it the perfect time and place for a change of tempo !<\/h5><p>\u00a0<\/p><\/div><\/div><\/div><\/div><\/div><\/div>\t\t\t\t\t\t\t\t<\/div>\n\t\t\t\t<\/div>\n\t\t\t\t<div class=\"elementor-element elementor-element-c7da0ed elementor-widget elementor-widget-heading\" data-id=\"c7da0ed\" data-element_type=\"widget\" data-e-type=\"widget\" data-widget_type=\"heading.default\">\n\t\t\t\t<div class=\"elementor-widget-container\">\n\t\t\t\t\t<h3 class=\"elementor-heading-title elementor-size-default\">Ask for the program !<\/h3>\t\t\t\t<\/div>\n\t\t\t\t<\/div>\n\t\t\t\t<div class=\"elementor-element elementor-element-96dab2e elementor-widget elementor-widget-text-editor\" data-id=\"96dab2e\" data-element_type=\"widget\" data-e-type=\"widget\" data-widget_type=\"text-editor.default\">\n\t\t\t\t<div class=\"elementor-widget-container\">\n\t\t\t\t\t\t\t\t\t<div data-draftjs-conductor-fragment=\"{&quot;blocks&quot;:[{&quot;key&quot;:&quot;3hf2a&quot;,&quot;text&quot;:&quot;AU PROGRAMME: &quot;,&quot;type&quot;:&quot;unstyled&quot;,&quot;depth&quot;:0,&quot;inlineStyleRanges&quot;:[{&quot;offset&quot;:0,&quot;length&quot;:14,&quot;style&quot;:&quot;17&quot;},{&quot;offset&quot;:0,&quot;length&quot;:14,&quot;style&quot;:&quot;BOLD&quot;}],&quot;entityRanges&quot;:[],&quot;data&quot;:{&quot;textAlignment&quot;:&quot;center&quot;}},{&quot;key&quot;:&quot;4svqi&quot;,&quot;text&quot;:&quot; &quot;,&quot;type&quot;:&quot;unstyled&quot;,&quot;depth&quot;:0,&quot;inlineStyleRanges&quot;:[],&quot;entityRanges&quot;:[],&quot;data&quot;:{&quot;textAlignment&quot;:&quot;center&quot;}},{&quot;key&quot;:&quot;7q2re&quot;,&quot;text&quot;:&quot;JOUR 1 - VENDREDI &quot;,&quot;type&quot;:&quot;unstyled&quot;,&quot;depth&quot;:0,&quot;inlineStyleRanges&quot;:[{&quot;offset&quot;:0,&quot;length&quot;:18,&quot;style&quot;:&quot;BOLD&quot;},{&quot;offset&quot;:0,&quot;length&quot;:6,&quot;style&quot;:&quot;18&quot;}],&quot;entityRanges&quot;:[],&quot;data&quot;:{&quot;textAlignment&quot;:&quot;center&quot;}},{&quot;key&quot;:&quot;fbkp5&quot;,&quot;text&quot;:&quot;&quot;,&quot;type&quot;:&quot;unstyled&quot;,&quot;depth&quot;:0,&quot;inlineStyleRanges&quot;:[],&quot;entityRanges&quot;:[],&quot;data&quot;:{&quot;textAlignment&quot;:&quot;justify&quot;}},{&quot;key&quot;:&quot;f73mk&quot;,&quot;text&quot;:&quot;Depuis l\u2019a\u00e9roport de Faro, Malaga ou S\u00e9ville, vous rejoignez votre h\u00f4tel, loti le long du fleuve Guadiana qui marque la fronti\u00e8re entre l\u2019Espagne et le Portugal. Le parfum des orangers, la brise marine et le cri des mouettes qui virevoltent dans les airs vous enveloppent d\u00e9j\u00e0 de leur qui\u00e9tude bienfaitrice. &quot;,&quot;type&quot;:&quot;unstyled&quot;,&quot;depth&quot;:0,&quot;inlineStyleRanges&quot;:[{&quot;offset&quot;:0,&quot;length&quot;:308,&quot;style&quot;:&quot;ITALIC&quot;}],&quot;entityRanges&quot;:[],&quot;data&quot;:{&quot;textAlignment&quot;:&quot;justify&quot;}}],&quot;entityMap&quot;:{}}\"><div data-block=\"true\" data-editor=\"editor\" data-offset-key=\"uyq3x-0-0\"><div data-draftjs-conductor-fragment=\"{&quot;blocks&quot;:[{&quot;key&quot;:&quot;3hf2a&quot;,&quot;text&quot;:&quot;AU PROGRAMME: &quot;,&quot;type&quot;:&quot;unstyled&quot;,&quot;depth&quot;:0,&quot;inlineStyleRanges&quot;:[{&quot;offset&quot;:0,&quot;length&quot;:14,&quot;style&quot;:&quot;17&quot;},{&quot;offset&quot;:0,&quot;length&quot;:14,&quot;style&quot;:&quot;BOLD&quot;}],&quot;entityRanges&quot;:[],&quot;data&quot;:{&quot;textAlignment&quot;:&quot;center&quot;}},{&quot;key&quot;:&quot;4svqi&quot;,&quot;text&quot;:&quot; &quot;,&quot;type&quot;:&quot;unstyled&quot;,&quot;depth&quot;:0,&quot;inlineStyleRanges&quot;:[],&quot;entityRanges&quot;:[],&quot;data&quot;:{&quot;textAlignment&quot;:&quot;center&quot;}},{&quot;key&quot;:&quot;7q2re&quot;,&quot;text&quot;:&quot;JOUR 1 - VENDREDI &quot;,&quot;type&quot;:&quot;unstyled&quot;,&quot;depth&quot;:0,&quot;inlineStyleRanges&quot;:[{&quot;offset&quot;:0,&quot;length&quot;:18,&quot;style&quot;:&quot;BOLD&quot;},{&quot;offset&quot;:0,&quot;length&quot;:6,&quot;style&quot;:&quot;18&quot;}],&quot;entityRanges&quot;:[],&quot;data&quot;:{&quot;textAlignment&quot;:&quot;center&quot;}},{&quot;key&quot;:&quot;fbkp5&quot;,&quot;text&quot;:&quot;&quot;,&quot;type&quot;:&quot;unstyled&quot;,&quot;depth&quot;:0,&quot;inlineStyleRanges&quot;:[],&quot;entityRanges&quot;:[],&quot;data&quot;:{&quot;textAlignment&quot;:&quot;justify&quot;}},{&quot;key&quot;:&quot;f73mk&quot;,&quot;text&quot;:&quot;Depuis l\u2019a\u00e9roport de Faro, Malaga ou S\u00e9ville, vous rejoignez votre h\u00f4tel, loti le long du fleuve Guadiana qui marque la fronti\u00e8re entre l\u2019Espagne et le Portugal. Le parfum des orangers, la brise marine et le cri des mouettes qui virevoltent dans les airs vous enveloppent d\u00e9j\u00e0 de leur qui\u00e9tude bienfaitrice. &quot;,&quot;type&quot;:&quot;unstyled&quot;,&quot;depth&quot;:0,&quot;inlineStyleRanges&quot;:[{&quot;offset&quot;:0,&quot;length&quot;:308,&quot;style&quot;:&quot;ITALIC&quot;}],&quot;entityRanges&quot;:[],&quot;data&quot;:{&quot;textAlignment&quot;:&quot;justify&quot;}}],&quot;entityMap&quot;:{}}\"><div data-block=\"true\" data-editor=\"editor\" data-offset-key=\"uyq3x-0-0\"><div data-offset-key=\"uyq3x-0-0\"><div data-draftjs-conductor-fragment=\"{&quot;blocks&quot;:[{&quot;key&quot;:&quot;1f1rt&quot;,&quot;text&quot;:&quot;ON THE ITINERARY: &quot;,&quot;type&quot;:&quot;unstyled&quot;,&quot;depth&quot;:0,&quot;inlineStyleRanges&quot;:[{&quot;offset&quot;:0,&quot;length&quot;:18,&quot;style&quot;:&quot;17&quot;},{&quot;offset&quot;:0,&quot;length&quot;:18,&quot;style&quot;:&quot;BOLD&quot;}],&quot;entityRanges&quot;:[],&quot;data&quot;:{&quot;textAlignment&quot;:&quot;center&quot;}},{&quot;key&quot;:&quot;539ec&quot;,&quot;text&quot;:&quot; &quot;,&quot;type&quot;:&quot;unstyled&quot;,&quot;depth&quot;:0,&quot;inlineStyleRanges&quot;:[],&quot;entityRanges&quot;:[],&quot;data&quot;:{&quot;textAlignment&quot;:&quot;center&quot;}},{&quot;key&quot;:&quot;db7ud&quot;,&quot;text&quot;:&quot;DAY 1 - FRIDAY&quot;,&quot;type&quot;:&quot;unstyled&quot;,&quot;depth&quot;:0,&quot;inlineStyleRanges&quot;:[{&quot;offset&quot;:0,&quot;length&quot;:14,&quot;style&quot;:&quot;BOLD&quot;},{&quot;offset&quot;:0,&quot;length&quot;:6,&quot;style&quot;:&quot;18&quot;}],&quot;entityRanges&quot;:[],&quot;data&quot;:{&quot;textAlignment&quot;:&quot;center&quot;}}],&quot;entityMap&quot;:{}}\"><div data-block=\"true\" data-editor=\"editor\" data-offset-key=\"silpc-0-0\"><p style=\"text-align: justify;\" data-offset-key=\"silpc-0-0\"><strong>DAY 1 \u2013 FRIDAY<\/strong><\/p><\/div><\/div><\/div><\/div><div data-block=\"true\" data-editor=\"editor\" data-offset-key=\"8vpca-0-0\"><p style=\"text-align: justify;\" data-draftjs-conductor-fragment=\"{&quot;blocks&quot;:[{&quot;key&quot;:&quot;5eueu&quot;,&quot;text&quot;:&quot;From Faro, Malaga or Seville airport you will make your way to your hotel located along the Guadiana River that marks the border between Spain and Portugal. The scent of orange trees, the sea breeze and the cry of the gulls that wheel above your head will envelop you in their benevolent tranquillity.&quot;,&quot;type&quot;:&quot;unstyled&quot;,&quot;depth&quot;:0,&quot;inlineStyleRanges&quot;:[{&quot;offset&quot;:0,&quot;length&quot;:301,&quot;style&quot;:&quot;ITALIC&quot;}],&quot;entityRanges&quot;:[],&quot;data&quot;:{&quot;textAlignment&quot;:&quot;justify&quot;}}],&quot;entityMap&quot;:{}}\">From Faro, Malaga or Seville airport you will make your way to your <strong><span style=\"color: #bfa800;\">hotel located along the Guadiana River<\/span><\/strong> that marks the border between Spain and Portugal. The scent of orange trees, the sea breeze and the cry of the gulls that wheel above your head will envelop you in their benevolent tranquility.<\/p><p style=\"text-align: justify;\" data-draftjs-conductor-fragment=\"{&quot;blocks&quot;:[{&quot;key&quot;:&quot;5eueu&quot;,&quot;text&quot;:&quot;From Faro, Malaga or Seville airport you will make your way to your hotel located along the Guadiana River that marks the border between Spain and Portugal. The scent of orange trees, the sea breeze and the cry of the gulls that wheel above your head will envelop you in their benevolent tranquillity.&quot;,&quot;type&quot;:&quot;unstyled&quot;,&quot;depth&quot;:0,&quot;inlineStyleRanges&quot;:[{&quot;offset&quot;:0,&quot;length&quot;:301,&quot;style&quot;:&quot;ITALIC&quot;}],&quot;entityRanges&quot;:[],&quot;data&quot;:{&quot;textAlignment&quot;:&quot;justify&quot;}}],&quot;entityMap&quot;:{}}\">\u00a0<\/p><p style=\"text-align: justify;\" data-draftjs-conductor-fragment=\"{&quot;blocks&quot;:[{&quot;key&quot;:&quot;5eueu&quot;,&quot;text&quot;:&quot;From Faro, Malaga or Seville airport you will make your way to your hotel located along the Guadiana River that marks the border between Spain and Portugal. The scent of orange trees, the sea breeze and the cry of the gulls that wheel above your head will envelop you in their benevolent tranquillity.&quot;,&quot;type&quot;:&quot;unstyled&quot;,&quot;depth&quot;:0,&quot;inlineStyleRanges&quot;:[{&quot;offset&quot;:0,&quot;length&quot;:301,&quot;style&quot;:&quot;ITALIC&quot;}],&quot;entityRanges&quot;:[],&quot;data&quot;:{&quot;textAlignment&quot;:&quot;justify&quot;}}],&quot;entityMap&quot;:{}}\"><strong>\u200b\u200b10am \u2013<\/strong> Drop off your luggage at \u2013 <strong><span style=\"color: #bfa800;\">The Grand House. <\/span><\/strong><\/p><p style=\"text-align: justify;\" data-draftjs-conductor-fragment=\"{&quot;blocks&quot;:[{&quot;key&quot;:&quot;5eueu&quot;,&quot;text&quot;:&quot;From Faro, Malaga or Seville airport you will make your way to your hotel located along the Guadiana River that marks the border between Spain and Portugal. The scent of orange trees, the sea breeze and the cry of the gulls that wheel above your head will envelop you in their benevolent tranquillity.&quot;,&quot;type&quot;:&quot;unstyled&quot;,&quot;depth&quot;:0,&quot;inlineStyleRanges&quot;:[{&quot;offset&quot;:0,&quot;length&quot;:301,&quot;style&quot;:&quot;ITALIC&quot;}],&quot;entityRanges&quot;:[],&quot;data&quot;:{&quot;textAlignment&quot;:&quot;justify&quot;}}],&quot;entityMap&quot;:{}}\">Where the light of the Algarve meets t<strong><span style=\"color: #bfa800;\">he<\/span> <span style=\"color: #bfa800;\">charm of the Belle \u00c9poque<\/span><\/strong>, this fully renovated house has everything you need to travel back in time. The elegant architecture of the 1920s, the timeless design, the flavors of the locally sourced organic menu and the beach club that is only five minutes\u2019 walk away open the doors to <span style=\"color: #bfa800;\"><strong>an irresistible lifestyle<\/strong><\/span>.<\/p><div data-draftjs-conductor-fragment=\"{&quot;blocks&quot;:[{&quot;key&quot;:&quot;5eueu&quot;,&quot;text&quot;:&quot;From Faro, Malaga or Seville airport you will make your way to your hotel located along the Guadiana River that marks the border between Spain and Portugal. The scent of orange trees, the sea breeze and the cry of the gulls that wheel above your head will envelop you in their benevolent tranquillity.&quot;,&quot;type&quot;:&quot;unstyled&quot;,&quot;depth&quot;:0,&quot;inlineStyleRanges&quot;:[{&quot;offset&quot;:0,&quot;length&quot;:301,&quot;style&quot;:&quot;ITALIC&quot;}],&quot;entityRanges&quot;:[],&quot;data&quot;:{&quot;textAlignment&quot;:&quot;justify&quot;}}],&quot;entityMap&quot;:{}}\">\u00a0<\/div><\/div><\/div><\/div><\/div>\t\t\t\t\t\t\t\t<\/div>\n\t\t\t\t<\/div>\n\t\t\t\t<div class=\"elementor-element elementor-element-d8b1f8d elementor-widget elementor-widget-image\" data-id=\"d8b1f8d\" data-element_type=\"widget\" data-e-type=\"widget\" data-widget_type=\"image.default\">\n\t\t\t\t<div class=\"elementor-widget-container\">\n\t\t\t\t\t\t\t\t\t\t\t\t\t\t\t\t<a href=\"http:\/\/lookingforcharly.com\/wp-content\/uploads\/2019\/09\/The-Grand-House-Algarve.jpg\" data-elementor-open-lightbox=\"yes\" data-elementor-lightbox-title=\"The Grand House Algarve\" data-e-action-hash=\"#elementor-action%3Aaction%3Dlightbox%26settings%3DeyJpZCI6MjczNSwidXJsIjoiaHR0cHM6XC9cL2xvb2tpbmdmb3JjaGFybHkuY29tXC93cC1jb250ZW50XC91cGxvYWRzXC8yMDE5XC8wOVwvVGhlLUdyYW5kLUhvdXNlLUFsZ2FydmUuanBnIn0%3D\">\n\t\t\t\t\t\t\t<img fetchpriority=\"high\" decoding=\"async\" width=\"1920\" height=\"1000\" src=\"https:\/\/lookingforcharly.com\/wp-content\/uploads\/2019\/09\/The-Grand-House-Algarve.jpg\" class=\"attachment-full size-full wp-image-2735\" alt=\"\" srcset=\"https:\/\/lookingforcharly.com\/wp-content\/uploads\/2019\/09\/The-Grand-House-Algarve.jpg 1920w, https:\/\/lookingforcharly.com\/wp-content\/uploads\/2019\/09\/The-Grand-House-Algarve-300x156.jpg 300w, https:\/\/lookingforcharly.com\/wp-content\/uploads\/2019\/09\/The-Grand-House-Algarve-1024x533.jpg 1024w, https:\/\/lookingforcharly.com\/wp-content\/uploads\/2019\/09\/The-Grand-House-Algarve-768x400.jpg 768w, https:\/\/lookingforcharly.com\/wp-content\/uploads\/2019\/09\/The-Grand-House-Algarve-1536x800.jpg 1536w\" sizes=\"(max-width: 1920px) 100vw, 1920px\" \/>\t\t\t\t\t\t\t\t<\/a>\n\t\t\t\t\t\t\t\t\t\t\t\t\t\t\t<\/div>\n\t\t\t\t<\/div>\n\t\t\t\t<div class=\"elementor-element elementor-element-c695db4 elementor-widget elementor-widget-text-editor\" data-id=\"c695db4\" data-element_type=\"widget\" data-e-type=\"widget\" data-widget_type=\"text-editor.default\">\n\t\t\t\t<div class=\"elementor-widget-container\">\n\t\t\t\t\t\t\t\t\t<p style=\"text-align: justify;\"><strong>11am \u2013<\/strong> Wander around Vila Real de Santo Ant\u00f3nio.\u00a0<\/p><p style=\"text-align: justify;\">Not far from the <strong><span style=\"color: #bfa800;\">sailing boats<\/span><\/strong> moored along the river, the Marqu\u00eas de Pombal square is the authentic beating heart of the coastal city Vila Real de Santo Ant\u00f3nio. The time has come to lose yourself in the straight white streets of the city before sampling the flavors, colors and local life to be found in the city market hall.<\/p><div data-draftjs-conductor-fragment=\"{&quot;blocks&quot;:[{&quot;key&quot;:&quot;ctpo1&quot;,&quot;text&quot;:&quot;13h30 \u2013 Envoler vos papilles au Grand Beach House&quot;,&quot;type&quot;:&quot;unstyled&quot;,&quot;depth&quot;:0,&quot;inlineStyleRanges&quot;:[{&quot;offset&quot;:0,&quot;length&quot;:49,&quot;style&quot;:&quot;BOLD&quot;},{&quot;offset&quot;:0,&quot;length&quot;:6,&quot;style&quot;:&quot;18&quot;}],&quot;entityRanges&quot;:[],&quot;data&quot;:{&quot;textAlignment&quot;:&quot;justify&quot;}},{&quot;key&quot;:&quot;521ut&quot;,&quot;text&quot;:&quot;Vous \u00eates sur le point de percer le secret d\u2019une cataplana de poissons et de fruits de mer aux saveurs explosives. Cette sp\u00e9cialit\u00e9 traditionnelle de l\u2019Algarve doit ses propri\u00e9t\u00e9s gustatives \u00e0 la marmite en cuivre dans laquelle elle mijote lentement\u2026 Pourtant, vous avez la conviction que c\u2019est les \u00e9pices qui sont au c\u0153ur de la richesse aromatique du plat. A moins que\u2026 Ce petit go\u00fbt de coriandre ?  &quot;,&quot;type&quot;:&quot;unstyled&quot;,&quot;depth&quot;:0,&quot;inlineStyleRanges&quot;:[{&quot;offset&quot;:0,&quot;length&quot;:401,&quot;style&quot;:&quot;ITALIC&quot;}],&quot;entityRanges&quot;:[],&quot;data&quot;:{&quot;textAlignment&quot;:&quot;justify&quot;}}],&quot;entityMap&quot;:{}}\"><div data-block=\"true\" data-editor=\"editor\" data-offset-key=\"xzwh8-0-0\"><p style=\"text-align: justify;\" data-offset-key=\"xzwh8-0-0\"><strong>1.30pm<\/strong> \u2013 Wake up your taste buds at the Grand Beach House.<\/p><p style=\"text-align: justify;\" data-offset-key=\"xzwh8-0-0\">You are about to <strong><span style=\"color: #bfa800;\">learn the secrets of a cataplana of fish and seafood<\/span> <\/strong>with its bold flavors. This traditional specialty from the Algarve gets its flavors from the copper cooking pot in which it is slowly simmered, but you\u2019ll be convinced that it\u2019s the spices used that give the dish its rich aromas. Is that a hint of coriander you can taste ?<\/p><\/div><\/div>\t\t\t\t\t\t\t\t<\/div>\n\t\t\t\t<\/div>\n\t\t\t\t<div class=\"elementor-element elementor-element-c9e1722 elementor-widget elementor-widget-image\" data-id=\"c9e1722\" data-element_type=\"widget\" data-e-type=\"widget\" data-widget_type=\"image.default\">\n\t\t\t\t<div class=\"elementor-widget-container\">\n\t\t\t\t\t\t\t\t\t\t\t\t\t\t\t\t<a href=\"http:\/\/lookingforcharly.com\/wp-content\/uploads\/2019\/09\/Grand-Beach-Club-algrave.jpg\" data-elementor-open-lightbox=\"yes\" data-elementor-lightbox-title=\"Grand-Beach-Club-algrave\" data-e-action-hash=\"#elementor-action%3Aaction%3Dlightbox%26settings%3DeyJpZCI6MjczOCwidXJsIjoiaHR0cHM6XC9cL2xvb2tpbmdmb3JjaGFybHkuY29tXC93cC1jb250ZW50XC91cGxvYWRzXC8yMDE5XC8wOVwvR3JhbmQtQmVhY2gtQ2x1Yi1hbGdyYXZlLmpwZyJ9\">\n\t\t\t\t\t\t\t<img decoding=\"async\" width=\"1024\" height=\"560\" src=\"https:\/\/lookingforcharly.com\/wp-content\/uploads\/2019\/09\/Grand-Beach-Club-algrave.jpg\" class=\"attachment-full size-full wp-image-2738\" alt=\"\" srcset=\"https:\/\/lookingforcharly.com\/wp-content\/uploads\/2019\/09\/Grand-Beach-Club-algrave.jpg 1024w, https:\/\/lookingforcharly.com\/wp-content\/uploads\/2019\/09\/Grand-Beach-Club-algrave-300x164.jpg 300w, https:\/\/lookingforcharly.com\/wp-content\/uploads\/2019\/09\/Grand-Beach-Club-algrave-768x420.jpg 768w\" sizes=\"(max-width: 1024px) 100vw, 1024px\" \/>\t\t\t\t\t\t\t\t<\/a>\n\t\t\t\t\t\t\t\t\t\t\t\t\t\t\t<\/div>\n\t\t\t\t<\/div>\n\t\t\t\t<div class=\"elementor-element elementor-element-624c97f elementor-widget elementor-widget-text-editor\" data-id=\"624c97f\" data-element_type=\"widget\" data-e-type=\"widget\" data-widget_type=\"text-editor.default\">\n\t\t\t\t<div class=\"elementor-widget-container\">\n\t\t\t\t\t\t\t\t\t<div data-draftjs-conductor-fragment=\"{&quot;blocks&quot;:[{&quot;key&quot;:&quot;9bk67&quot;,&quot;text&quot;:&quot;15h00 \u2013 Faire une d\u00e9couverte qui ne manque pas de sel&quot;,&quot;type&quot;:&quot;unstyled&quot;,&quot;depth&quot;:0,&quot;inlineStyleRanges&quot;:[{&quot;offset&quot;:0,&quot;length&quot;:53,&quot;style&quot;:&quot;BOLD&quot;},{&quot;offset&quot;:0,&quot;length&quot;:6,&quot;style&quot;:&quot;18&quot;}],&quot;entityRanges&quot;:[],&quot;data&quot;:{}},{&quot;key&quot;:&quot;ag5h4&quot;,&quot;text&quot;:&quot;Apr\u00e8s avoir pris d\u2019assaut la forteresse m\u00e9di\u00e9vale qui surplombe la plaine mar\u00e9cageuse du Guadiana, Jorge et sa famille vous accueillent dans leur magnifique propri\u00e9t\u00e9 pour vous conter l\u2019histoire du lieu et la r\u00e9colte de l\u2019or blanc. Les marais salants de Castro Marim sont en effet devenus le lieu de refuge de milliers d\u2019oiseaux attir\u00e9s par les eaux poissoneuses, les molusques et les crustac\u00e9s.&quot;,&quot;type&quot;:&quot;unstyled&quot;,&quot;depth&quot;:0,&quot;inlineStyleRanges&quot;:[{&quot;offset&quot;:0,&quot;length&quot;:395,&quot;style&quot;:&quot;ITALIC&quot;}],&quot;entityRanges&quot;:[],&quot;data&quot;:{&quot;textAlignment&quot;:&quot;justify&quot;}}],&quot;entityMap&quot;:{}}\"><div data-block=\"true\" data-editor=\"editor\" data-offset-key=\"uf7ch-0-0\"><div data-offset-key=\"uf7ch-0-0\"><div data-draftjs-conductor-fragment=\"{&quot;blocks&quot;:[{&quot;key&quot;:&quot;6s9gd&quot;,&quot;text&quot;:&quot;3pm \u2013 Make a salty discovery&quot;,&quot;type&quot;:&quot;unstyled&quot;,&quot;depth&quot;:0,&quot;inlineStyleRanges&quot;:[{&quot;offset&quot;:0,&quot;length&quot;:28,&quot;style&quot;:&quot;BOLD&quot;},{&quot;offset&quot;:0,&quot;length&quot;:4,&quot;style&quot;:&quot;18&quot;}],&quot;entityRanges&quot;:[],&quot;data&quot;:{}},{&quot;key&quot;:&quot;3e7ns&quot;,&quot;text&quot;:&quot;&quot;,&quot;type&quot;:&quot;unstyled&quot;,&quot;depth&quot;:0,&quot;inlineStyleRanges&quot;:[],&quot;entityRanges&quot;:[],&quot;data&quot;:{&quot;textAlignment&quot;:&quot;justify&quot;}}],&quot;entityMap&quot;:{}}\"><div data-block=\"true\" data-editor=\"editor\" data-offset-key=\"oedkf-0-0\"><p style=\"text-align: justify;\" data-offset-key=\"oedkf-0-0\"><strong>3pm \u2013<\/strong> <span style=\"color: #bfa800;\"><strong>Make a salty discovery<\/strong><\/span><\/p><p style=\"text-align: justify;\" data-offset-key=\"oedkf-0-0\">After tackling the medieval fortress that overlooks the marshy plain of Guadiana, Jorge and his family will welcome you into their magnificent property to tell you about the history of the place and the harvest of the so-called white gold \u2013 sugar. The Castro Marim salt marshes have become a refuge for thousands of birds attracted by the fish-filled waters, molluscs and crustaceans.<\/p><\/div><\/div><div data-draftjs-conductor-fragment=\"{&quot;blocks&quot;:[{&quot;key&quot;:&quot;22pf1&quot;,&quot;text&quot;:&quot;8pm \u2013 Explore Ayamonte using your taste buds&quot;,&quot;type&quot;:&quot;unstyled&quot;,&quot;depth&quot;:0,&quot;inlineStyleRanges&quot;:[{&quot;offset&quot;:0,&quot;length&quot;:44,&quot;style&quot;:&quot;BOLD&quot;},{&quot;offset&quot;:0,&quot;length&quot;:4,&quot;style&quot;:&quot;18&quot;}],&quot;entityRanges&quot;:[],&quot;data&quot;:{}},{&quot;key&quot;:&quot;f384c&quot;,&quot;text&quot;:&quot;&quot;,&quot;type&quot;:&quot;unstyled&quot;,&quot;depth&quot;:0,&quot;inlineStyleRanges&quot;:[],&quot;entityRanges&quot;:[],&quot;data&quot;:{&quot;textAlignment&quot;:&quot;justify&quot;}}],&quot;entityMap&quot;:{}}\"><div data-block=\"true\" data-editor=\"editor\" data-offset-key=\"2b6wt-0-0\"><p style=\"text-align: justify;\" data-offset-key=\"2b6wt-0-0\"><strong>8pm \u2013<\/strong> Explore Ayamonte using your taste buds!\u00a0<\/p><div data-offset-key=\"2b6wt-0-0\"><p style=\"text-align: justify;\" data-draftjs-conductor-fragment=\"{&quot;blocks&quot;:[{&quot;key&quot;:&quot;cab81&quot;,&quot;text&quot;:&quot;The restaurant LPA Culinary Bar is an excellent reason to cross the river and sound out the city of Ayamonte which is located on the Spanish side. In the soft and idle ambience of an Andalusian evening you can savour the delights of the local cuisine to your heart\u2019s content.&quot;,&quot;type&quot;:&quot;unstyled&quot;,&quot;depth&quot;:0,&quot;inlineStyleRanges&quot;:[{&quot;offset&quot;:0,&quot;length&quot;:275,&quot;style&quot;:&quot;ITALIC&quot;}],&quot;entityRanges&quot;:[],&quot;data&quot;:{&quot;textAlignment&quot;:&quot;justify&quot;}}],&quot;entityMap&quot;:{}}\">The <strong><span style=\"color: #bfa800;\">restaurant LPA Culinary Bar<\/span><\/strong> is an excellent reason to cross the river and sound out the city of Ayamonte which is located on the Spanish side. In the soft and idle atmosphere of <span style=\"color: #bfa800;\"><strong>an Andalusian evening<\/strong><\/span> you can savor the delights of the local cuisine to your heart\u2019s content.<\/p><\/div><\/div><\/div><\/div><\/div><\/div>\t\t\t\t\t\t\t\t<\/div>\n\t\t\t\t<\/div>\n\t\t\t\t<div class=\"elementor-element elementor-element-e59e3ff elementor-widget elementor-widget-image\" data-id=\"e59e3ff\" data-element_type=\"widget\" data-e-type=\"widget\" data-widget_type=\"image.default\">\n\t\t\t\t<div class=\"elementor-widget-container\">\n\t\t\t\t\t\t\t\t\t\t\t\t\t\t\t\t<a href=\"http:\/\/lookingforcharly.com\/wp-content\/uploads\/2019\/09\/Capture-decran-2021-01-14-a-13.12.56.png\" data-elementor-open-lightbox=\"yes\" data-elementor-lightbox-title=\"Capture-de\u0301cran-2021-01-14-a\u0300-13.12.56\" data-e-action-hash=\"#elementor-action%3Aaction%3Dlightbox%26settings%3DeyJpZCI6Mjc0MSwidXJsIjoiaHR0cHM6XC9cL2xvb2tpbmdmb3JjaGFybHkuY29tXC93cC1jb250ZW50XC91cGxvYWRzXC8yMDE5XC8wOVwvQ2FwdHVyZS1kZWNyYW4tMjAyMS0wMS0xNC1hLTEzLjEyLjU2LnBuZyJ9\">\n\t\t\t\t\t\t\t<img decoding=\"async\" width=\"595\" height=\"597\" src=\"https:\/\/lookingforcharly.com\/wp-content\/uploads\/2019\/09\/Capture-decran-2021-01-14-a-13.12.56.png\" class=\"attachment-full size-full wp-image-2741\" alt=\"\" srcset=\"https:\/\/lookingforcharly.com\/wp-content\/uploads\/2019\/09\/Capture-decran-2021-01-14-a-13.12.56.png 595w, https:\/\/lookingforcharly.com\/wp-content\/uploads\/2019\/09\/Capture-decran-2021-01-14-a-13.12.56-300x300.png 300w, https:\/\/lookingforcharly.com\/wp-content\/uploads\/2019\/09\/Capture-decran-2021-01-14-a-13.12.56-150x150.png 150w\" sizes=\"(max-width: 595px) 100vw, 595px\" \/>\t\t\t\t\t\t\t\t<\/a>\n\t\t\t\t\t\t\t\t\t\t\t\t\t\t\t<\/div>\n\t\t\t\t<\/div>\n\t\t\t\t<div class=\"elementor-element elementor-element-4459b94 elementor-widget elementor-widget-heading\" data-id=\"4459b94\" data-element_type=\"widget\" data-e-type=\"widget\" data-widget_type=\"heading.default\">\n\t\t\t\t<div class=\"elementor-widget-container\">\n\t\t\t\t\t<h3 class=\"elementor-heading-title elementor-size-default\">Quid de la s\u00e9curit\u00e9 sur place  ? <\/h3>\t\t\t\t<\/div>\n\t\t\t\t<\/div>\n\t\t\t\t<div class=\"elementor-element elementor-element-6e2eb52 elementor-widget elementor-widget-text-editor\" data-id=\"6e2eb52\" data-element_type=\"widget\" data-e-type=\"widget\" data-widget_type=\"text-editor.default\">\n\t\t\t\t<div class=\"elementor-widget-container\">\n\t\t\t\t\t\t\t\t\t<div data-draftjs-conductor-fragment=\"{&quot;blocks&quot;:[{&quot;key&quot;:&quot;f0urm&quot;,&quot;text&quot;:&quot;DAY 2 \u2013 SATURDAY&quot;,&quot;type&quot;:&quot;unstyled&quot;,&quot;depth&quot;:0,&quot;inlineStyleRanges&quot;:[{&quot;offset&quot;:0,&quot;length&quot;:16,&quot;style&quot;:&quot;BOLD&quot;},{&quot;offset&quot;:0,&quot;length&quot;:5,&quot;style&quot;:&quot;18&quot;}],&quot;entityRanges&quot;:[],&quot;data&quot;:{&quot;textAlignment&quot;:&quot;center&quot;}},{&quot;key&quot;:&quot;7s9jp&quot;,&quot;text&quot;:&quot;&quot;,&quot;type&quot;:&quot;unstyled&quot;,&quot;depth&quot;:0,&quot;inlineStyleRanges&quot;:[],&quot;entityRanges&quot;:[],&quot;data&quot;:{&quot;textAlignment&quot;:&quot;justify&quot;}}],&quot;entityMap&quot;:{}}\"><div data-block=\"true\" data-editor=\"editor\" data-offset-key=\"cbjt6-0-0\"><p style=\"text-align: justify;\" data-offset-key=\"cbjt6-0-0\"><strong>DAY 2 \u2013 SATURDAY\u00a0<\/strong><\/p><\/div><\/div><div data-draftjs-conductor-fragment=\"{&quot;blocks&quot;:[{&quot;key&quot;:&quot;d5g07&quot;,&quot;text&quot;:&quot;09h00 \u2013 R\u00e9veiller le palais en fanfare&quot;,&quot;type&quot;:&quot;unstyled&quot;,&quot;depth&quot;:0,&quot;inlineStyleRanges&quot;:[{&quot;offset&quot;:0,&quot;length&quot;:5,&quot;style&quot;:&quot;BOLD&quot;},{&quot;offset&quot;:6,&quot;length&quot;:32,&quot;style&quot;:&quot;BOLD&quot;},{&quot;offset&quot;:0,&quot;length&quot;:5,&quot;style&quot;:&quot;18&quot;}],&quot;entityRanges&quot;:[],&quot;data&quot;:{&quot;textAlignment&quot;:&quot;justify&quot;}},{&quot;key&quot;:&quot;doeq5&quot;,&quot;text&quot;:&quot;Une robe dor\u00e9e, un feuilletage croustillant, des ar\u00f4mes de vanille et une cr\u00e8me onctueuse aux \u0153ufs r\u00e9veillent les papilles autour d\u2019un feu d\u2019artifice gustatif\u2026 Saupoudr\u00e9es de sucre glace ou de cannelle, les fameuses Past\u00e9is de nata sont les stars de la p\u00e2tisserie portugaise. Impossible de leur r\u00e9sister au moment du petit-d\u00e9jeuner\u2026&quot;,&quot;type&quot;:&quot;unstyled&quot;,&quot;depth&quot;:0,&quot;inlineStyleRanges&quot;:[{&quot;offset&quot;:0,&quot;length&quot;:332,&quot;style&quot;:&quot;ITALIC&quot;}],&quot;entityRanges&quot;:[],&quot;data&quot;:{&quot;textAlignment&quot;:&quot;justify&quot;}},{&quot;key&quot;:&quot;21p84&quot;,&quot;text&quot;:&quot;&quot;,&quot;type&quot;:&quot;unstyled&quot;,&quot;depth&quot;:0,&quot;inlineStyleRanges&quot;:[],&quot;entityRanges&quot;:[],&quot;data&quot;:{&quot;textAlignment&quot;:&quot;justify&quot;}},{&quot;key&quot;:&quot;3voqr&quot;,&quot;text&quot;:&quot;\u200b10h30 \u2013 Jouer les ornithologues dans le Parc Naturel de Ria Formensa&quot;,&quot;type&quot;:&quot;unstyled&quot;,&quot;depth&quot;:0,&quot;inlineStyleRanges&quot;:[{&quot;offset&quot;:0,&quot;length&quot;:69,&quot;style&quot;:&quot;BOLD&quot;},{&quot;offset&quot;:0,&quot;length&quot;:7,&quot;style&quot;:&quot;18&quot;}],&quot;entityRanges&quot;:[],&quot;data&quot;:{}},{&quot;key&quot;:&quot;fp86b&quot;,&quot;text&quot;:&quot;Entre terre et oc\u00e9an, le parc de Ria Formensa d\u00e9cline le charme de sa r\u00e9serve naturelle prot\u00e9g\u00e9e par les dunes.&quot;,&quot;type&quot;:&quot;unstyled&quot;,&quot;depth&quot;:0,&quot;inlineStyleRanges&quot;:[{&quot;offset&quot;:0,&quot;length&quot;:111,&quot;style&quot;:&quot;ITALIC&quot;}],&quot;entityRanges&quot;:[],&quot;data&quot;:{&quot;textAlignment&quot;:&quot;justify&quot;}},{&quot;key&quot;:&quot;blu10&quot;,&quot;text&quot;:&quot;A bord d\u2019un bateau solaire, silencieux et non polluant, vous vous laissez porter par la beaut\u00e9 des \u00e9cosyst\u00e8mes lagunaires sous bonne escorte des oiseaux migrateurs et des &quot;,&quot;type&quot;:&quot;unstyled&quot;,&quot;depth&quot;:0,&quot;inlineStyleRanges&quot;:[{&quot;offset&quot;:0,&quot;length&quot;:171,&quot;style&quot;:&quot;ITALIC&quot;}],&quot;entityRanges&quot;:[],&quot;data&quot;:{&quot;textAlignment&quot;:&quot;justify&quot;}},{&quot;key&quot;:&quot;d1akb&quot;,&quot;text&quot;:&quot;poules sultanes. &quot;,&quot;type&quot;:&quot;unstyled&quot;,&quot;depth&quot;:0,&quot;inlineStyleRanges&quot;:[{&quot;offset&quot;:0,&quot;length&quot;:17,&quot;style&quot;:&quot;ITALIC&quot;}],&quot;entityRanges&quot;:[],&quot;data&quot;:{&quot;textAlignment&quot;:&quot;justify&quot;}}],&quot;entityMap&quot;:{}}\"><div data-block=\"true\" data-editor=\"editor\" data-offset-key=\"lp1vc-0-0\"><div data-offset-key=\"lp1vc-0-0\"><div data-block=\"true\" data-editor=\"editor\" data-offset-key=\"q18ky-0-0\"><p style=\"text-align: justify;\" data-offset-key=\"q18ky-0-0\"><strong>9am \u2013<\/strong> Wake up your palate with a flourish<\/p><p style=\"text-align: justify;\" data-offset-key=\"q18ky-0-0\">A golden finish, crisp pastry, the scent of vanilla and thick egg-based cream will awaken your taste buds with a taste sensation. Dusted with icing sugar or cinnamon, the famous <strong><span style=\"color: #bfa800;\">Past\u00e9is de Nata<\/span><\/strong> are the <strong><span style=\"color: #bfa800;\">stars of Portuguese baking<\/span><\/strong>. You won\u2019t be able to resist them at breakfast.<\/p><p style=\"text-align: justify;\" data-offset-key=\"q18ky-0-0\"><strong>10.30am \u2013<\/strong> Birdwatch in the Ria Formosa natural park.<\/p><p style=\"text-align: justify;\" data-offset-key=\"q18ky-0-0\">The charms of the <span style=\"color: #bfa800;\"><strong>Ria Formosa Park\u2019s natural reserve<\/strong><\/span> protected by dunes can be found between the land and the sea. <strong><span style=\"color: #bfa800;\">On board a solar-powered<\/span><\/strong> silent and non-polluting boat you can let yourself be carried away by the <strong><span style=\"color: #bfa800;\">beauty of the lagoon ecosystems<\/span> <\/strong>escorted by the migrating birds and sultan chickens.<\/p><\/div><\/div><\/div><\/div>\t\t\t\t\t\t\t\t<\/div>\n\t\t\t\t<\/div>\n\t\t\t\t<div class=\"elementor-element elementor-element-f115dfe elementor-widget elementor-widget-image\" data-id=\"f115dfe\" data-element_type=\"widget\" data-e-type=\"widget\" data-widget_type=\"image.default\">\n\t\t\t\t<div class=\"elementor-widget-container\">\n\t\t\t\t\t\t\t\t\t\t\t\t\t\t\t\t<a href=\"http:\/\/lookingforcharly.com\/wp-content\/uploads\/2019\/09\/Algarve_Ria_Formosa_18-1280x852-1.jpg\" data-elementor-open-lightbox=\"yes\" data-elementor-lightbox-title=\"Algarve_Ria_Formosa_18-1280x852\" data-e-action-hash=\"#elementor-action%3Aaction%3Dlightbox%26settings%3DeyJpZCI6Mjc0NCwidXJsIjoiaHR0cHM6XC9cL2xvb2tpbmdmb3JjaGFybHkuY29tXC93cC1jb250ZW50XC91cGxvYWRzXC8yMDE5XC8wOVwvQWxnYXJ2ZV9SaWFfRm9ybW9zYV8xOC0xMjgweDg1Mi0xLmpwZyJ9\">\n\t\t\t\t\t\t\t<img loading=\"lazy\" decoding=\"async\" width=\"1280\" height=\"852\" src=\"https:\/\/lookingforcharly.com\/wp-content\/uploads\/2019\/09\/Algarve_Ria_Formosa_18-1280x852-1.jpg\" class=\"attachment-full size-full wp-image-2744\" alt=\"\" srcset=\"https:\/\/lookingforcharly.com\/wp-content\/uploads\/2019\/09\/Algarve_Ria_Formosa_18-1280x852-1.jpg 1280w, https:\/\/lookingforcharly.com\/wp-content\/uploads\/2019\/09\/Algarve_Ria_Formosa_18-1280x852-1-300x200.jpg 300w, https:\/\/lookingforcharly.com\/wp-content\/uploads\/2019\/09\/Algarve_Ria_Formosa_18-1280x852-1-1024x682.jpg 1024w, https:\/\/lookingforcharly.com\/wp-content\/uploads\/2019\/09\/Algarve_Ria_Formosa_18-1280x852-1-768x511.jpg 768w\" sizes=\"(max-width: 1280px) 100vw, 1280px\" \/>\t\t\t\t\t\t\t\t<\/a>\n\t\t\t\t\t\t\t\t\t\t\t\t\t\t\t<\/div>\n\t\t\t\t<\/div>\n\t\t\t\t<div class=\"elementor-element elementor-element-02441a0 elementor-widget elementor-widget-text-editor\" data-id=\"02441a0\" data-element_type=\"widget\" data-e-type=\"widget\" data-widget_type=\"text-editor.default\">\n\t\t\t\t<div class=\"elementor-widget-container\">\n\t\t\t\t\t\t\t\t\t<p style=\"text-align: justify;\" data-draftjs-conductor-fragment=\"{&quot;blocks&quot;:[{&quot;key&quot;:&quot;5eook&quot;,&quot;text&quot;:&quot;12h30 \u2013 Accoster sur une \u00eele d\u00e9serte&quot;,&quot;type&quot;:&quot;unstyled&quot;,&quot;depth&quot;:0,&quot;inlineStyleRanges&quot;:[{&quot;offset&quot;:0,&quot;length&quot;:5,&quot;style&quot;:&quot;BOLD&quot;},{&quot;offset&quot;:6,&quot;length&quot;:30,&quot;style&quot;:&quot;BOLD&quot;},{&quot;offset&quot;:0,&quot;length&quot;:5,&quot;style&quot;:&quot;18&quot;}],&quot;entityRanges&quot;:[],&quot;data&quot;:{}}],&quot;entityMap&quot;:{}}\"><strong>12h30pm \u2013<\/strong> Berth at a deserted island<\/p><p style=\"text-align: justify;\" data-draftjs-conductor-fragment=\"{&quot;blocks&quot;:[{&quot;key&quot;:&quot;5eook&quot;,&quot;text&quot;:&quot;12h30 \u2013 Accoster sur une \u00eele d\u00e9serte&quot;,&quot;type&quot;:&quot;unstyled&quot;,&quot;depth&quot;:0,&quot;inlineStyleRanges&quot;:[{&quot;offset&quot;:0,&quot;length&quot;:5,&quot;style&quot;:&quot;BOLD&quot;},{&quot;offset&quot;:6,&quot;length&quot;:30,&quot;style&quot;:&quot;BOLD&quot;},{&quot;offset&quot;:0,&quot;length&quot;:5,&quot;style&quot;:&quot;18&quot;}],&quot;entityRanges&quot;:[],&quot;data&quot;:{}}],&quot;entityMap&quot;:{}}\">What better setting to taste oysters, prawns and regional products than a <strong><span style=\"color: #bfa800;\">virgin island in the Ria Formosa<\/span> <\/strong>? Cradled by the waves that come and go on the golden sand, you will swim in a great bath of light feeling carefree and convivial.<\/p><p style=\"text-align: justify;\" data-draftjs-conductor-fragment=\"{&quot;blocks&quot;:[{&quot;key&quot;:&quot;5eook&quot;,&quot;text&quot;:&quot;12h30 \u2013 Accoster sur une \u00eele d\u00e9serte&quot;,&quot;type&quot;:&quot;unstyled&quot;,&quot;depth&quot;:0,&quot;inlineStyleRanges&quot;:[{&quot;offset&quot;:0,&quot;length&quot;:5,&quot;style&quot;:&quot;BOLD&quot;},{&quot;offset&quot;:6,&quot;length&quot;:30,&quot;style&quot;:&quot;BOLD&quot;},{&quot;offset&quot;:0,&quot;length&quot;:5,&quot;style&quot;:&quot;18&quot;}],&quot;entityRanges&quot;:[],&quot;data&quot;:{}}],&quot;entityMap&quot;:{}}\"><strong>2.30pm \u2013<\/strong> Forget about the demands of time in <strong><span style=\"color: #bfa800;\">Tavira<\/span><\/strong><\/p><div data-draftjs-conductor-fragment=\"{&quot;blocks&quot;:[{&quot;key&quot;:&quot;74p63&quot;,&quot;text&quot;:&quot;14h30 \u2013 Oublier les probl\u00e9matiques du temps \u00e0 Tavira&quot;,&quot;type&quot;:&quot;unstyled&quot;,&quot;depth&quot;:0,&quot;inlineStyleRanges&quot;:[{&quot;offset&quot;:0,&quot;length&quot;:5,&quot;style&quot;:&quot;BOLD&quot;},{&quot;offset&quot;:6,&quot;length&quot;:46,&quot;style&quot;:&quot;BOLD&quot;},{&quot;offset&quot;:6,&quot;length&quot;:46,&quot;style&quot;:&quot;15&quot;}],&quot;entityRanges&quot;:[],&quot;data&quot;:{}},{&quot;key&quot;:&quot;afoau&quot;,&quot;text&quot;:&quot;Pour saisir l\u2019ADN de ce bijou de cit\u00e9 portugaise, fond\u00e9 par les ph\u00e9niciens, il faut prendre le temps de d\u00e9ambuler dans ses ruelles \u00e9troites. \u00c9glises au charme baroque, maisons habill\u00e9es d\u2019azulejos, charme arty et contacts chaleureux : tout ici respire la Dolce Vita portugaise. Quand le soleil d\u00e9cline, on ne r\u00e9siste pas \u00e0 l\u2019appel des terrasses bordant le fleuve rio Gil\u00e3o&quot;,&quot;type&quot;:&quot;unstyled&quot;,&quot;depth&quot;:0,&quot;inlineStyleRanges&quot;:[{&quot;offset&quot;:0,&quot;length&quot;:372,&quot;style&quot;:&quot;ITALIC&quot;}],&quot;entityRanges&quot;:[],&quot;data&quot;:{&quot;textAlignment&quot;:&quot;justify&quot;}},{&quot;key&quot;:&quot;f0ku6&quot;,&quot;text&quot;:&quot;&quot;,&quot;type&quot;:&quot;unstyled&quot;,&quot;depth&quot;:0,&quot;inlineStyleRanges&quot;:[],&quot;entityRanges&quot;:[],&quot;data&quot;:{&quot;textAlignment&quot;:&quot;justify&quot;}}],&quot;entityMap&quot;:{}}\"><div data-block=\"true\" data-editor=\"editor\" data-offset-key=\"fttxk-0-0\"><div data-offset-key=\"fttxk-0-0\"><p style=\"text-align: justify;\" data-draftjs-conductor-fragment=\"{&quot;blocks&quot;:[{&quot;key&quot;:&quot;328ns&quot;,&quot;text&quot;:&quot;o really get to know this jewel of a Portuguese city founded by the Phoenicians take the time to wander around its narrow streets. From churches with a baroque charm to houses adorned with the famous Azulejo tiles, not to mention its arty charm and friendly locals, here everything simply exudes the Portuguese Dolce Vita. When the sun goes down, you won't be able to resist the call of the terraces on the banks of the Gil\u00e3o River.&quot;,&quot;type&quot;:&quot;unstyled&quot;,&quot;depth&quot;:0,&quot;inlineStyleRanges&quot;:[{&quot;offset&quot;:0,&quot;length&quot;:432,&quot;style&quot;:&quot;ITALIC&quot;}],&quot;entityRanges&quot;:[],&quot;data&quot;:{&quot;textAlignment&quot;:&quot;justify&quot;}}],&quot;entityMap&quot;:{}}\">o really get to know this jewel of a Portuguese city <strong><span style=\"color: #bfa800;\">founded by the Phoenicians<\/span> <\/strong>take the time to wander around its narrow streets. From churches with a <strong><span style=\"color: #bfa800;\">baroque charm<\/span><\/strong> to houses adorned with the <strong><span style=\"color: #bfa800;\">famous Azulejo<\/span><\/strong> tiles, not to mention its arty charm and friendly locals, here everything simply exudes the Portuguese Dolce Vita. When the sun goes down, you won\u2019t be able to resist the call of <strong><span style=\"color: #bfa800;\">the terraces on the banks of the Gil\u00e3o River ?<\/span><\/strong><\/p><\/div><\/div><\/div>\t\t\t\t\t\t\t\t<\/div>\n\t\t\t\t<\/div>\n\t\t\t\t<div class=\"elementor-element elementor-element-9432130 elementor-widget elementor-widget-image\" data-id=\"9432130\" data-element_type=\"widget\" data-e-type=\"widget\" data-widget_type=\"image.default\">\n\t\t\t\t<div class=\"elementor-widget-container\">\n\t\t\t\t\t\t\t\t\t\t\t\t\t\t\t\t<a href=\"http:\/\/lookingforcharly.com\/wp-content\/uploads\/2019\/09\/Tavira-Algarve-Portugal-2.jpg\" data-elementor-open-lightbox=\"yes\" data-elementor-lightbox-title=\"Tavira Algarve Portugal (2)\" data-e-action-hash=\"#elementor-action%3Aaction%3Dlightbox%26settings%3DeyJpZCI6Mjc1MywidXJsIjoiaHR0cHM6XC9cL2xvb2tpbmdmb3JjaGFybHkuY29tXC93cC1jb250ZW50XC91cGxvYWRzXC8yMDE5XC8wOVwvVGF2aXJhLUFsZ2FydmUtUG9ydHVnYWwtMi5qcGcifQ%3D%3D\">\n\t\t\t\t\t\t\t<img loading=\"lazy\" decoding=\"async\" width=\"1280\" height=\"857\" src=\"https:\/\/lookingforcharly.com\/wp-content\/uploads\/2019\/09\/Tavira-Algarve-Portugal-2.jpg\" class=\"attachment-full size-full wp-image-2753\" alt=\"\" srcset=\"https:\/\/lookingforcharly.com\/wp-content\/uploads\/2019\/09\/Tavira-Algarve-Portugal-2.jpg 1280w, https:\/\/lookingforcharly.com\/wp-content\/uploads\/2019\/09\/Tavira-Algarve-Portugal-2-300x201.jpg 300w, https:\/\/lookingforcharly.com\/wp-content\/uploads\/2019\/09\/Tavira-Algarve-Portugal-2-1024x686.jpg 1024w, https:\/\/lookingforcharly.com\/wp-content\/uploads\/2019\/09\/Tavira-Algarve-Portugal-2-768x514.jpg 768w\" sizes=\"(max-width: 1280px) 100vw, 1280px\" \/>\t\t\t\t\t\t\t\t<\/a>\n\t\t\t\t\t\t\t\t\t\t\t\t\t\t\t<\/div>\n\t\t\t\t<\/div>\n\t\t\t\t<div class=\"elementor-element elementor-element-6d18326 elementor-widget elementor-widget-text-editor\" data-id=\"6d18326\" data-element_type=\"widget\" data-e-type=\"widget\" data-widget_type=\"text-editor.default\">\n\t\t\t\t<div class=\"elementor-widget-container\">\n\t\t\t\t\t\t\t\t\t<div data-draftjs-conductor-fragment=\"{&quot;blocks&quot;:[{&quot;key&quot;:&quot;22cee&quot;,&quot;text&quot;:&quot;5.30pm \u2013 Greet the ocean&quot;,&quot;type&quot;:&quot;unstyled&quot;,&quot;depth&quot;:0,&quot;inlineStyleRanges&quot;:[{&quot;offset&quot;:0,&quot;length&quot;:24,&quot;style&quot;:&quot;BOLD&quot;},{&quot;offset&quot;:0,&quot;length&quot;:7,&quot;style&quot;:&quot;18&quot;}],&quot;entityRanges&quot;:[],&quot;data&quot;:{&quot;textAlignment&quot;:&quot;justify&quot;}},{&quot;key&quot;:&quot;fp6jb&quot;,&quot;text&quot;:&quot;&quot;,&quot;type&quot;:&quot;unstyled&quot;,&quot;depth&quot;:0,&quot;inlineStyleRanges&quot;:[],&quot;entityRanges&quot;:[],&quot;data&quot;:{&quot;textAlignment&quot;:&quot;justify&quot;}}],&quot;entityMap&quot;:{}}\"><div data-block=\"true\" data-editor=\"editor\" data-offset-key=\"ba4tq-0-0\"><p style=\"text-align: justify;\" data-offset-key=\"ba4tq-0-0\"><strong>5.30pm \u2013<\/strong> Greet the ocean<\/p><p style=\"text-align: justify;\" data-offset-key=\"ba4tq-0-0\">When the sailors of Tavira stopped fishing for tuna, they abandoned their anchors on the Ilha de Tavira bordered with dunes. This is how the <strong><span style=\"color: #bfa800;\">unusual anchor cemetery<\/span><\/strong> was born, located in the crosshairs of the sea spray. The nearby Praia do Barril invites you to go for a dip in the waters of the Atlantic where they meet the Mediterranean.<\/p><\/div><div style=\"text-align: justify;\" data-offset-key=\"qmbc3-0-0\"><p>8pm \u2013 Let yourself be soothed by the gentle night<\/p><\/div><div data-offset-key=\"qmbc3-0-0\"><p style=\"text-align: justify;\">You will be torn between dinner at the Grand Salon with its golden years\u2019 ambiance and an authentic Vila Real de Santo Antonio wine bar. While you make up your mind, let yourself be guided by the softness <strong><span style=\"color: #bfa800;\">of the night-time <strong>air i<\/strong>n which you can hear a few notes of fado<\/span><\/strong> here and there.<\/p><\/div><\/div>\t\t\t\t\t\t\t\t<\/div>\n\t\t\t\t<\/div>\n\t\t\t\t<div class=\"elementor-element elementor-element-921f600 elementor-widget elementor-widget-image\" data-id=\"921f600\" data-element_type=\"widget\" data-e-type=\"widget\" data-widget_type=\"image.default\">\n\t\t\t\t<div class=\"elementor-widget-container\">\n\t\t\t\t\t\t\t\t\t\t\t\t\t\t\t\t<a href=\"http:\/\/lookingforcharly.com\/wp-content\/uploads\/2019\/09\/cimetiere-dancres-Algarve-Portugal-Tavira.jpeg\" data-elementor-open-lightbox=\"yes\" data-elementor-lightbox-title=\"cimeti\u00e8re d&#039;ancres - Algarve - Portugal - Tavira\" data-e-action-hash=\"#elementor-action%3Aaction%3Dlightbox%26settings%3DeyJpZCI6Mjc1NiwidXJsIjoiaHR0cHM6XC9cL2xvb2tpbmdmb3JjaGFybHkuY29tXC93cC1jb250ZW50XC91cGxvYWRzXC8yMDE5XC8wOVwvY2ltZXRpZXJlLWRhbmNyZXMtQWxnYXJ2ZS1Qb3J0dWdhbC1UYXZpcmEuanBlZyJ9\">\n\t\t\t\t\t\t\t<img loading=\"lazy\" decoding=\"async\" width=\"668\" height=\"885\" src=\"https:\/\/lookingforcharly.com\/wp-content\/uploads\/2019\/09\/cimetiere-dancres-Algarve-Portugal-Tavira.jpeg\" class=\"attachment-full size-full wp-image-2756\" alt=\"\" srcset=\"https:\/\/lookingforcharly.com\/wp-content\/uploads\/2019\/09\/cimetiere-dancres-Algarve-Portugal-Tavira.jpeg 668w, https:\/\/lookingforcharly.com\/wp-content\/uploads\/2019\/09\/cimetiere-dancres-Algarve-Portugal-Tavira-226x300.jpeg 226w\" sizes=\"(max-width: 668px) 100vw, 668px\" \/>\t\t\t\t\t\t\t\t<\/a>\n\t\t\t\t\t\t\t\t\t\t\t\t\t\t\t<\/div>\n\t\t\t\t<\/div>\n\t\t\t\t<div class=\"elementor-element elementor-element-006fc30 elementor-widget elementor-widget-heading\" data-id=\"006fc30\" data-element_type=\"widget\" data-e-type=\"widget\" data-widget_type=\"heading.default\">\n\t\t\t\t<div class=\"elementor-widget-container\">\n\t\t\t\t\t<h3 class=\"elementor-heading-title elementor-size-default\">Quel genre de cocon ?<\/h3>\t\t\t\t<\/div>\n\t\t\t\t<\/div>\n\t\t\t\t<div class=\"elementor-element elementor-element-9a25eed elementor-widget elementor-widget-text-editor\" data-id=\"9a25eed\" data-element_type=\"widget\" data-e-type=\"widget\" data-widget_type=\"text-editor.default\">\n\t\t\t\t<div class=\"elementor-widget-container\">\n\t\t\t\t\t\t\t\t\t<div data-draftjs-conductor-fragment=\"{&quot;blocks&quot;:[{&quot;key&quot;:&quot;fp245&quot;,&quot;text&quot;:&quot;DAY 3 \u2013 SUNDAY&quot;,&quot;type&quot;:&quot;unstyled&quot;,&quot;depth&quot;:0,&quot;inlineStyleRanges&quot;:[{&quot;offset&quot;:0,&quot;length&quot;:14,&quot;style&quot;:&quot;BOLD&quot;},{&quot;offset&quot;:0,&quot;length&quot;:5,&quot;style&quot;:&quot;18&quot;}],&quot;entityRanges&quot;:[],&quot;data&quot;:{&quot;textAlignment&quot;:&quot;center&quot;}},{&quot;key&quot;:&quot;qf8r&quot;,&quot;text&quot;:&quot;&quot;,&quot;type&quot;:&quot;unstyled&quot;,&quot;depth&quot;:0,&quot;inlineStyleRanges&quot;:[],&quot;entityRanges&quot;:[],&quot;data&quot;:{&quot;textAlignment&quot;:&quot;justify&quot;}}],&quot;entityMap&quot;:{}}\"><div data-block=\"true\" data-editor=\"editor\" data-offset-key=\"yhpwz-0-0\"><p style=\"text-align: justify;\" data-offset-key=\"yhpwz-0-0\"><strong>DAY 3 \u2013 SUNDAY<\/strong><\/p><p style=\"text-align: justify;\" data-offset-key=\"yhpwz-0-0\"><strong>10am \u2013<\/strong> Take Icarus\u2019s flight.<\/p><p style=\"text-align: justify;\" data-offset-key=\"yhpwz-0-0\">A hair-raising sensation of lightness will fill you when you touch the Algarve sky in your <strong><span style=\"color: #bfa800;\">autogyro<\/span><\/strong> as it glides through the morning light. Around you, you will see the Castro Marim salt marshes, the Ria Formosa lagoon, Vila Real de Santo Antonio and the ocean that stretches out into infinity. Your stay in the Algarve is <strong><span style=\"color: #bfa800;\">taking to the air.<\/span><\/strong><\/p><p style=\"text-align: justify;\" data-offset-key=\"yhpwz-0-0\"><strong>12.30pm \u2013<\/strong> Try <strong><span style=\"color: #bfa800;\">tapas<\/span><\/strong> the Portuguese way<\/p><p style=\"text-align: justify;\" data-offset-key=\"yhpwz-0-0\">Under the terrace of the Ta Certo Wine bar shaded by the sails, traditional dishes have been redesigned to offer original and simple small plates.<span style=\"color: #bfa800;\"><strong> Accompanied by a glass of vinho verde<\/strong><\/span> and a pinch of Castro Marim sea salt, the <strong><span style=\"color: #bfa800;\">stewed or grilled octopus<\/span><\/strong> will leave you wanting more.<\/p><\/div><\/div>\t\t\t\t\t\t\t\t<\/div>\n\t\t\t\t<\/div>\n\t\t\t\t<div class=\"elementor-element elementor-element-0bc7a42 elementor-widget elementor-widget-image\" data-id=\"0bc7a42\" data-element_type=\"widget\" data-e-type=\"widget\" data-widget_type=\"image.default\">\n\t\t\t\t<div class=\"elementor-widget-container\">\n\t\t\t\t\t\t\t\t\t\t\t\t\t\t\t<img decoding=\"async\" src=\"https:\/\/lookingforcharly.com\/wp-content\/uploads\/2019\/09\/algarve.jpg\" title=\"algarve\" alt=\"algarve\" loading=\"lazy\" \/>\t\t\t\t\t\t\t\t\t\t\t\t\t\t\t<\/div>\n\t\t\t\t<\/div>\n\t\t\t\t<div class=\"elementor-element elementor-element-1d24ee0 elementor-widget elementor-widget-text-editor\" data-id=\"1d24ee0\" data-element_type=\"widget\" data-e-type=\"widget\" data-widget_type=\"text-editor.default\">\n\t\t\t\t<div class=\"elementor-widget-container\">\n\t\t\t\t\t\t\t\t\t<div data-draftjs-conductor-fragment=\"{&quot;blocks&quot;:[{&quot;key&quot;:&quot;c1opv&quot;,&quot;text&quot;:&quot;14h00 \u2013 Saluer les cam\u00e9l\u00e9ons de Vila Real de Santo Antonio&quot;,&quot;type&quot;:&quot;unstyled&quot;,&quot;depth&quot;:0,&quot;inlineStyleRanges&quot;:[{&quot;offset&quot;:0,&quot;length&quot;:5,&quot;style&quot;:&quot;BOLD&quot;},{&quot;offset&quot;:6,&quot;length&quot;:52,&quot;style&quot;:&quot;BOLD&quot;},{&quot;offset&quot;:0,&quot;length&quot;:5,&quot;style&quot;:&quot;18&quot;}],&quot;entityRanges&quot;:[],&quot;data&quot;:{&quot;textAlignment&quot;:&quot;justify&quot;}},{&quot;key&quot;:&quot;74ooc&quot;,&quot;text&quot;:&quot;La for\u00eat qui relie Vila Real de Santo Antonio et Monte Gordo marque la derni\u00e8re \u00e9tape de votre week-end en Algarve. A pieds ou \u00e0 v\u00e9lo, vous suivez l\u2019ombre des pins \u00e0 travers les dunes littorales plant\u00e9es d\u2019herbes aromatiques o\u00f9 les cam\u00e9l\u00e9ons ont \u00e9lu domicile. C\u2019est \u00e0 ce moment qu\u2019il nous faut trouver de bonnes raisons pour reprendre le chemin du retour\u2026&quot;,&quot;type&quot;:&quot;unstyled&quot;,&quot;depth&quot;:0,&quot;inlineStyleRanges&quot;:[{&quot;offset&quot;:0,&quot;length&quot;:355,&quot;style&quot;:&quot;ITALIC&quot;}],&quot;entityRanges&quot;:[],&quot;data&quot;:{&quot;textAlignment&quot;:&quot;justify&quot;}}],&quot;entityMap&quot;:{}}\"><div data-block=\"true\" data-editor=\"editor\" data-offset-key=\"u3v6a-0-0\"><div data-draftjs-conductor-fragment=\"{&quot;blocks&quot;:[{&quot;key&quot;:&quot;c1opv&quot;,&quot;text&quot;:&quot;14h00 \u2013 Saluer les cam\u00e9l\u00e9ons de Vila Real de Santo Antonio&quot;,&quot;type&quot;:&quot;unstyled&quot;,&quot;depth&quot;:0,&quot;inlineStyleRanges&quot;:[{&quot;offset&quot;:0,&quot;length&quot;:5,&quot;style&quot;:&quot;BOLD&quot;},{&quot;offset&quot;:6,&quot;length&quot;:52,&quot;style&quot;:&quot;BOLD&quot;},{&quot;offset&quot;:0,&quot;length&quot;:5,&quot;style&quot;:&quot;18&quot;}],&quot;entityRanges&quot;:[],&quot;data&quot;:{&quot;textAlignment&quot;:&quot;justify&quot;}},{&quot;key&quot;:&quot;74ooc&quot;,&quot;text&quot;:&quot;La for\u00eat qui relie Vila Real de Santo Antonio et Monte Gordo marque la derni\u00e8re \u00e9tape de votre week-end en Algarve. A pieds ou \u00e0 v\u00e9lo, vous suivez l\u2019ombre des pins \u00e0 travers les dunes littorales plant\u00e9es d\u2019herbes aromatiques o\u00f9 les cam\u00e9l\u00e9ons ont \u00e9lu domicile. C\u2019est \u00e0 ce moment qu\u2019il nous faut trouver de bonnes raisons pour reprendre le chemin du retour\u2026&quot;,&quot;type&quot;:&quot;unstyled&quot;,&quot;depth&quot;:0,&quot;inlineStyleRanges&quot;:[{&quot;offset&quot;:0,&quot;length&quot;:355,&quot;style&quot;:&quot;ITALIC&quot;}],&quot;entityRanges&quot;:[],&quot;data&quot;:{&quot;textAlignment&quot;:&quot;justify&quot;}}],&quot;entityMap&quot;:{}}\"><div data-block=\"true\" data-editor=\"editor\" data-offset-key=\"u3v6a-0-0\"><div data-offset-key=\"u3v6a-0-0\"><p style=\"text-align: justify;\" data-draftjs-conductor-fragment=\"{&quot;blocks&quot;:[{&quot;key&quot;:&quot;ass1k&quot;,&quot;text&quot;:&quot;2pm \u2013 Wave to the Vila Real de Santo Antonio chameleons&quot;,&quot;type&quot;:&quot;unstyled&quot;,&quot;depth&quot;:0,&quot;inlineStyleRanges&quot;:[{&quot;offset&quot;:0,&quot;length&quot;:55,&quot;style&quot;:&quot;BOLD&quot;},{&quot;offset&quot;:0,&quot;length&quot;:4,&quot;style&quot;:&quot;18&quot;}],&quot;entityRanges&quot;:[],&quot;data&quot;:{&quot;textAlignment&quot;:&quot;justify&quot;}}],&quot;entityMap&quot;:{}}\"><strong>2pm \u2013<\/strong> Wave to the Vila Real de Santo Antonio chameleons<\/p><p style=\"text-align: justify;\" data-draftjs-conductor-fragment=\"{&quot;blocks&quot;:[{&quot;key&quot;:&quot;ass1k&quot;,&quot;text&quot;:&quot;2pm \u2013 Wave to the Vila Real de Santo Antonio chameleons&quot;,&quot;type&quot;:&quot;unstyled&quot;,&quot;depth&quot;:0,&quot;inlineStyleRanges&quot;:[{&quot;offset&quot;:0,&quot;length&quot;:55,&quot;style&quot;:&quot;BOLD&quot;},{&quot;offset&quot;:0,&quot;length&quot;:4,&quot;style&quot;:&quot;18&quot;}],&quot;entityRanges&quot;:[],&quot;data&quot;:{&quot;textAlignment&quot;:&quot;justify&quot;}}],&quot;entityMap&quot;:{}}\"><strong><span style=\"color: #bfa800;\">The forest that connects Vila Real de Santo Antonio to Monte Gordo<\/span><\/strong> marks the last stage of your weekend in the Algarve. Either <span style=\"color: #bfa800;\"><strong>on foot or by bike<\/strong><\/span>, follow the shade of the pines through the coastal dunes planted with aromatic grasses that are home to the chameleons. At this point you\u2019ll have to find a very good reason to make the return trip home.<\/p><p data-draftjs-conductor-fragment=\"{&quot;blocks&quot;:[{&quot;key&quot;:&quot;ass1k&quot;,&quot;text&quot;:&quot;2pm \u2013 Wave to the Vila Real de Santo Antonio chameleons&quot;,&quot;type&quot;:&quot;unstyled&quot;,&quot;depth&quot;:0,&quot;inlineStyleRanges&quot;:[{&quot;offset&quot;:0,&quot;length&quot;:55,&quot;style&quot;:&quot;BOLD&quot;},{&quot;offset&quot;:0,&quot;length&quot;:4,&quot;style&quot;:&quot;18&quot;}],&quot;entityRanges&quot;:[],&quot;data&quot;:{&quot;textAlignment&quot;:&quot;justify&quot;}}],&quot;entityMap&quot;:{}}\">\u00a0<\/p><\/div><\/div><\/div><\/div><\/div>\t\t\t\t\t\t\t\t<\/div>\n\t\t\t\t<\/div>\n\t\t\t\t<div class=\"elementor-element elementor-element-7863fb2 elementor-widget elementor-widget-heading\" data-id=\"7863fb2\" data-element_type=\"widget\" data-e-type=\"widget\" data-widget_type=\"heading.default\">\n\t\t\t\t<div class=\"elementor-widget-container\">\n\t\t\t\t\t<h3 class=\"elementor-heading-title elementor-size-default\">Your Hotel : The Grand House<\/h3>\t\t\t\t<\/div>\n\t\t\t\t<\/div>\n\t\t\t\t<div class=\"elementor-element elementor-element-af5f5fe elementor-widget elementor-widget-text-editor\" data-id=\"af5f5fe\" data-element_type=\"widget\" data-e-type=\"widget\" data-widget_type=\"text-editor.default\">\n\t\t\t\t<div class=\"elementor-widget-container\">\n\t\t\t\t\t\t\t\t\t<div data-draftjs-conductor-fragment=\"{&quot;blocks&quot;:[{&quot;key&quot;:&quot;c1opv&quot;,&quot;text&quot;:&quot;14h00 \u2013 Saluer les cam\u00e9l\u00e9ons de Vila Real de Santo Antonio&quot;,&quot;type&quot;:&quot;unstyled&quot;,&quot;depth&quot;:0,&quot;inlineStyleRanges&quot;:[{&quot;offset&quot;:0,&quot;length&quot;:5,&quot;style&quot;:&quot;BOLD&quot;},{&quot;offset&quot;:6,&quot;length&quot;:52,&quot;style&quot;:&quot;BOLD&quot;},{&quot;offset&quot;:0,&quot;length&quot;:5,&quot;style&quot;:&quot;18&quot;}],&quot;entityRanges&quot;:[],&quot;data&quot;:{&quot;textAlignment&quot;:&quot;justify&quot;}},{&quot;key&quot;:&quot;74ooc&quot;,&quot;text&quot;:&quot;La for\u00eat qui relie Vila Real de Santo Antonio et Monte Gordo marque la derni\u00e8re \u00e9tape de votre week-end en Algarve. A pieds ou \u00e0 v\u00e9lo, vous suivez l\u2019ombre des pins \u00e0 travers les dunes littorales plant\u00e9es d\u2019herbes aromatiques o\u00f9 les cam\u00e9l\u00e9ons ont \u00e9lu domicile. C\u2019est \u00e0 ce moment qu\u2019il nous faut trouver de bonnes raisons pour reprendre le chemin du retour\u2026&quot;,&quot;type&quot;:&quot;unstyled&quot;,&quot;depth&quot;:0,&quot;inlineStyleRanges&quot;:[{&quot;offset&quot;:0,&quot;length&quot;:355,&quot;style&quot;:&quot;ITALIC&quot;}],&quot;entityRanges&quot;:[],&quot;data&quot;:{&quot;textAlignment&quot;:&quot;justify&quot;}}],&quot;entityMap&quot;:{}}\"><div data-block=\"true\" data-editor=\"editor\" data-offset-key=\"u3v6a-0-0\"><p style=\"text-align: justify;\" data-offset-key=\"u3v6a-0-0\">The Grand House opened its doors in January 2019, but its history goes back much further. In 1926, the building was the point of passage for the merchants who bought, sold and exported canned fish in the 27 canning factories of Vila Real de Santo Ant\u00f3nio, which was then one of the most prosperous cities in the Algarve and known as Little Lisbon thanks to its Pombaline-style city plan.<\/p><\/div><\/div>\t\t\t\t\t\t\t\t<\/div>\n\t\t\t\t<\/div>\n\t\t\t\t<div class=\"elementor-element elementor-element-3811510 elementor-widget elementor-widget-image\" data-id=\"3811510\" data-element_type=\"widget\" data-e-type=\"widget\" data-widget_type=\"image.default\">\n\t\t\t\t<div class=\"elementor-widget-container\">\n\t\t\t\t\t\t\t\t\t\t\t\t\t\t\t<img decoding=\"async\" src=\"https:\/\/lookingforcharly.com\/wp-content\/uploads\/2019\/09\/Medium-Cover-128The-Grand-House-Algarve-Portugl.jpg\" title=\"Medium-Cover-128The Grand House Algarve Portugl\" alt=\"Medium-Cover-128The Grand House Algarve Portugl\" loading=\"lazy\" \/>\t\t\t\t\t\t\t\t\t\t\t\t\t\t\t<\/div>\n\t\t\t\t<\/div>\n\t\t\t\t<div class=\"elementor-element elementor-element-5be740c elementor-widget elementor-widget-text-editor\" data-id=\"5be740c\" data-element_type=\"widget\" data-e-type=\"widget\" data-widget_type=\"text-editor.default\">\n\t\t\t\t<div class=\"elementor-widget-container\">\n\t\t\t\t\t\t\t\t\t<div><div><div><div><p style=\"text-align: justify;\"><strong>Location :<\/strong> The hotel is located at the heart of Vila Real Santo Ant\u00f3nio on its main street looking over the Gardena River which separates Portugal from Spain (a small ferry provides transport between the two banks). The main square with its church, shops and caf\u00e9s is located just behind the hotel. San Ant\u00f3nio beach is just a few minutes away by car and the neighboring town Castro Marim is worth a visit to see its medieval castle and impressive salt pans. Seville is 90 minutes away by car and Faro airport is 40 minutes away.<\/p><p style=\"text-align: justify;\"><strong>Style &amp; character :<\/strong> Swiss architect Ernesto Korrodi fully renovated the building to return it to its original form. A talented local company White &amp; Kaki created the interiors. The focus on the glamour of the golden years was achieved through a mix of antiques, colonial design, nautical colours in the public areas and softer colours in the rooms. The old prints, white orchids, panelling and stuccos are flooded with natural light.<\/p><div><div><div><div><p style=\"text-align: justify;\"><strong>Services &amp; activities :<\/strong> friendly and efficient staff. Facilities are limited by the size of the hotel, but every effort is made to provide you with everything you will need. One room serves as a spa, with massages on request. When the Grand Club House opens (end of 2019), there will be a concept store and a private cinema. An impressive list of experiences is offered including horseback riding on a beach in nearby Tavira and an open-air spa in nearby Castro Marim<\/p><p style=\"text-align: justify;\"><strong>Rooms <\/strong>:\u00a0<span data-offset-key=\"m1koa-0-1\">30, decorated in soft peaceful colors. The wooden floorboards are adorned with handwoven rugs and ancient chests of drawers, while antique prints and black and white cards line the walls. Shutters and mullions made by Korrodi open onto terraces. The elegant bathrooms which only have showers (with the exception of one room which has a bath) feature black and white tiling and facilities designed by C.O. Bigelow Apothecaries.<\/span><\/p><\/div><\/div><\/div><\/div><\/div><\/div><\/div><\/div>\t\t\t\t\t\t\t\t<\/div>\n\t\t\t\t<\/div>\n\t\t\t\t<div class=\"elementor-element elementor-element-970c5c4 elementor-widget elementor-widget-image\" data-id=\"970c5c4\" data-element_type=\"widget\" data-e-type=\"widget\" data-widget_type=\"image.default\">\n\t\t\t\t<div class=\"elementor-widget-container\">\n\t\t\t\t\t\t\t\t\t\t\t\t\t\t\t<img decoding=\"async\" src=\"https:\/\/lookingforcharly.com\/wp-content\/uploads\/2019\/09\/Grand-Beach-Club-Dining.jpg\" title=\"Grand-Beach-Club-Dining\" alt=\"Grand-Beach-Club-Dining\" loading=\"lazy\" \/>\t\t\t\t\t\t\t\t\t\t\t\t\t\t\t<\/div>\n\t\t\t\t<\/div>\n\t\t\t\t<div class=\"elementor-element elementor-element-84f924b elementor-widget elementor-widget-text-editor\" data-id=\"84f924b\" data-element_type=\"widget\" data-e-type=\"widget\" data-widget_type=\"text-editor.default\">\n\t\t\t\t<div class=\"elementor-widget-container\">\n\t\t\t\t\t\t\t\t\t<div><div><div><p style=\"text-align: justify;\"><strong>Food &amp; drinks :<\/strong>The Grand Beach Club offers light lunches, from pizzas topped with local figs to salad Ni\u00e7oise with fresh tuna, while the breakfast buffet providing eggs cooked to order is served in the pretty dining room looking over the river. You can find the perfect Negroni or Tom Collins in the bar, and in the summer they can even be enjoyed in the roof-top bar. For dinner, both a tasting menu and an \u00e0 la carte menu are available. Don\u2019t miss the red mullet fillet and the razor shell clams from neighbouring Ria Formosa.<\/p><\/div><\/div><\/div>\t\t\t\t\t\t\t\t<\/div>\n\t\t\t\t<\/div>\n\t\t\t\t<div class=\"elementor-element elementor-element-054e533 elementor-widget elementor-widget-text-editor\" data-id=\"054e533\" data-element_type=\"widget\" data-e-type=\"widget\" data-widget_type=\"text-editor.default\">\n\t\t\t\t<div class=\"elementor-widget-container\">\n\t\t\t\t\t\t\t\t\t<p><img loading=\"lazy\" decoding=\"async\" class=\"aligncenter\" src=\"http:\/\/lookingforcharly.com\/wp-content\/uploads\/2024\/03\/pictocharly-300x278.png\" alt=\"\" width=\"300\" height=\"278\" \/><\/p><p style=\"text-align: center;\"><span style=\"color: #333333;\"><strong>How to get to Vila Real Santo Antonio : <\/strong><\/span><\/p><div data-offset-key=\"z9aco-0-0\">Direct flight from Nice in 2 hrs 25 \/ Direct flight from Paris in 2 hrs 35:<\/div><div data-draftjs-conductor-fragment=\"{&quot;blocks&quot;:[{&quot;key&quot;:&quot;6vbr1&quot;,&quot;text&quot;:&quot;\u200b\u200bEt avec un peu plus de temps :&quot;,&quot;type&quot;:&quot;unstyled&quot;,&quot;depth&quot;:0,&quot;inlineStyleRanges&quot;:[{&quot;offset&quot;:0,&quot;length&quot;:32,&quot;style&quot;:&quot;BOLD&quot;},{&quot;offset&quot;:31,&quot;length&quot;:1,&quot;style&quot;:&quot;ITALIC&quot;}],&quot;entityRanges&quot;:[],&quot;data&quot;:{&quot;textAlignment&quot;:&quot;center&quot;}},{&quot;key&quot;:&quot;ci1ja&quot;,&quot;text&quot;:&quot; &quot;,&quot;type&quot;:&quot;unstyled&quot;,&quot;depth&quot;:0,&quot;inlineStyleRanges&quot;:[],&quot;entityRanges&quot;:[],&quot;data&quot;:{&quot;textAlignment&quot;:&quot;center&quot;}},{&quot;key&quot;:&quot;83ibo&quot;,&quot;text&quot;:&quot;- Toucher du doigt la pointe du Finist\u00e8re portugais au Cap Saint-Vincent, &quot;,&quot;type&quot;:&quot;unstyled&quot;,&quot;depth&quot;:0,&quot;inlineStyleRanges&quot;:[{&quot;offset&quot;:0,&quot;length&quot;:74,&quot;style&quot;:&quot;ITALIC&quot;}],&quot;entityRanges&quot;:[],&quot;data&quot;:{&quot;textAlignment&quot;:&quot;center&quot;}},{&quot;key&quot;:&quot;8i13v&quot;,&quot;text&quot;:&quot;- Revisiter l\u2019histoire des conqu\u00eates maures au ch\u00e2teau de Silves, &quot;,&quot;type&quot;:&quot;unstyled&quot;,&quot;depth&quot;:0,&quot;inlineStyleRanges&quot;:[{&quot;offset&quot;:0,&quot;length&quot;:66,&quot;style&quot;:&quot;ITALIC&quot;}],&quot;entityRanges&quot;:[],&quot;data&quot;:{&quot;textAlignment&quot;:&quot;center&quot;}},{&quot;key&quot;:&quot;an2e7&quot;,&quot;text&quot;:&quot;- Voir l\u2019Algarve c\u00f4t\u00e9 green sur les meilleurs terrains de golf du Portugal,&quot;,&quot;type&quot;:&quot;unstyled&quot;,&quot;depth&quot;:0,&quot;inlineStyleRanges&quot;:[{&quot;offset&quot;:0,&quot;length&quot;:75,&quot;style&quot;:&quot;ITALIC&quot;}],&quot;entityRanges&quot;:[],&quot;data&quot;:{&quot;textAlignment&quot;:&quot;center&quot;}},{&quot;key&quot;:&quot;2hijm&quot;,&quot;text&quot;:&quot;- Se perdre dans la vielle ville enchanteresse de Faro,&quot;,&quot;type&quot;:&quot;unstyled&quot;,&quot;depth&quot;:0,&quot;inlineStyleRanges&quot;:[{&quot;offset&quot;:0,&quot;length&quot;:55,&quot;style&quot;:&quot;ITALIC&quot;}],&quot;entityRanges&quot;:[],&quot;data&quot;:{&quot;textAlignment&quot;:&quot;center&quot;}},{&quot;key&quot;:&quot;1saqr&quot;,&quot;text&quot;:&quot;- Prendre de la hauteur sur la Sierra de Monchique,&quot;,&quot;type&quot;:&quot;unstyled&quot;,&quot;depth&quot;:0,&quot;inlineStyleRanges&quot;:[{&quot;offset&quot;:0,&quot;length&quot;:51,&quot;style&quot;:&quot;ITALIC&quot;}],&quot;entityRanges&quot;:[],&quot;data&quot;:{&quot;textAlignment&quot;:&quot;center&quot;}},{&quot;key&quot;:&quot;bul1v&quot;,&quot;text&quot;:&quot;- Revisiter les grandes exp\u00e9ditions maritimes des XV\u00e8me et XVI\u00e8me si\u00e8cle \u00e0 Lagos,&quot;,&quot;type&quot;:&quot;unstyled&quot;,&quot;depth&quot;:0,&quot;inlineStyleRanges&quot;:[{&quot;offset&quot;:0,&quot;length&quot;:81,&quot;style&quot;:&quot;ITALIC&quot;}],&quot;entityRanges&quot;:[],&quot;data&quot;:{&quot;textAlignment&quot;:&quot;center&quot;}},{&quot;key&quot;:&quot;7db9v&quot;,&quot;text&quot;:&quot;- Abreuver sa r\u00e9tine de turquoise et d\u2019ocre sur les falaises de Ponta de Piedade, &quot;,&quot;type&quot;:&quot;unstyled&quot;,&quot;depth&quot;:0,&quot;inlineStyleRanges&quot;:[{&quot;offset&quot;:0,&quot;length&quot;:82,&quot;style&quot;:&quot;ITALIC&quot;}],&quot;entityRanges&quot;:[],&quot;data&quot;:{&quot;textAlignment&quot;:&quot;center&quot;}},{&quot;key&quot;:&quot;8ifkm&quot;,&quot;text&quot;:&quot;- Et pourquoi pas une vir\u00e9e dans les villages de blancs de l\u2019Andalousie situ\u00e9s \u00e0 quelques pas de l\u00e0 ? &quot;,&quot;type&quot;:&quot;unstyled&quot;,&quot;depth&quot;:0,&quot;inlineStyleRanges&quot;:[{&quot;offset&quot;:0,&quot;length&quot;:102,&quot;style&quot;:&quot;ITALIC&quot;}],&quot;entityRanges&quot;:[],&quot;data&quot;:{&quot;textAlignment&quot;:&quot;center&quot;}}],&quot;entityMap&quot;:{}}\"><p style=\"text-align: center;\" data-offset-key=\"m86s4-0-0\">\u00a0<\/p><p style=\"text-align: center;\" data-offset-key=\"m86s4-0-0\"><span style=\"color: #333333;\"><strong>If you have a bit more time :<\/strong><\/span><\/p><p style=\"text-align: center;\" data-offset-key=\"m86s4-0-0\">Touch the very tip of the Portuguese Finist\u00e8re at cabo de S\u00e3o Vicente.<\/p><p style=\"text-align: center;\" data-offset-key=\"m86s4-0-0\">Relive the history of the Moor conquests at Silves Castle,<\/p><p style=\"text-align: center;\" data-offset-key=\"m86s4-0-0\">See the green side of the Algarve at Portugal\u2019s best golf courses,<\/p><p style=\"text-align: center;\" data-offset-key=\"m86s4-0-0\">Get lost in Faro\u2019s enchanting old town,- Reach for the sky in the Serra de Monchique mountain range,<\/p><p style=\"text-align: center;\" data-offset-key=\"m86s4-0-0\">Revisit the great sea voyages of the 15th and 16th centuries in Lagos,<\/p><p style=\"text-align: center;\" data-offset-key=\"m86s4-0-0\">Drink in the turquoise and ochre of the Ponta da Piedade cliffs,<\/p><p style=\"text-align: center;\" data-offset-key=\"m86s4-0-0\">And why not take a trip to the White Villages of Andalusia that are only a stone\u2019s throw away ?<\/p><\/div>\t\t\t\t\t\t\t\t<\/div>\n\t\t\t\t<\/div>\n\t\t\t\t<div class=\"elementor-element elementor-element-44ae7a0 elementor-widget-divider--view-line elementor-widget elementor-widget-divider\" data-id=\"44ae7a0\" data-element_type=\"widget\" data-e-type=\"widget\" data-widget_type=\"divider.default\">\n\t\t\t\t<div class=\"elementor-widget-container\">\n\t\t\t\t\t\t\t<div class=\"elementor-divider\">\n\t\t\t<span class=\"elementor-divider-separator\">\n\t\t\t\t\t\t<\/span>\n\t\t<\/div>\n\t\t\t\t\t\t<\/div>\n\t\t\t\t<\/div>\n\t\t\t\t\t<\/div>\n\t\t\t\t<\/div>\n\t\t<div class=\"elementor-element elementor-element-957feb5 e-flex e-con-boxed e-con e-parent\" data-id=\"957feb5\" data-element_type=\"container\" data-e-type=\"container\">\n\t\t\t\t\t<div class=\"e-con-inner\">\n\t\t<div class=\"elementor-element elementor-element-3528335 e-con-full e-flex e-con e-child\" data-id=\"3528335\" data-element_type=\"container\" data-e-type=\"container\">\n\t\t\t\t<div class=\"elementor-element elementor-element-a9a8e01 elementor-widget elementor-widget-heading\" data-id=\"a9a8e01\" data-element_type=\"widget\" data-e-type=\"widget\" data-widget_type=\"heading.default\">\n\t\t\t\t<div class=\"elementor-widget-container\">\n\t\t\t\t\t<h3 class=\"elementor-heading-title elementor-size-default\">Vous aimerez aussi...<\/h3>\t\t\t\t<\/div>\n\t\t\t\t<\/div>\n\t\t\t\t<\/div>\n\t\t\t\t\t<\/div>\n\t\t\t\t<\/div>\n\t\t\t\t<\/div>\n\t\t","protected":false},"excerpt":{"rendered":"<p>The perfect spot to welcome the soft breeze of an Indian summer. The Algarve reveals another, rather different, face with a soft yet bright color palette. Far from the seaside towns and the mass-market tourist resorts beats the heart of an Algarve that is generous&#8230;<\/p>\n","protected":false},"author":3,"featured_media":5566,"comment_status":"closed","ping_status":"open","sticky":false,"template":"","format":"standard","meta":{"footnotes":""},"categories":[55],"tags":[],"class_list":["post-4665","post","type-post","status-publish","format-standard","has-post-thumbnail","hentry","category-europe-en"],"yoast_head":"<!-- This site is optimized with the Yoast SEO plugin v27.1.1 - https:\/\/yoast.com\/product\/yoast-seo-wordpress\/ -->\n<title>72 hours in the Algarve<\/title>\n<meta name=\"description\" content=\"The perfect spot to welcome the soft breeze of an Indian summer. The Algarve reveals another, rather different, face with a soft yet bright color palette...\" \/>\n<meta name=\"robots\" content=\"index, follow, max-snippet:-1, max-image-preview:large, max-video-preview:-1\" \/>\n<link rel=\"canonical\" href=\"https:\/\/lookingforcharly.com\/en\/72-hours-in-the-algarve\/\" \/>\n<meta property=\"og:locale\" content=\"en_US\" \/>\n<meta property=\"og:type\" content=\"article\" \/>\n<meta property=\"og:title\" content=\"72 hours in the Algarve\" \/>\n<meta property=\"og:description\" content=\"The perfect spot to welcome the soft breeze of an Indian summer. The Algarve reveals another, rather different, face with a soft yet bright color palette...\" \/>\n<meta property=\"og:url\" content=\"https:\/\/lookingforcharly.com\/en\/72-hours-in-the-algarve\/\" \/>\n<meta property=\"og:site_name\" content=\"Looking For Charly\" \/>\n<meta property=\"article:publisher\" content=\"https:\/\/www.facebook.com\/lookingforcharly\" \/>\n<meta property=\"article:published_time\" content=\"2019-09-01T12:15:00+00:00\" \/>\n<meta property=\"article:modified_time\" content=\"2024-06-20T13:52:06+00:00\" \/>\n<meta property=\"og:image\" content=\"http:\/\/lookingforcharly.com\/wp-content\/uploads\/2024\/06\/Algarve-Portugual-1024x767.jpg\" \/>\n<meta name=\"author\" content=\"Daphne\" \/>\n<meta name=\"twitter:card\" content=\"summary_large_image\" \/>\n<meta name=\"twitter:label1\" content=\"Written by\" \/>\n\t<meta name=\"twitter:data1\" content=\"Daphne\" \/>\n\t<meta name=\"twitter:label2\" content=\"Est. reading time\" \/>\n\t<meta name=\"twitter:data2\" content=\"11 minutes\" \/>\n<script type=\"application\/ld+json\" class=\"yoast-schema-graph\">{\"@context\":\"https:\/\/schema.org\",\"@graph\":[{\"@type\":\"Article\",\"@id\":\"https:\/\/lookingforcharly.com\/en\/72-hours-in-the-algarve\/#article\",\"isPartOf\":{\"@id\":\"https:\/\/lookingforcharly.com\/en\/72-hours-in-the-algarve\/\"},\"author\":{\"name\":\"Daphne\",\"@id\":\"https:\/\/lookingforcharly.com\/en\/#\/schema\/person\/7fb1ea89bf2ffa5783a7f11778422101\"},\"headline\":\"72 hours in the Algarve\",\"datePublished\":\"2019-09-01T12:15:00+00:00\",\"dateModified\":\"2024-06-20T13:52:06+00:00\",\"mainEntityOfPage\":{\"@id\":\"https:\/\/lookingforcharly.com\/en\/72-hours-in-the-algarve\/\"},\"wordCount\":1738,\"publisher\":{\"@id\":\"https:\/\/lookingforcharly.com\/en\/#organization\"},\"image\":{\"@id\":\"https:\/\/lookingforcharly.com\/en\/72-hours-in-the-algarve\/#primaryimage\"},\"thumbnailUrl\":\"https:\/\/lookingforcharly.com\/wp-content\/uploads\/2019\/09\/mo-iCLntXD2XIk-unsplash-1.jpg\",\"articleSection\":[\"Europe\"],\"inLanguage\":\"en-US\"},{\"@type\":\"WebPage\",\"@id\":\"https:\/\/lookingforcharly.com\/en\/72-hours-in-the-algarve\/\",\"url\":\"https:\/\/lookingforcharly.com\/en\/72-hours-in-the-algarve\/\",\"name\":\"72 hours in the Algarve\",\"isPartOf\":{\"@id\":\"https:\/\/lookingforcharly.com\/en\/#website\"},\"primaryImageOfPage\":{\"@id\":\"https:\/\/lookingforcharly.com\/en\/72-hours-in-the-algarve\/#primaryimage\"},\"image\":{\"@id\":\"https:\/\/lookingforcharly.com\/en\/72-hours-in-the-algarve\/#primaryimage\"},\"thumbnailUrl\":\"https:\/\/lookingforcharly.com\/wp-content\/uploads\/2019\/09\/mo-iCLntXD2XIk-unsplash-1.jpg\",\"datePublished\":\"2019-09-01T12:15:00+00:00\",\"dateModified\":\"2024-06-20T13:52:06+00:00\",\"description\":\"The perfect spot to welcome the soft breeze of an Indian summer. The Algarve reveals another, rather different, face with a soft yet bright color palette...\",\"breadcrumb\":{\"@id\":\"https:\/\/lookingforcharly.com\/en\/72-hours-in-the-algarve\/#breadcrumb\"},\"inLanguage\":\"en-US\",\"potentialAction\":[{\"@type\":\"ReadAction\",\"target\":[\"https:\/\/lookingforcharly.com\/en\/72-hours-in-the-algarve\/\"]}]},{\"@type\":\"ImageObject\",\"inLanguage\":\"en-US\",\"@id\":\"https:\/\/lookingforcharly.com\/en\/72-hours-in-the-algarve\/#primaryimage\",\"url\":\"https:\/\/lookingforcharly.com\/wp-content\/uploads\/2019\/09\/mo-iCLntXD2XIk-unsplash-1.jpg\",\"contentUrl\":\"https:\/\/lookingforcharly.com\/wp-content\/uploads\/2019\/09\/mo-iCLntXD2XIk-unsplash-1.jpg\",\"width\":1920,\"height\":1078,\"caption\":\"Une Belle Adresse pour accueillir dans un vent de douceur, l\u2019\u00e9t\u00e9 indien. Un autre visage de l\u2019Algarve se d\u00e9voile \u00e0 contre-courant dans un nuancier doux et lumineux.\"},{\"@type\":\"BreadcrumbList\",\"@id\":\"https:\/\/lookingforcharly.com\/en\/72-hours-in-the-algarve\/#breadcrumb\",\"itemListElement\":[{\"@type\":\"ListItem\",\"position\":1,\"name\":\"Accueil\",\"item\":\"https:\/\/lookingforcharly.com\/en\/\"},{\"@type\":\"ListItem\",\"position\":2,\"name\":\"Europe\",\"item\":\"https:\/\/lookingforcharly.com\/en\/europe-en\/\"},{\"@type\":\"ListItem\",\"position\":3,\"name\":\"72 hours in the Algarve\"}]},{\"@type\":\"WebSite\",\"@id\":\"https:\/\/lookingforcharly.com\/en\/#website\",\"url\":\"https:\/\/lookingforcharly.com\/en\/\",\"name\":\"Looking For Charly\",\"description\":\"Exp\u00e9riences autour du monde\",\"publisher\":{\"@id\":\"https:\/\/lookingforcharly.com\/en\/#organization\"},\"potentialAction\":[{\"@type\":\"SearchAction\",\"target\":{\"@type\":\"EntryPoint\",\"urlTemplate\":\"https:\/\/lookingforcharly.com\/en\/?s={search_term_string}\"},\"query-input\":{\"@type\":\"PropertyValueSpecification\",\"valueRequired\":true,\"valueName\":\"search_term_string\"}}],\"inLanguage\":\"en-US\"},{\"@type\":\"Organization\",\"@id\":\"https:\/\/lookingforcharly.com\/en\/#organization\",\"name\":\"Looking For Charly\",\"alternateName\":\"L4C\",\"url\":\"https:\/\/lookingforcharly.com\/en\/\",\"logo\":{\"@type\":\"ImageObject\",\"inLanguage\":\"en-US\",\"@id\":\"https:\/\/lookingforcharly.com\/en\/#\/schema\/logo\/image\/\",\"url\":\"https:\/\/lookingforcharly.com\/wp-content\/uploads\/2024\/03\/cropped-cropped-Logo-Looking-for-Charly.png\",\"contentUrl\":\"https:\/\/lookingforcharly.com\/wp-content\/uploads\/2024\/03\/cropped-cropped-Logo-Looking-for-Charly.png\",\"width\":512,\"height\":512,\"caption\":\"Looking For Charly\"},\"image\":{\"@id\":\"https:\/\/lookingforcharly.com\/en\/#\/schema\/logo\/image\/\"},\"sameAs\":[\"https:\/\/www.facebook.com\/lookingforcharly\",\"https:\/\/www.instagram.com\/lookingforcharly\/\",\"https:\/\/www.linkedin.com\/company\/looking-for-charly\/\"]},{\"@type\":\"Person\",\"@id\":\"https:\/\/lookingforcharly.com\/en\/#\/schema\/person\/7fb1ea89bf2ffa5783a7f11778422101\",\"name\":\"Daphne\",\"image\":{\"@type\":\"ImageObject\",\"inLanguage\":\"en-US\",\"@id\":\"https:\/\/lookingforcharly.com\/en\/#\/schema\/person\/image\/\",\"url\":\"https:\/\/secure.gravatar.com\/avatar\/2ca706e3f813d28833c317a19f4cba15b3da298a104b03edf59c6cb7f563cfc5?s=96&d=mm&r=g\",\"contentUrl\":\"https:\/\/secure.gravatar.com\/avatar\/2ca706e3f813d28833c317a19f4cba15b3da298a104b03edf59c6cb7f563cfc5?s=96&d=mm&r=g\",\"caption\":\"Daphne\"},\"url\":\"https:\/\/lookingforcharly.com\/en\/author\/daphne\/\"}]}<\/script>\n<!-- \/ Yoast SEO plugin. -->","yoast_head_json":{"title":"72 hours in the Algarve","description":"The perfect spot to welcome the soft breeze of an Indian summer. The Algarve reveals another, rather different, face with a soft yet bright color palette...","robots":{"index":"index","follow":"follow","max-snippet":"max-snippet:-1","max-image-preview":"max-image-preview:large","max-video-preview":"max-video-preview:-1"},"canonical":"https:\/\/lookingforcharly.com\/en\/72-hours-in-the-algarve\/","og_locale":"en_US","og_type":"article","og_title":"72 hours in the Algarve","og_description":"The perfect spot to welcome the soft breeze of an Indian summer. The Algarve reveals another, rather different, face with a soft yet bright color palette...","og_url":"https:\/\/lookingforcharly.com\/en\/72-hours-in-the-algarve\/","og_site_name":"Looking For Charly","article_publisher":"https:\/\/www.facebook.com\/lookingforcharly","article_published_time":"2019-09-01T12:15:00+00:00","article_modified_time":"2024-06-20T13:52:06+00:00","og_image":[{"url":"http:\/\/lookingforcharly.com\/wp-content\/uploads\/2024\/06\/Algarve-Portugual-1024x767.jpg","type":"","width":"","height":""}],"author":"Daphne","twitter_card":"summary_large_image","twitter_misc":{"Written by":"Daphne","Est. reading time":"11 minutes"},"schema":{"@context":"https:\/\/schema.org","@graph":[{"@type":"Article","@id":"https:\/\/lookingforcharly.com\/en\/72-hours-in-the-algarve\/#article","isPartOf":{"@id":"https:\/\/lookingforcharly.com\/en\/72-hours-in-the-algarve\/"},"author":{"name":"Daphne","@id":"https:\/\/lookingforcharly.com\/en\/#\/schema\/person\/7fb1ea89bf2ffa5783a7f11778422101"},"headline":"72 hours in the Algarve","datePublished":"2019-09-01T12:15:00+00:00","dateModified":"2024-06-20T13:52:06+00:00","mainEntityOfPage":{"@id":"https:\/\/lookingforcharly.com\/en\/72-hours-in-the-algarve\/"},"wordCount":1738,"publisher":{"@id":"https:\/\/lookingforcharly.com\/en\/#organization"},"image":{"@id":"https:\/\/lookingforcharly.com\/en\/72-hours-in-the-algarve\/#primaryimage"},"thumbnailUrl":"https:\/\/lookingforcharly.com\/wp-content\/uploads\/2019\/09\/mo-iCLntXD2XIk-unsplash-1.jpg","articleSection":["Europe"],"inLanguage":"en-US"},{"@type":"WebPage","@id":"https:\/\/lookingforcharly.com\/en\/72-hours-in-the-algarve\/","url":"https:\/\/lookingforcharly.com\/en\/72-hours-in-the-algarve\/","name":"72 hours in the Algarve","isPartOf":{"@id":"https:\/\/lookingforcharly.com\/en\/#website"},"primaryImageOfPage":{"@id":"https:\/\/lookingforcharly.com\/en\/72-hours-in-the-algarve\/#primaryimage"},"image":{"@id":"https:\/\/lookingforcharly.com\/en\/72-hours-in-the-algarve\/#primaryimage"},"thumbnailUrl":"https:\/\/lookingforcharly.com\/wp-content\/uploads\/2019\/09\/mo-iCLntXD2XIk-unsplash-1.jpg","datePublished":"2019-09-01T12:15:00+00:00","dateModified":"2024-06-20T13:52:06+00:00","description":"The perfect spot to welcome the soft breeze of an Indian summer. The Algarve reveals another, rather different, face with a soft yet bright color palette...","breadcrumb":{"@id":"https:\/\/lookingforcharly.com\/en\/72-hours-in-the-algarve\/#breadcrumb"},"inLanguage":"en-US","potentialAction":[{"@type":"ReadAction","target":["https:\/\/lookingforcharly.com\/en\/72-hours-in-the-algarve\/"]}]},{"@type":"ImageObject","inLanguage":"en-US","@id":"https:\/\/lookingforcharly.com\/en\/72-hours-in-the-algarve\/#primaryimage","url":"https:\/\/lookingforcharly.com\/wp-content\/uploads\/2019\/09\/mo-iCLntXD2XIk-unsplash-1.jpg","contentUrl":"https:\/\/lookingforcharly.com\/wp-content\/uploads\/2019\/09\/mo-iCLntXD2XIk-unsplash-1.jpg","width":1920,"height":1078,"caption":"Une Belle Adresse pour accueillir dans un vent de douceur, l\u2019\u00e9t\u00e9 indien. Un autre visage de l\u2019Algarve se d\u00e9voile \u00e0 contre-courant dans un nuancier doux et lumineux."},{"@type":"BreadcrumbList","@id":"https:\/\/lookingforcharly.com\/en\/72-hours-in-the-algarve\/#breadcrumb","itemListElement":[{"@type":"ListItem","position":1,"name":"Accueil","item":"https:\/\/lookingforcharly.com\/en\/"},{"@type":"ListItem","position":2,"name":"Europe","item":"https:\/\/lookingforcharly.com\/en\/europe-en\/"},{"@type":"ListItem","position":3,"name":"72 hours in the Algarve"}]},{"@type":"WebSite","@id":"https:\/\/lookingforcharly.com\/en\/#website","url":"https:\/\/lookingforcharly.com\/en\/","name":"Looking For Charly","description":"Exp\u00e9riences autour du monde","publisher":{"@id":"https:\/\/lookingforcharly.com\/en\/#organization"},"potentialAction":[{"@type":"SearchAction","target":{"@type":"EntryPoint","urlTemplate":"https:\/\/lookingforcharly.com\/en\/?s={search_term_string}"},"query-input":{"@type":"PropertyValueSpecification","valueRequired":true,"valueName":"search_term_string"}}],"inLanguage":"en-US"},{"@type":"Organization","@id":"https:\/\/lookingforcharly.com\/en\/#organization","name":"Looking For Charly","alternateName":"L4C","url":"https:\/\/lookingforcharly.com\/en\/","logo":{"@type":"ImageObject","inLanguage":"en-US","@id":"https:\/\/lookingforcharly.com\/en\/#\/schema\/logo\/image\/","url":"https:\/\/lookingforcharly.com\/wp-content\/uploads\/2024\/03\/cropped-cropped-Logo-Looking-for-Charly.png","contentUrl":"https:\/\/lookingforcharly.com\/wp-content\/uploads\/2024\/03\/cropped-cropped-Logo-Looking-for-Charly.png","width":512,"height":512,"caption":"Looking For Charly"},"image":{"@id":"https:\/\/lookingforcharly.com\/en\/#\/schema\/logo\/image\/"},"sameAs":["https:\/\/www.facebook.com\/lookingforcharly","https:\/\/www.instagram.com\/lookingforcharly\/","https:\/\/www.linkedin.com\/company\/looking-for-charly\/"]},{"@type":"Person","@id":"https:\/\/lookingforcharly.com\/en\/#\/schema\/person\/7fb1ea89bf2ffa5783a7f11778422101","name":"Daphne","image":{"@type":"ImageObject","inLanguage":"en-US","@id":"https:\/\/lookingforcharly.com\/en\/#\/schema\/person\/image\/","url":"https:\/\/secure.gravatar.com\/avatar\/2ca706e3f813d28833c317a19f4cba15b3da298a104b03edf59c6cb7f563cfc5?s=96&d=mm&r=g","contentUrl":"https:\/\/secure.gravatar.com\/avatar\/2ca706e3f813d28833c317a19f4cba15b3da298a104b03edf59c6cb7f563cfc5?s=96&d=mm&r=g","caption":"Daphne"},"url":"https:\/\/lookingforcharly.com\/en\/author\/daphne\/"}]}},"_links":{"self":[{"href":"https:\/\/lookingforcharly.com\/en\/wp-json\/wp\/v2\/posts\/4665","targetHints":{"allow":["GET"]}}],"collection":[{"href":"https:\/\/lookingforcharly.com\/en\/wp-json\/wp\/v2\/posts"}],"about":[{"href":"https:\/\/lookingforcharly.com\/en\/wp-json\/wp\/v2\/types\/post"}],"author":[{"embeddable":true,"href":"https:\/\/lookingforcharly.com\/en\/wp-json\/wp\/v2\/users\/3"}],"replies":[{"embeddable":true,"href":"https:\/\/lookingforcharly.com\/en\/wp-json\/wp\/v2\/comments?post=4665"}],"version-history":[{"count":0,"href":"https:\/\/lookingforcharly.com\/en\/wp-json\/wp\/v2\/posts\/4665\/revisions"}],"wp:featuredmedia":[{"embeddable":true,"href":"https:\/\/lookingforcharly.com\/en\/wp-json\/wp\/v2\/media\/5566"}],"wp:attachment":[{"href":"https:\/\/lookingforcharly.com\/en\/wp-json\/wp\/v2\/media?parent=4665"}],"wp:term":[{"taxonomy":"category","embeddable":true,"href":"https:\/\/lookingforcharly.com\/en\/wp-json\/wp\/v2\/categories?post=4665"},{"taxonomy":"post_tag","embeddable":true,"href":"https:\/\/lookingforcharly.com\/en\/wp-json\/wp\/v2\/tags?post=4665"}],"curies":[{"name":"wp","href":"https:\/\/api.w.org\/{rel}","templated":true}]}}